{"id":217853,"date":"2016-07-29T16:13:11","date_gmt":"2016-07-29T16:13:11","guid":{"rendered":"http:\/\/diariodominicano.ddns.net\/?p=217853"},"modified":"2016-07-29T16:13:11","modified_gmt":"2016-07-29T16:13:11","slug":"piden-intervencion-del-gobierno-en-conflicto-electrico-de-las-terrenas","status":"publish","type":"post","link":"https:\/\/diariodominicano.com\/?p=217853","title":{"rendered":"Piden intervenci\u00f3n del Gobierno en conflicto el\u00e9ctrico de Las Terrenas"},"content":{"rendered":"<p><body><\/p>\n<p><img decoding=\"async\" src=\"img3\/6806f207-087d-4f83-9599-c6f5c4db55b8.jpg\" \/>  <\/p>\n<p><strong><span class=\"text1noticias\">Saman\u00e1, R.D., 29 de julio.- <\/span><\/strong><span class=\"text1noticias\">El Cluster Tur\u00edstico de Saman\u00e1 solicit\u00f3 al Gobierno una urgente atenci\u00f3n a la problem\u00e1tica el\u00e9ctrica de Las Terrenas y afirm\u00f3 que la inestabilidad del servicio y los incidentes callejeros relacionados con el conflicto afectan la paz social y el clima necesario para la inversi\u00f3n y el desarrollo tur\u00edstico.<\/span><\/p>\n<\/p>\n<p><span class=\"text1noticias\">\u00abNo podemos permitir que se prolongue por m\u00e1s tiempo esta situaci\u00f3n, que adem\u00e1s de crear un ambiente de perturbaci\u00f3n social, afecta directamente la operaci\u00f3n hotelera y comercial, provocado m\u00faltiples da\u00f1os al turismo, principal empleador y motor econ\u00f3mico de la zona\u00bb, declar\u00f3 Henry Ulloa, presidente del Cluster Tur\u00edstico de Saman\u00e1.<\/span><\/p>\n<\/p>\n<p><span class=\"text1noticias\">Tras se\u00f1alar que el turismo requiere un servicio el\u00e9ctrico estable y un clima de seguridad para residentes y visitantes, Ulloa dijo confiar que entre todos los actores responsables se procure una soluci\u00f3n razonable y permanente.<\/span><\/p>\n<p><span class=\"text1noticias\">Resalt\u00f3 que el municipio de Las Terrenas se ha caracterizado por una oferta tur\u00edstica inclusiva y  muy completa que permite al turista integrarse a la vida local, disfrutar los diversos atractivos que ofrece la zona  y generar una din\u00e1mica econ\u00f3mica de  impacto en la comunidad.<\/span><\/p>\n<\/p>\n<p><span class=\"text1noticias\">\u00abEste modelo de desarrollo tur\u00edstico ha permitido que los habitantes del Municipio creen ofertas y servicios complementarios para satisfacer la demanda tur\u00edstica\u00bb, apunt\u00f3 Ulloa.  Sostuvo, sin embargo, que los reiterados conflictos relacionados con el problema el\u00e9ctrico est\u00e1n afectando la imagen de ese destino tur\u00edstico, reduciendo su competitividad y frenando las proyecciones de inversi\u00f3n y crecimiento del turismo de la Pen\u00ednsula. <\/span><\/p>\n<\/p>\n<p><span class=\"text1noticias\">Consider\u00f3 imperativo que desde las m\u00e1s altas instancias del Estado se promueva y agilice una soluci\u00f3n para evitar que contin\u00faen sucedi\u00e9ndose este tipo de incidentes, que tanto afectan la paz social y el turismo de Las Terrenas. <\/span><\/p>\n<\/p>\n<p><span class=\"text1noticias\">\u00abDesde el Cl\u00faster Tur\u00edstico de Saman\u00e1 hacemos un llamado a todas las partes: Superintendencia de Electricidad, Distribuidora El\u00e9ctrica, gobierno municipal,  gobernaci\u00f3n provincial, organizaciones de la sociedad civil y la comunidad en general, para que colaboremos entre todos y consigamos arribar a soluciones consensuadas y definitivas\u00bb, expres\u00f3 Henry Ulloa.<\/span><\/p>\n<h6> 2016-07-29 16:13:11 <\/h6>\n<p><!--\n<link rel=\"stylesheet\" href=\"css\/bootstrap.min.css\">\n\n\n<ul class=\"pagination\">\n\t    \n\t\n\n<li >\n\t<a href='?page_no=12332'>Previous<\/a>\n\t<\/li>\n\n\n       \n    \n\n<li><a href='?page_no=1'>1<\/a><\/li>\n\n\n\n<li><a href='?page_no=2'>2<\/a><\/li>\n\n\n\n<li><a>...<\/a><\/li>\n\n\n\n<li><a href='?page_no=12331'>12331<\/a><\/li>\n\n\n\n<li><a href='?page_no=12332'>12332<\/a><\/li>\n\n\n\n<li class='active'><a>12333<\/a><\/li>\n\n\n\n<li><a href='?page_no=12334'>12334<\/a><\/li>\n\n\n\n<li><a href='?page_no=12335'>12335<\/a><\/li>\n\n\n\n<li><a>...<\/a><\/li>\n\n\n\n<li><a href='?page_no=56169'>56169<\/a><\/li>\n\n\n\n<li><a href='?page_no=56170'>56170<\/a><\/li>\n\n    \n\t\n\n<li >\n\t<a href='?page_no=12334'>Next<\/a>\n\t<\/li>\n\n\n    \n\n<li><a href='?page_no=56170'>Last &rsaquo;&rsaquo;<\/a><\/li>\n\n<\/ul>\n\n\n--><br \/>\n<\/body><\/p>\n","protected":false},"excerpt":{"rendered":"<p>Saman\u00e1, R.D., 29 de julio.- El Cluster Tur\u00edstico de Saman\u00e1 solicit\u00f3 al Gobierno una urgente atenci\u00f3n a la problem\u00e1tica el\u00e9ctrica de Las Terrenas y afirm\u00f3 que la inestabilidad del servicio y los incidentes callejeros relacionados con el conflicto afectan la paz social y el clima necesario para la inversi\u00f3n y el desarrollo tur\u00edstico. \u00abNo podemos [&hellip;]<\/p>\n","protected":false},"author":3,"featured_media":0,"comment_status":"open","ping_status":"open","sticky":false,"template":"","format":"standard","meta":{"footnotes":""},"categories":[20],"tags":[],"class_list":["post-217853","post","type-post","status-publish","format-standard","hentry","category-dominicana-hoy"],"_links":{"self":[{"href":"https:\/\/diariodominicano.com\/index.php?rest_route=\/wp\/v2\/posts\/217853","targetHints":{"allow":["GET"]}}],"collection":[{"href":"https:\/\/diariodominicano.com\/index.php?rest_route=\/wp\/v2\/posts"}],"about":[{"href":"https:\/\/diariodominicano.com\/index.php?rest_route=\/wp\/v2\/types\/post"}],"author":[{"embeddable":true,"href":"https:\/\/diariodominicano.com\/index.php?rest_route=\/wp\/v2\/users\/3"}],"replies":[{"embeddable":true,"href":"https:\/\/diariodominicano.com\/index.php?rest_route=%2Fwp%2Fv2%2Fcomments&post=217853"}],"version-history":[{"count":0,"href":"https:\/\/diariodominicano.com\/index.php?rest_route=\/wp\/v2\/posts\/217853\/revisions"}],"wp:attachment":[{"href":"https:\/\/diariodominicano.com\/index.php?rest_route=%2Fwp%2Fv2%2Fmedia&parent=217853"}],"wp:term":[{"taxonomy":"category","embeddable":true,"href":"https:\/\/diariodominicano.com\/index.php?rest_route=%2Fwp%2Fv2%2Fcategories&post=217853"},{"taxonomy":"post_tag","embeddable":true,"href":"https:\/\/diariodominicano.com\/index.php?rest_route=%2Fwp%2Fv2%2Ftags&post=217853"}],"curies":[{"name":"wp","href":"https:\/\/api.w.org\/{rel}","templated":true}]}}