{"id":217851,"date":"2016-07-29T17:00:04","date_gmt":"2016-07-29T17:00:04","guid":{"rendered":"http:\/\/diariodominicano.ddns.net\/?p=217851"},"modified":"2016-07-29T17:00:04","modified_gmt":"2016-07-29T17:00:04","slug":"director-del-indotel-sugiere-crear-ministerio-de-las-telecomunicaciones","status":"publish","type":"post","link":"https:\/\/diariodominicano.com\/?p=217851","title":{"rendered":"Director del Indotel sugiere crear ministerio de las telecomunicaciones"},"content":{"rendered":"<p><body><\/p>\n<p><img decoding=\"async\" src=\"img3\/ec044fd3-ec52-41b0-a615-417f4f99d755.jpg\" \/>  <\/p>\n<p><strong><span class=\"text1noticias\">Santo Domingo, R.D., 29 de julio.-<\/span><\/strong><span class=\"text1noticias\"> El presidente del Instituto Dominicano de las Telecomunicaciones (Indotel), Gede\u00f3n Santos, plante\u00f3 la creaci\u00f3n del Ministerio de la Informaci\u00f3n y la Comunicaci\u00f3n para que la Rep\u00fablica Dominicana d\u00e9 un salto en el desarrollo de las pol\u00edticas  de Tecnolog\u00edas de la Informaci\u00f3n y la Comunicaci\u00f3n (TIC), no se quede rezagada y asuma la vanguardia de la regi\u00f3n en esa materia.<\/span><\/p>\n<\/p>\n<p><span class=\"text1noticias\"> \u00abAnte estos desaf\u00edos que hoy tenemos, con la sinceridad que me caracteriza, yo hoy quiero decir a ustedes que Indotel debe morir\u00bb, expres\u00f3 Gede\u00f3n ante la presencia de ex presidentes del \u00f3rgano regulador, empresarios, profesionales y l\u00edderes del sector.<\/span><\/p>\n<p><span class=\"text1noticias\">Hizo sus se\u00f1alamientos en el acto de designaci\u00f3n del nombre del ingeniero \u00c1lvaro Nadal al Centro Cultural de las Telecomunicaciones (CCT), en el que expuso el concepto de \u00abdestrucci\u00f3n creadora\u00bb para justificar la necesidad de que se sustituya al Indotel por un Ministerio de la Informaci\u00f3n y la Comunicaci\u00f3n.<\/span><\/p>\n<\/p>\n<p><span class=\"text1noticias\">En ese sentido, advirti\u00f3 que el Indotel \u00abno debe morir para dejar las cenizas sino para que de sus cenizas nazca un nuevo Ministerio de la Tecnolog\u00eda de la Informaci\u00f3n y la Comunicaci\u00f3n que le d\u00e9 sentido a este sector, que le devuelva el poder pol\u00edtico, econ\u00f3mico, social que lo ponga a tonos con las nuevas leyes, la Constituci\u00f3n de la Rep\u00fablica y que le d\u00e9 los recursos para enfrentar los desaf\u00edos de inclusi\u00f3n digital que tiene nuestro pa\u00eds\u00bb.<\/span><\/p>\n<\/p>\n<p><span class=\"text1noticias\">Refiri\u00f3  espec\u00edficamente el concepto de la \u00abdestrucci\u00f3n creadora\u00bb que promovi\u00f3 el economista Joseph Schumpeter, el cual dec\u00eda que \u00abcuando se introduce una nueva tecnolog\u00eda esta genera destrucci\u00f3n, elimina negocios, elimina empresas, pero tambi\u00e9n crea lo nuevo, nuevos negocios, nuevas empresas, nuevos procesos y nuevas instituciones\u00bb.<\/span><\/p>\n<h6> 2016-07-29 17:00:04 <\/h6>\n<p><!--\n<link rel=\"stylesheet\" href=\"css\/bootstrap.min.css\">\n\n\n<ul class=\"pagination\">\n\t    \n\t\n\n<li >\n\t<a href='?page_no=12330'>Previous<\/a>\n\t<\/li>\n\n\n       \n    \n\n<li><a href='?page_no=1'>1<\/a><\/li>\n\n\n\n<li><a href='?page_no=2'>2<\/a><\/li>\n\n\n\n<li><a>...<\/a><\/li>\n\n\n\n<li><a href='?page_no=12329'>12329<\/a><\/li>\n\n\n\n<li><a href='?page_no=12330'>12330<\/a><\/li>\n\n\n\n<li class='active'><a>12331<\/a><\/li>\n\n\n\n<li><a href='?page_no=12332'>12332<\/a><\/li>\n\n\n\n<li><a href='?page_no=12333'>12333<\/a><\/li>\n\n\n\n<li><a>...<\/a><\/li>\n\n\n\n<li><a href='?page_no=56169'>56169<\/a><\/li>\n\n\n\n<li><a href='?page_no=56170'>56170<\/a><\/li>\n\n    \n\t\n\n<li >\n\t<a href='?page_no=12332'>Next<\/a>\n\t<\/li>\n\n\n    \n\n<li><a href='?page_no=56170'>Last &rsaquo;&rsaquo;<\/a><\/li>\n\n<\/ul>\n\n\n--><br \/>\n<\/body><\/p>\n","protected":false},"excerpt":{"rendered":"<p>Santo Domingo, R.D., 29 de julio.- El presidente del Instituto Dominicano de las Telecomunicaciones (Indotel), Gede\u00f3n Santos, plante\u00f3 la creaci\u00f3n del Ministerio de la Informaci\u00f3n y la Comunicaci\u00f3n para que la Rep\u00fablica Dominicana d\u00e9 un salto en el desarrollo de las pol\u00edticas de Tecnolog\u00edas de la Informaci\u00f3n y la Comunicaci\u00f3n (TIC), no se quede rezagada [&hellip;]<\/p>\n","protected":false},"author":3,"featured_media":0,"comment_status":"open","ping_status":"open","sticky":false,"template":"","format":"standard","meta":{"footnotes":""},"categories":[20],"tags":[],"class_list":["post-217851","post","type-post","status-publish","format-standard","hentry","category-dominicana-hoy"],"_links":{"self":[{"href":"https:\/\/diariodominicano.com\/index.php?rest_route=\/wp\/v2\/posts\/217851","targetHints":{"allow":["GET"]}}],"collection":[{"href":"https:\/\/diariodominicano.com\/index.php?rest_route=\/wp\/v2\/posts"}],"about":[{"href":"https:\/\/diariodominicano.com\/index.php?rest_route=\/wp\/v2\/types\/post"}],"author":[{"embeddable":true,"href":"https:\/\/diariodominicano.com\/index.php?rest_route=\/wp\/v2\/users\/3"}],"replies":[{"embeddable":true,"href":"https:\/\/diariodominicano.com\/index.php?rest_route=%2Fwp%2Fv2%2Fcomments&post=217851"}],"version-history":[{"count":0,"href":"https:\/\/diariodominicano.com\/index.php?rest_route=\/wp\/v2\/posts\/217851\/revisions"}],"wp:attachment":[{"href":"https:\/\/diariodominicano.com\/index.php?rest_route=%2Fwp%2Fv2%2Fmedia&parent=217851"}],"wp:term":[{"taxonomy":"category","embeddable":true,"href":"https:\/\/diariodominicano.com\/index.php?rest_route=%2Fwp%2Fv2%2Fcategories&post=217851"},{"taxonomy":"post_tag","embeddable":true,"href":"https:\/\/diariodominicano.com\/index.php?rest_route=%2Fwp%2Fv2%2Ftags&post=217851"}],"curies":[{"name":"wp","href":"https:\/\/api.w.org\/{rel}","templated":true}]}}