{"id":217850,"date":"2016-07-30T16:01:56","date_gmt":"2016-07-30T16:01:56","guid":{"rendered":"http:\/\/diariodominicano.ddns.net\/?p=217850"},"modified":"2016-07-30T16:01:56","modified_gmt":"2016-07-30T16:01:56","slug":"coe-emite-alerta-verde-para-seis-provincias","status":"publish","type":"post","link":"https:\/\/diariodominicano.com\/?p=217850","title":{"rendered":"&#13;&#13;COE emite alerta verde para seis provincias&#13;"},"content":{"rendered":"<p><body><\/p>\n<p><img decoding=\"async\" src=\"img3\/COE.JPG\" \/>  <\/p>\n<p>Santo Domingo, RD, 30 de julio. La Direcci\u00f3n del Centro de Operaciones de Emergencias (COE), Emiti\u00f3   Alerta Verde por posibles inundaciones repentinas de r\u00edos arroyos y ca\u00f1adas, as\u00ed como deslizamientos de tierra para las provincias La Altagracia, La Romana, San Pedro de Macoris, Hato Mayor, El Seibo y el Gran Santo Domingo. <\/p>\n<\/p>\n<p>Inform\u00f3 que una  Onda Tropical activa estar\u00e1 acerc\u00e1ndose al territorio por lo que se espera un incremento de la nubosidad con la ocurrencia de aguaceros con tormentas el\u00e9ctricas y ragas de viento en gran parte del territorio nacional.<\/p>\n<\/p>\n<p>En Otro Orden, se descontin\u00faa el Nivel de Alerta VERDE para las provincias de Barahona, Azua y Bahoruco  debido a las conclusiones de las pruebas de disponibilidad y operaci\u00f3n que se realizaron en la presa de Sabana Yegua en las  compuertas de los t\u00faneles \u00a8b y c\u00a8<\/p>\n<h6> 2016-07-30 16:01:56 <\/h6>\n<p><!--\n<link rel=\"stylesheet\" href=\"css\/bootstrap.min.css\">\n\n\n<ul class=\"pagination\">\n\t    \n\t\n\n<li >\n\t<a href='?page_no=12329'>Previous<\/a>\n\t<\/li>\n\n\n       \n    \n\n<li><a href='?page_no=1'>1<\/a><\/li>\n\n\n\n<li><a href='?page_no=2'>2<\/a><\/li>\n\n\n\n<li><a>...<\/a><\/li>\n\n\n\n<li><a href='?page_no=12328'>12328<\/a><\/li>\n\n\n\n<li><a href='?page_no=12329'>12329<\/a><\/li>\n\n\n\n<li class='active'><a>12330<\/a><\/li>\n\n\n\n<li><a href='?page_no=12331'>12331<\/a><\/li>\n\n\n\n<li><a href='?page_no=12332'>12332<\/a><\/li>\n\n\n\n<li><a>...<\/a><\/li>\n\n\n\n<li><a href='?page_no=56169'>56169<\/a><\/li>\n\n\n\n<li><a href='?page_no=56170'>56170<\/a><\/li>\n\n    \n\t\n\n<li >\n\t<a href='?page_no=12331'>Next<\/a>\n\t<\/li>\n\n\n    \n\n<li><a href='?page_no=56170'>Last &rsaquo;&rsaquo;<\/a><\/li>\n\n<\/ul>\n\n\n--><br \/>\n<\/body><\/p>\n","protected":false},"excerpt":{"rendered":"<p>Santo Domingo, RD, 30 de julio. La Direcci\u00f3n del Centro de Operaciones de Emergencias (COE), Emiti\u00f3 Alerta Verde por posibles inundaciones repentinas de r\u00edos arroyos y ca\u00f1adas, as\u00ed como deslizamientos de tierra para las provincias La Altagracia, La Romana, San Pedro de Macoris, Hato Mayor, El Seibo y el Gran Santo Domingo. Inform\u00f3 que una [&hellip;]<\/p>\n","protected":false},"author":3,"featured_media":0,"comment_status":"open","ping_status":"open","sticky":false,"template":"","format":"standard","meta":{"footnotes":""},"categories":[20],"tags":[],"class_list":["post-217850","post","type-post","status-publish","format-standard","hentry","category-dominicana-hoy"],"_links":{"self":[{"href":"https:\/\/diariodominicano.com\/index.php?rest_route=\/wp\/v2\/posts\/217850","targetHints":{"allow":["GET"]}}],"collection":[{"href":"https:\/\/diariodominicano.com\/index.php?rest_route=\/wp\/v2\/posts"}],"about":[{"href":"https:\/\/diariodominicano.com\/index.php?rest_route=\/wp\/v2\/types\/post"}],"author":[{"embeddable":true,"href":"https:\/\/diariodominicano.com\/index.php?rest_route=\/wp\/v2\/users\/3"}],"replies":[{"embeddable":true,"href":"https:\/\/diariodominicano.com\/index.php?rest_route=%2Fwp%2Fv2%2Fcomments&post=217850"}],"version-history":[{"count":0,"href":"https:\/\/diariodominicano.com\/index.php?rest_route=\/wp\/v2\/posts\/217850\/revisions"}],"wp:attachment":[{"href":"https:\/\/diariodominicano.com\/index.php?rest_route=%2Fwp%2Fv2%2Fmedia&parent=217850"}],"wp:term":[{"taxonomy":"category","embeddable":true,"href":"https:\/\/diariodominicano.com\/index.php?rest_route=%2Fwp%2Fv2%2Fcategories&post=217850"},{"taxonomy":"post_tag","embeddable":true,"href":"https:\/\/diariodominicano.com\/index.php?rest_route=%2Fwp%2Fv2%2Ftags&post=217850"}],"curies":[{"name":"wp","href":"https:\/\/api.w.org\/{rel}","templated":true}]}}