{"id":217848,"date":"2016-07-30T16:16:09","date_gmt":"2016-07-30T16:16:09","guid":{"rendered":"http:\/\/diariodominicano.ddns.net\/?p=217848"},"modified":"2016-07-30T16:16:09","modified_gmt":"2016-07-30T16:16:09","slug":"vicepresidenta-con-mensaje-a-todos-los-padres-del-pais","status":"publish","type":"post","link":"https:\/\/diariodominicano.com\/?p=217848","title":{"rendered":"&#13;Vicepresidenta con  mensaje a todos los padres del pa\u00eds"},"content":{"rendered":"<p><body><\/p>\n<p><img decoding=\"async\" src=\"img3\/vice.jpg\" \/>  <\/p>\n<\/p>\n<\/p>\n<p><span class=\"text1noticias\">Santo Domingo, RD, 30 de julio .-\u00abLos  Padres son gu\u00eda del mundo y arquitectos que con amor, responsabilidad y orientaci\u00f3n a sus hijos, dise\u00f1an el futuro de los hombres y mujeres de la patria\u00bb el mensaje es de la vicepresidenta de la Republica, Margarita Cede\u00f1o de Fern\u00e1ndez con motivo de la celebraci\u00f3n del Dia del Padre este domingo 31 de julio.<\/span><\/p>\n<\/p>\n<p><span class=\"text1noticias\">La vicemandataria y miembro del Comit\u00e9 Pol\u00edtico del Partido de la Liberaci\u00f3n Dominicana, ponder\u00f3  positivamente el rol de los padres en la Rep\u00fablica Dominicana, al se\u00f1alar que \u00a8Los padres juegan un papel primordial en el desarrollo de los ni\u00f1os, no solo como proveedores del sustento familiar, sino como gu\u00eda y transmisores de valores.<\/span><\/p>\n<\/p>\n<p><span class=\"text1noticias\">\u00a8La celebraci\u00f3n de este d\u00eda en nuestro pa\u00eds es una oportunidad para que la familia dominicana se re\u00fana alrededor de la figura del Padre para honrarlo,  quererlo y agradecerle todo lo que sacrifican por sus hijos. Los que no tienen el privilegio de tenerlos vivo, siempre podr\u00e1n recordar sus consejos y momentos inolvidables vividos a su lado, expres\u00f3 Cede\u00f1o de Fern\u00e1ndez, mediante un despacho de la Secretar\u00eda de Comunicaciones del PLD<\/span><\/p>\n<\/p>\n<p><span class=\"text1noticias\">\u00a8Ustedes son el ejemplo y el apoyo que todos necesitamos para vivir. Con ustedes iniciamos este largo viaje que es la vida, y son ustedes quienes nos motivan a escribir nuestra propia historia. Aplaudimos el coraje y el valor con que asumen su responsabilidad, proveyendo no solo del alimento material a sus hijos, sino del alimento espiritual y moral\u00b4.<\/span><\/p>\n<\/p>\n<p><span class=\"text1noticias\">Los padres tienen el mejor ejemplo a imitar: el de nuestro Padre Celestial, padre de misericordia, protecci\u00f3n y amor incondicional.   <\/span><\/p>\n<\/p>\n<p><span class=\"text1noticias\">La vicepresidenta  dijo sentirse bendecida por tener junto a ella dos grandes ejemplos de padres, su pap\u00e1, Don Luis Cede\u00f1o y su esposo, el Presidente del PLD , doctor Leonel Fern\u00e1ndez, a  quienes cataloga como inspiraci\u00f3n y ejemplo de amor y responsabilidad.  \u00a8De mi padre aprend\u00ed a ser honesta y compasiva con todos y en todo.<\/span><\/p>\n<h6> 2016-07-30 16:16:09 <\/h6>\n<p><!--\n<link rel=\"stylesheet\" href=\"css\/bootstrap.min.css\">\n\n\n<ul class=\"pagination\">\n\t    \n\t\n\n<li >\n\t<a href='?page_no=12328'>Previous<\/a>\n\t<\/li>\n\n\n       \n    \n\n<li><a href='?page_no=1'>1<\/a><\/li>\n\n\n\n<li><a href='?page_no=2'>2<\/a><\/li>\n\n\n\n<li><a>...<\/a><\/li>\n\n\n\n<li><a href='?page_no=12327'>12327<\/a><\/li>\n\n\n\n<li><a href='?page_no=12328'>12328<\/a><\/li>\n\n\n\n<li class='active'><a>12329<\/a><\/li>\n\n\n\n<li><a href='?page_no=12330'>12330<\/a><\/li>\n\n\n\n<li><a href='?page_no=12331'>12331<\/a><\/li>\n\n\n\n<li><a>...<\/a><\/li>\n\n\n\n<li><a href='?page_no=56169'>56169<\/a><\/li>\n\n\n\n<li><a href='?page_no=56170'>56170<\/a><\/li>\n\n    \n\t\n\n<li >\n\t<a href='?page_no=12330'>Next<\/a>\n\t<\/li>\n\n\n    \n\n<li><a href='?page_no=56170'>Last &rsaquo;&rsaquo;<\/a><\/li>\n\n<\/ul>\n\n\n--><br \/>\n<\/body><\/p>\n","protected":false},"excerpt":{"rendered":"<p>Santo Domingo, RD, 30 de julio .-\u00abLos Padres son gu\u00eda del mundo y arquitectos que con amor, responsabilidad y orientaci\u00f3n a sus hijos, dise\u00f1an el futuro de los hombres y mujeres de la patria\u00bb el mensaje es de la vicepresidenta de la Republica, Margarita Cede\u00f1o de Fern\u00e1ndez con motivo de la celebraci\u00f3n del Dia del [&hellip;]<\/p>\n","protected":false},"author":3,"featured_media":0,"comment_status":"open","ping_status":"open","sticky":false,"template":"","format":"standard","meta":{"footnotes":""},"categories":[20],"tags":[],"class_list":["post-217848","post","type-post","status-publish","format-standard","hentry","category-dominicana-hoy"],"_links":{"self":[{"href":"https:\/\/diariodominicano.com\/index.php?rest_route=\/wp\/v2\/posts\/217848","targetHints":{"allow":["GET"]}}],"collection":[{"href":"https:\/\/diariodominicano.com\/index.php?rest_route=\/wp\/v2\/posts"}],"about":[{"href":"https:\/\/diariodominicano.com\/index.php?rest_route=\/wp\/v2\/types\/post"}],"author":[{"embeddable":true,"href":"https:\/\/diariodominicano.com\/index.php?rest_route=\/wp\/v2\/users\/3"}],"replies":[{"embeddable":true,"href":"https:\/\/diariodominicano.com\/index.php?rest_route=%2Fwp%2Fv2%2Fcomments&post=217848"}],"version-history":[{"count":0,"href":"https:\/\/diariodominicano.com\/index.php?rest_route=\/wp\/v2\/posts\/217848\/revisions"}],"wp:attachment":[{"href":"https:\/\/diariodominicano.com\/index.php?rest_route=%2Fwp%2Fv2%2Fmedia&parent=217848"}],"wp:term":[{"taxonomy":"category","embeddable":true,"href":"https:\/\/diariodominicano.com\/index.php?rest_route=%2Fwp%2Fv2%2Fcategories&post=217848"},{"taxonomy":"post_tag","embeddable":true,"href":"https:\/\/diariodominicano.com\/index.php?rest_route=%2Fwp%2Fv2%2Ftags&post=217848"}],"curies":[{"name":"wp","href":"https:\/\/api.w.org\/{rel}","templated":true}]}}