{"id":217847,"date":"2016-07-31T11:11:08","date_gmt":"2016-07-31T11:11:08","guid":{"rendered":"http:\/\/diariodominicano.ddns.net\/?p=217847"},"modified":"2016-07-31T11:11:08","modified_gmt":"2016-07-31T11:11:08","slug":"leonel-fernandez-envia-mensaje-a-los-padres-dominicanos-en-la-celebracion-de-su-dia","status":"publish","type":"post","link":"https:\/\/diariodominicano.com\/?p=217847","title":{"rendered":"Leonel Fern\u00e1ndez env\u00eda mensaje a los padres dominicanos en la celebraci\u00f3n de su Dia"},"content":{"rendered":"<p><body><\/p>\n<p><img decoding=\"async\" src=\"img3\/yolanda22.jpg\" \/>  <\/p>\n<p><strong> El ex presidente Leonel Fern\u00e1ndez con su hija Yolanda Am\u00e9rica. (Externa)<\/strong><\/p>\n<\/p>\n<p><strong>SANTO DOMINGO, RD, 31 de Julio de 2016.-<\/strong> En la celebraci\u00f3n del D\u00eda de los Padres en Republica Dominicana el ex Presidente de la Republica, Leonel Fern\u00e1ndez, presidente del Partido de la Liberaci\u00f3n Dominicana (PLD),   envi\u00f3 este domingo  un mensaje de felicitaci\u00f3n.<\/p>\n<\/p>\n<p> Usando las redes sociales escribi\u00f3 un mensaje  que ilustr\u00f2 con fotos de sus hijos<\/p>\n<\/p>\n<p> \u00abEn ocasi\u00f3n del D\u00eda del Padre, felicito a todos aquellos que como yo, sentimos un profundo amor por los seres excepcionales que procreamos\u00bb escribi\u00f3 en @LeonelFernadez.<\/p>\n<\/p>\n<p> En un segundo mensaje refiri\u00e9ndose a sus hijos,  les dijo \u00abEspero est\u00e9n tan orgullosos de m\u00ed como yo lo estoy de ustedes\u00bb<\/p>\n<\/p>\n<p> Leonel Fern\u00e1ndez quien particip\u00f3 en la Convencion del Partido Democrata de los Estados Unidos, comparti\u00f3 con la dirigencia del PLD en Nueva York el pasado s\u00e1bado  haciendo un aparte en una ampl\u00edsima agenda de trabajo con eventos acad\u00e9micos y pol\u00edticos.<\/p>\n<\/p>\n<p><strong> El martes proximo presidir\u00e1 en su calidad de Presidente del PLD, la reuni\u00f3n del Comit\u00e9 Pol\u00edtico programada para desarrollarse en la Oficina Presidencial a las siete horas  de la noche, inform\u00f3 el domingo la secretar\u00eda de Comunicaciones del Partido de Gobierno,<\/strong><\/p>\n<h6> 2016-07-31 11:11:08 <\/h6>\n<p><!--\n<link rel=\"stylesheet\" href=\"css\/bootstrap.min.css\">\n\n\n<ul class=\"pagination\">\n\t    \n\t\n\n<li >\n\t<a href='?page_no=12327'>Previous<\/a>\n\t<\/li>\n\n\n       \n    \n\n<li><a href='?page_no=1'>1<\/a><\/li>\n\n\n\n<li><a href='?page_no=2'>2<\/a><\/li>\n\n\n\n<li><a>...<\/a><\/li>\n\n\n\n<li><a href='?page_no=12326'>12326<\/a><\/li>\n\n\n\n<li><a href='?page_no=12327'>12327<\/a><\/li>\n\n\n\n<li class='active'><a>12328<\/a><\/li>\n\n\n\n<li><a href='?page_no=12329'>12329<\/a><\/li>\n\n\n\n<li><a href='?page_no=12330'>12330<\/a><\/li>\n\n\n\n<li><a>...<\/a><\/li>\n\n\n\n<li><a href='?page_no=56169'>56169<\/a><\/li>\n\n\n\n<li><a href='?page_no=56170'>56170<\/a><\/li>\n\n    \n\t\n\n<li >\n\t<a href='?page_no=12329'>Next<\/a>\n\t<\/li>\n\n\n    \n\n<li><a href='?page_no=56170'>Last &rsaquo;&rsaquo;<\/a><\/li>\n\n<\/ul>\n\n\n--><br \/>\n<\/body><\/p>\n","protected":false},"excerpt":{"rendered":"<p>El ex presidente Leonel Fern\u00e1ndez con su hija Yolanda Am\u00e9rica. (Externa) SANTO DOMINGO, RD, 31 de Julio de 2016.- En la celebraci\u00f3n del D\u00eda de los Padres en Republica Dominicana el ex Presidente de la Republica, Leonel Fern\u00e1ndez, presidente del Partido de la Liberaci\u00f3n Dominicana (PLD), envi\u00f3 este domingo un mensaje de felicitaci\u00f3n. Usando las [&hellip;]<\/p>\n","protected":false},"author":3,"featured_media":0,"comment_status":"open","ping_status":"open","sticky":false,"template":"","format":"standard","meta":{"footnotes":""},"categories":[20],"tags":[],"class_list":["post-217847","post","type-post","status-publish","format-standard","hentry","category-dominicana-hoy"],"_links":{"self":[{"href":"https:\/\/diariodominicano.com\/index.php?rest_route=\/wp\/v2\/posts\/217847","targetHints":{"allow":["GET"]}}],"collection":[{"href":"https:\/\/diariodominicano.com\/index.php?rest_route=\/wp\/v2\/posts"}],"about":[{"href":"https:\/\/diariodominicano.com\/index.php?rest_route=\/wp\/v2\/types\/post"}],"author":[{"embeddable":true,"href":"https:\/\/diariodominicano.com\/index.php?rest_route=\/wp\/v2\/users\/3"}],"replies":[{"embeddable":true,"href":"https:\/\/diariodominicano.com\/index.php?rest_route=%2Fwp%2Fv2%2Fcomments&post=217847"}],"version-history":[{"count":0,"href":"https:\/\/diariodominicano.com\/index.php?rest_route=\/wp\/v2\/posts\/217847\/revisions"}],"wp:attachment":[{"href":"https:\/\/diariodominicano.com\/index.php?rest_route=%2Fwp%2Fv2%2Fmedia&parent=217847"}],"wp:term":[{"taxonomy":"category","embeddable":true,"href":"https:\/\/diariodominicano.com\/index.php?rest_route=%2Fwp%2Fv2%2Fcategories&post=217847"},{"taxonomy":"post_tag","embeddable":true,"href":"https:\/\/diariodominicano.com\/index.php?rest_route=%2Fwp%2Fv2%2Ftags&post=217847"}],"curies":[{"name":"wp","href":"https:\/\/api.w.org\/{rel}","templated":true}]}}