{"id":217845,"date":"2016-07-31T13:54:30","date_gmt":"2016-07-31T13:54:30","guid":{"rendered":"http:\/\/diariodominicano.ddns.net\/?p=217845"},"modified":"2016-07-31T13:54:30","modified_gmt":"2016-07-31T13:54:30","slug":"advierte-incremento-de-enfermedades-cronicas-por-diabetes-adquirida-durante-el-embarazo","status":"publish","type":"post","link":"https:\/\/diariodominicano.com\/?p=217845","title":{"rendered":"Advierte incremento de enfermedades cr\u00f3nicas por diabetes adquirida durante el embarazo"},"content":{"rendered":"<p><body><\/p>\n<p><img decoding=\"async\" src=\"img3\/dolores0.jpg\" \/>  <\/p>\n<p><strong>La doctora Dolores Mej\u00eda, presidenta de la entidad, manifest\u00f3 que este tipo de diabetes tiene cada d\u00eda m\u00e1s importancia por sus repercusiones en la madre y en el futuro del ni\u00f1o cuando adulto y es la complicaci\u00f3n metab\u00f3lica m\u00e1s frecuente en la mujer durante en el embarazo.<\/strong><\/p>\n<\/p>\n<p><strong> SANTO DOMINGO, RD, 31 de Julio de 2016.- <\/strong> A prop\u00f3sito del Mes de la Diabetes, que se conmemora en agosto, la Sociedad Dominicana de Endocrinolog\u00eda y Nutrici\u00f3n alert\u00f3 la diabetes gestacional (DMG) podr\u00eda incrementar el n\u00famero de enfermos de diabetes si no se toman medidas preventivas a nivel de pacientes y autoridades de salud.<\/p>\n<\/p>\n<p>La doctora Dolores Mej\u00eda, presidenta de la entidad, manifest\u00f3 que este tipo de diabetes tiene cada d\u00eda m\u00e1s importancia por sus repercusiones en la madre y en el futuro del ni\u00f1o cuando adulto y es la complicaci\u00f3n metab\u00f3lica m\u00e1s frecuente en la mujer durante en el embarazo.<\/p>\n<\/p>\n<p>Explic\u00f3 que las complicaciones que puede acarrear esa condici\u00f3n de salud, a nivel perinatal, son macrosom\u00eda, la cual puede resultar en trauma obst\u00e9trico al parto y asfixia perinatal;  hipoglucemia, hiperbilirrubinemia, s\u00edndrome de dificultad respiratoria, hipocalcemia y poliglobulia neonatal.<\/p>\n<\/p>\n<p>Tambi\u00e9n, mayor riesgo de obesidad en la infancia y adolescencia, as\u00ed como as\u00ed como diabetes mellitus en la edad adulta.<\/p>\n<\/p>\n<p>En las embarazadas, inform\u00f3 que las principales complicaciones de la madre son mayor frecuencia de preclampsia, m\u00e1s posibilidades de que se le realice una ces\u00e1rea y diabetes mellitus tipo 2 en per\u00edodos posteriores al parto.<\/p>\n<\/p>\n<p>\u00abDe acuerdo con el tipo de pesquisa, edad, h\u00e1bitos de vida y caracter\u00edsticas \u00e9tnicas, se puede presentar entre el tres y 35 por ciento de los embarazos. Las mujeres que sufren DMG tienen un riesgo real de un 10 por ciento quedar con diabetes tras concluir la gestaci\u00f3n o de desarrollarla  en una proporci\u00f3n de seis a ocho por ciento anual en otro momento de su vida\u00bb, precis\u00f3.<\/p>\n<\/p>\n<p>Explic\u00f3 que la enfermedad se produce por una alteraci\u00f3n en el metabolismo de los hidratos de carbono que se detecta por primera vez durante el embarazo, \u00abesta traduce una insuficiente adaptaci\u00f3n a la insulino resistencia que se produce en la gestante\u00bb.<\/p>\n<\/p>\n<p>Sostuvo que \u00abla creciente obesidad y vida sedentaria, el estr\u00e9s, la mala alimentaci\u00f3n y la ausencia de programas de educaci\u00f3n para la salud, le est\u00e1n pasando factura a nuestra generaci\u00f3n y a las que est\u00e1n por venir\u00bb.<\/p>\n<\/p>\n<p>Agreg\u00f3 que se acepta que el producto de la gestaci\u00f3n de madres que han sido expuestas a DMG u otras complicaciones metab\u00f3licas del embarazo, tienen alto riesgo de desarrollar enfermedades cr\u00f3nicas a lo largo de su vida.<\/p>\n<\/p>\n<p>Dijo que factores metab\u00f3licos en el ambiente intrauterino, como elevaci\u00f3n de glucemia, \u00e1cidos grasos libres, triglic\u00e9ridos, citoquinas inflamatorias, hormonas, factores de crecimiento, tienen un profundo efecto en el desarrollo y programaci\u00f3n prenatal e incrementan la posibilidad a desarrollar enfermedades cr\u00f3nicas m\u00e1s tarde en la vida postnatal .<\/p>\n<\/p>\n<p>\u00abLa salud de las madres antes y durante el embarazo, la alimentaci\u00f3n y el crecimiento del feto y el per\u00edodo que sigue al parto, as\u00ed como la alimentaci\u00f3n del beb\u00e9 y el ni\u00f1o, tendr\u00e1 efectos determinantes y profundos sobre la gran epidemia de enfermedades cr\u00f3nicas como es la diabetes\u00bb, indic\u00f3.<\/p>\n<\/p>\n<p>La presidenta de la Sociedad de Endocrinolog\u00eda y Nutrici\u00f3n anunci\u00f3 que con motivo del Mes de la Diabetes, la entidad desarrollar\u00e1 varias actividades y acciones dirigidas a la prevenci\u00f3n  de la DMG, la lucha contra obesidad y diabetes males pre determinantes de  enfermedad cardiovascular.<\/p>\n<\/p>\n<p>Coment\u00f3 que mensajes a favor de la prevenci\u00f3n de la diabetes gestacional ser\u00e1n difundidos durante todo el mes de agosto a trav\u00e9s de las redes sociales, los medios de comunicaci\u00f3n masivos y en actividades puntuales con la poblaci\u00f3n en riesgo.<\/p>\n<\/p>\n<p>Manifest\u00f3 que la campa\u00f1a se basa en educaci\u00f3n, en estimular la actividad f\u00edsica y ense\u00f1ar a seleccionar una alimentaci\u00f3n sana.<\/p>\n<\/p>\n<p> \u00abLas dominicanas deben conocer que los valores de glucemia en ayunas normales durante el embarazo son de 92 mg\/ dl, no olvidar que tan pronto queda embarazada, la mujeres debe iniciar la observaci\u00f3n del comportamiento metab\u00f3lico y que alrededor de la semana 26 debe someter a un escrutinio que consiste en una curva de tolerancia oral a la glucosa de 1 hora\u00bb, precis\u00f3 la doctora Mej\u00eda.<\/p>\n<h6> 2016-07-31 13:54:30 <\/h6>\n<p><!--\n<link rel=\"stylesheet\" href=\"css\/bootstrap.min.css\">\n\n\n<ul class=\"pagination\">\n\t    \n\t\n\n<li >\n\t<a href='?page_no=12325'>Previous<\/a>\n\t<\/li>\n\n\n       \n    \n\n<li><a href='?page_no=1'>1<\/a><\/li>\n\n\n\n<li><a href='?page_no=2'>2<\/a><\/li>\n\n\n\n<li><a>...<\/a><\/li>\n\n\n\n<li><a href='?page_no=12324'>12324<\/a><\/li>\n\n\n\n<li><a href='?page_no=12325'>12325<\/a><\/li>\n\n\n\n<li class='active'><a>12326<\/a><\/li>\n\n\n\n<li><a href='?page_no=12327'>12327<\/a><\/li>\n\n\n\n<li><a href='?page_no=12328'>12328<\/a><\/li>\n\n\n\n<li><a>...<\/a><\/li>\n\n\n\n<li><a href='?page_no=56169'>56169<\/a><\/li>\n\n\n\n<li><a href='?page_no=56170'>56170<\/a><\/li>\n\n    \n\t\n\n<li >\n\t<a href='?page_no=12327'>Next<\/a>\n\t<\/li>\n\n\n    \n\n<li><a href='?page_no=56170'>Last &rsaquo;&rsaquo;<\/a><\/li>\n\n<\/ul>\n\n\n--><br \/>\n<\/body><\/p>\n","protected":false},"excerpt":{"rendered":"<p>La doctora Dolores Mej\u00eda, presidenta de la entidad, manifest\u00f3 que este tipo de diabetes tiene cada d\u00eda m\u00e1s importancia por sus repercusiones en la madre y en el futuro del ni\u00f1o cuando adulto y es la complicaci\u00f3n metab\u00f3lica m\u00e1s frecuente en la mujer durante en el embarazo. SANTO DOMINGO, RD, 31 de Julio de 2016.- [&hellip;]<\/p>\n","protected":false},"author":3,"featured_media":0,"comment_status":"open","ping_status":"open","sticky":false,"template":"","format":"standard","meta":{"footnotes":""},"categories":[20],"tags":[],"class_list":["post-217845","post","type-post","status-publish","format-standard","hentry","category-dominicana-hoy"],"_links":{"self":[{"href":"https:\/\/diariodominicano.com\/index.php?rest_route=\/wp\/v2\/posts\/217845","targetHints":{"allow":["GET"]}}],"collection":[{"href":"https:\/\/diariodominicano.com\/index.php?rest_route=\/wp\/v2\/posts"}],"about":[{"href":"https:\/\/diariodominicano.com\/index.php?rest_route=\/wp\/v2\/types\/post"}],"author":[{"embeddable":true,"href":"https:\/\/diariodominicano.com\/index.php?rest_route=\/wp\/v2\/users\/3"}],"replies":[{"embeddable":true,"href":"https:\/\/diariodominicano.com\/index.php?rest_route=%2Fwp%2Fv2%2Fcomments&post=217845"}],"version-history":[{"count":0,"href":"https:\/\/diariodominicano.com\/index.php?rest_route=\/wp\/v2\/posts\/217845\/revisions"}],"wp:attachment":[{"href":"https:\/\/diariodominicano.com\/index.php?rest_route=%2Fwp%2Fv2%2Fmedia&parent=217845"}],"wp:term":[{"taxonomy":"category","embeddable":true,"href":"https:\/\/diariodominicano.com\/index.php?rest_route=%2Fwp%2Fv2%2Fcategories&post=217845"},{"taxonomy":"post_tag","embeddable":true,"href":"https:\/\/diariodominicano.com\/index.php?rest_route=%2Fwp%2Fv2%2Ftags&post=217845"}],"curies":[{"name":"wp","href":"https:\/\/api.w.org\/{rel}","templated":true}]}}