{"id":217843,"date":"2016-07-31T21:57:05","date_gmt":"2016-07-31T21:57:05","guid":{"rendered":"http:\/\/diariodominicano.ddns.net\/?p=217843"},"modified":"2016-07-31T21:57:05","modified_gmt":"2016-07-31T21:57:05","slug":"reunion-de-trabajo-de-la-celac-para-ejecutar-plan-de-seguridad-alimentaria-y-nutricion","status":"publish","type":"post","link":"https:\/\/diariodominicano.com\/?p=217843","title":{"rendered":"Reuni\u00f3n de trabajo de la CELAC para ejecutar plan de seguridad alimentaria y nutrici\u00f3n"},"content":{"rendered":"<p><body><\/p>\n<p><img decoding=\"async\" src=\"img3\/vice.jpg\" \/>  <\/p>\n<p><strong>Una nota informativa de la Canciller\u00eda indica que la apertura inaugural de la sectorial de la PPT-CELAC-RD denominada \u00abSeguridad Alimentaria y Cambio Clim\u00e1tico: Desaf\u00edos y Oportunidades en Am\u00e9rica Latina y el Caribe\u00bb, se llevar\u00e1 a cabo en el Auditorio de la Pontificia Universidad Cat\u00f3lica Madre y Maestra (PUCMM), con la presencia de delegaciones de los 33 pa\u00edses miembros del organismo regional, incluyendo funcionarios de alto nivel y representantes de distintos organismos internacionales vinculados al tema alimentario.<\/strong><\/p>\n<\/p>\n<p><strong>SANTIAGO DE LOS CABALLEROS, 31 de  Julio de 2016.-<\/strong> La vicepresidenta Margarita Cede\u00f1o, el ministro de Relaciones Exteriores, Andr\u00e9s Navarro, y el ministro de Agricultura, \u00c1ngel Est\u00e9vez, encabezar\u00e1n desde este lunes la Reuni\u00f3n de Trabajo para Avanzar en la Implementaci\u00f3n del Plan para la Seguridad Alimentaria, Nutrici\u00f3n y Erradicaci\u00f3n del Hambre 2025 de la CELAC, en el marco de la Presidencia Pro T\u00e9mpore del organismo regional que ostenta la Rep\u00fablica Dominicana, que se celebrar\u00e1 del 1 al 3 de agosto en esta ciudad.<\/p>\n<\/p>\n<p>Una nota informativa de la Canciller\u00eda indica que la apertura inaugural de la sectorial de la PPT-CELAC-RD denominada \u00abSeguridad Alimentaria y Cambio Clim\u00e1tico: Desaf\u00edos y Oportunidades en Am\u00e9rica Latina y el Caribe\u00bb, se llevar\u00e1 a cabo en el Auditorio de la Pontificia Universidad Cat\u00f3lica Madre y Maestra (PUCMM), con la presencia de delegaciones de los 33 pa\u00edses miembros del organismo regional, incluyendo funcionarios de alto nivel y representantes de distintos organismos internacionales vinculados al tema alimentario.<\/p>\n<\/p>\n<p>El canciller Navarro y el ministro de Agricultura, Est\u00e9vez, tendr\u00e1n a su cargo los discursos inaugurales del evento regional, seguidos de dos magistrales intervenciones por parte del se\u00f1or Ra\u00fal Ben\u00edtez, subdirector general y representante regional de la Organizaci\u00f3n de las Naciones Unidas para la Alimentaci\u00f3n y la Agricultura (FAO), y Antonio Prado, secretario ejecutivo adjunto de la Comisi\u00f3n Econ\u00f3mica para Am\u00e9rica Latina y el Caribe (CEPAL).<\/p>\n<\/p>\n<p>En el acto de apertura se presentar\u00e1 un video titulado \u00abSeguridad Alimentaria: Un Compromiso de Naci\u00f3n:, en el que se mostrar\u00e1n los avances alcanzados por la Rep\u00fablica Dominicana en los \u00faltimos a\u00f1os en los esfuerzos por garantizar la alimentaci\u00f3n de la poblaci\u00f3n y la erradicaci\u00f3n del hambre,  con la presencia, adem\u00e1s, de los ministros Juan Tem\u00edstocles Mont\u00e1s, de Econom\u00eda, Planificaci\u00f3n y Desarrollo; Bautista Rojas G\u00f3mez, de Medio Ambiente y Recursos Naturales, y Jos\u00e9 Manuel del Castillo Savi\u00f1\u00f3n, de Industria y Comercio, as\u00ed como Pablo Rabczuk, subsecretario de cooperaci\u00f3n de la Asociaci\u00f3n Latinoamericana de Integraci\u00f3n (ALADI), entre otras personalidades nacionales e internacionales.<\/p>\n<\/p>\n<p>L a actividad se traslada el martes al Sal\u00f3n Magu\u00e1 del hotel Hodelpa Gran Almirante para el inicio formal de la reuni\u00f3n de trabajo, a partir de las 8:30 de la ma\u00f1ana, con la presentaci\u00f3n de la agenda y la metodolog\u00eda que regir\u00e1 el encuentro regional, a cargo de la viceministra Alejandra Liriano, encargada de Pol\u00edtica Exterior; Ricardo Rapallo, Oficial de Seguridad Alimentaria\/Mesoam\u00e9rica sin Hambre; Luis Fidel Yanez, oficial de la CEPAL, y Pablo Rabczuk, de ALADI.<\/p>\n<\/p>\n<p>Asimismo, se presentar\u00e1 el documento: Seguridad Alimentaria, Nutrici\u00f3n y Erradicaci\u00f3n del Hambre CELAC-2025, un Paso antes del Cumplimiento de la Agenda 2030 para el Desarrollo Sostenible\u00bb, as\u00ed como un segundo documento elaborado de manera conjunta por FAO\/CEPAL\/ALADI, con los comentarios respectivos de los representantes de los pa\u00edses miembros de la CELAC.<\/p>\n<\/p>\n<p>Igualmente, exposiciones de Sidhartha F. Mar\u00edn Arauz, representante del gobierno de Nicaragua ante la CELAC; Juan Pablo Otoya Albino, director de Capacidades Productivas y Generaci\u00f3n de Ingresos del gobierno de Colombia; William John Godfrey Eneas, ministro de Agricultura y Pesca de Bahamas, y Omar Ram\u00edrez, vicepresidente ejecutivo del Consejo Nacional para el Cambio Clim\u00e1tico y el Mecanismo de Desarrollo Limpio de la Rep\u00fablica Dominicana.<\/p>\n<\/p>\n<p>Tras un receso, se presentar\u00e1 la sesi\u00f3n \u00abHacia un nuevo paradigma de producci\u00f3n de alimentos sostenibles y resilientes. Con los resultados de la reuni\u00f3n internacional de ministros y altas autoridades de agricultura sostenible para el fortalecimiento de la seguridad alimentaria y nutricional (Lima, Per\u00fa, 22-23 de junio de 2016), a cargo del ingeniero Jacobo Paz Bodden, ministro de Agricultura y Ganader\u00eda de la Rep\u00fablica de Honduras.<\/p>\n<\/p>\n<p>Posteriores se presentar\u00e1n las experiencias exitosas de pol\u00edticas p\u00fablicas de tres pa\u00edses miembros de la CELAC, bajo las responsabilidades del ingeniero Sidney Alexander Samuels, Milson, ministro de Ambiente y Recursos Naturales de la Rep\u00fablica de Guatemala, quien abordar\u00e1 el tema sobre los fondos mutuos de contingencia. Seguido por Hugo Dut\u00e1n, director del Programa Buen Vivir Rural, perteneciente al Ministerio de Agricultura, Ganader\u00eda, Acuacultura y Pesca de la Rep\u00fablica de Ecuador; Johnson Drigo, ministro de Agricultura y Pesca de Dominica, con el tema sobre la Agroecolog\u00eda como propuesta para enfrentar el cambio clim\u00e1tico, con la moderaci\u00f3n de Leandro Mercedes, viceministro de Medio Ambiente de la Rep\u00fablica Dominicana.<\/p>\n<\/p>\n<p>Durante el per\u00edodo de 2:30 a 6:00 de la tarde se abordar\u00e1 la sesi\u00f3n \u00abAlianzas p\u00fablico-privadas: Un plan abierto a todos\u00bb, a cargo del viceministro dominicano C\u00e9sar Dargam, encargado de Asuntos Econ\u00f3micos y Negociaciones Comerciales del MIREX, y Sa\u00fal Abreu, director ejecutivo de la Asociaci\u00f3n para el Desarrollo, Inc. (APEDI), quien tratar\u00e1 el Plan Estrat\u00e9gico Santiago 2020.<\/p>\n<\/p>\n<p>Asimismo, la sesi\u00f3n \u00abInversiones responsables para la seguridad alimentaria\u00bb que ser\u00e1 moderada por la se\u00f1ora Dulclair Sternadt, Oficial de Alianzas de la FAO, con exposiciones de \u00c1ngel Est\u00e9vez, ministro de Agricultura de la Rep\u00fablica Dominicana; Roger Ch\u00e1vez, miembro del consejo directivo de Alianza Cooperativa Internacional para las Am\u00e9ricas (ACI), y Carlos D. Florencio Bencosme, fundador de la Cooperativa de Servicios M\u00faltiples Los Arroceros, Inc. (COOPEARROZ).<\/p>\n<\/p>\n<p>En tanto que la sesi\u00f3n \u00abOportunidades para dinamizar el comercio de alimentos en la regi\u00f3n\u00bb ser\u00e1 moderada por Pablo Brabczuk, de ALADI, con intervenciones de Escipi\u00f3n Oliveira, director ejecutivo adjunto de Caribbean Export Develoment Agency; Roberto Palva Reinero, director del Programa de Fomento a las Exportaciones Chilenas (PROCHILE); Jean Alain Rodr\u00edguez, director del Centro de Exportaci\u00f3n e Inversi\u00f3n de la Rep\u00fablica Dominicana (CEI-RD), y \u00c1lvaro Sousa, presidente de la Asociaci\u00f3n Dominicana de Exportadores, Inc. (ADOEXPO).<\/p>\n<\/p>\n<p>La sesi\u00f3n \u00abSistemas alimentarios sostenibles para el Siglo XXI\u00bb ser\u00e1 moderado por la doctora Amarilis Then Paulino, coordinador del Proyecto GAIN de Nutrici\u00f3n del Ministerio de Salud de la Rep\u00fablica Dominicana: Danilo P\u00e9rez, del consejo directivo de Consumers, International y director del Centro de Defensa del Consumidor de El Salvador; Osmar Ben\u00edtez, presidente ejecutivo de la Junta Agroempresarial Dominicana (JAD); el doctor Simpson Da Silva, de Caribbean Agribusiness Association (CABA), y Mar\u00eda Noel Salgado, representante del Movimiento Agroecol\u00f3gico de Am\u00e9rica Latina y el Caribe (MAELLA).<\/p>\n<\/p>\n<p>La actividad regional concluir\u00e1 el mi\u00e9rcoles con la sesi\u00f3n \u00abLecciones aprendidas y pol\u00edticas p\u00fablicas de adaptaci\u00f3n de la agricultura familiar al cambio clim\u00e1tico\u00bb, bajo la moderaci\u00f3n de Nigel Cumbergbatch, director ejecutivo de la Agencia de Desarrollo Ganadero del Ministerio de Agricultura de Guyana, seguido de la presentaci\u00f3n de la agenda de trabajo del grupo de agricultura familiar de la CELAC, a cargo de Orestes Ortez Andrade, ministro de Agricultura y Ganader\u00eda de El Salvador; adem\u00e1s de las intervenciones de la doctora Altagracia Suriel, directora general del Programa Progresando con Solidaridad (PROSOLI) de la vicepresidencia de la Rep\u00fablica Dominicana; Yader Salazar Hern\u00e1ndez, viceministro de Desarrollo Productivo  Agrourbano del Ministerio del Poder Popular para la Agricultura Urbana de Venezuela; Carlton Weddderburn, director de la Divisi\u00f3n de Planificaci\u00f3n Econ\u00f3mica del Ministerio de Industria y Comercio y Pesca de Jamaica.<\/p>\n<\/p>\n<p>Asimismo, la sesi\u00f3n \u00abOportunidades para la Cooperaci\u00f3n Sur-Sur\u00bb, bajo la moderaci\u00f3n de la PPT-CELAC-RD, y la presentaci\u00f3n de Dolores Romero, jefe de la Direcci\u00f3n Pol\u00edtica de la Delegaci\u00f3n de la Uni\u00f3n Europea en Rep\u00fablica Dominicana; Mar\u00eda Augenia Casar, directoraejecutiva de la Agencia Mexicana de Cooperaci\u00f3n Internacional para el Desarrollo (AMEXCID), y Mario Arvelo Caama\u00f1o, representante de la Rep\u00fablica Dominicana ante la FAO.<\/p>\n<\/p>\n<p>El encuentro ser\u00e1 clausurado con la presencia de la vicepresidenta Dra. Margarita Cede\u00f1o de Fern\u00e1ndez, quien dirigir\u00e1 un discurso conclusivo, promoviendo el compromiso de todos los Estados en seguir creando los mecanismos de garant\u00eda alimentaria en la regi\u00f3n.<\/p>\n<\/p>\n<p>El Plan de Seguridad Alimentaria, Nutrici\u00f3n y Erradicaci\u00f3n del Hambre de la CELAC-2025 nace de la voluntad pol\u00edtica de los Estados por crear una zona libre de hambre y pobreza en Am\u00e9rica Latina y el Caribe. El mismo tiene como objetivo alcanzar resultados concretos que se traduzcan en mejoras significativas en la calidad de vida de la gente, dirigidos a la erradicaci\u00f3n de la pobreza, especialmente la pobreza extrema, as\u00ed como garantizar la seguridad alimentaria y la nutrici\u00f3n, con enfoque de g\u00e9nero y estricto respeto a la diversidad de h\u00e1bitos alimentarios.<\/p>\n<\/p>\n<p>En la v\u00edspera de las plenarias, el ministro de Agricultura, \u00c1ngel Est\u00e9vez, encabezar\u00e1 un recorrido junto a sus colegas de la regi\u00f3n y los jefes de delegaci\u00f3n de la CELAC, por las instalaciones de los proyectos Bioarroz, en el municipio de Bonao, provincia Monse\u00f1or Nouel, y Biovega, en La Vega, agrega la informaci\u00f3n oficial.<\/p>\n<h6> 2016-07-31 21:57:05 <\/h6>\n<p><!--\n<link rel=\"stylesheet\" href=\"css\/bootstrap.min.css\">\n\n\n<ul class=\"pagination\">\n\t    \n\t\n\n<li >\n\t<a href='?page_no=12323'>Previous<\/a>\n\t<\/li>\n\n\n       \n    \n\n<li><a href='?page_no=1'>1<\/a><\/li>\n\n\n\n<li><a href='?page_no=2'>2<\/a><\/li>\n\n\n\n<li><a>...<\/a><\/li>\n\n\n\n<li><a href='?page_no=12322'>12322<\/a><\/li>\n\n\n\n<li><a href='?page_no=12323'>12323<\/a><\/li>\n\n\n\n<li class='active'><a>12324<\/a><\/li>\n\n\n\n<li><a href='?page_no=12325'>12325<\/a><\/li>\n\n\n\n<li><a href='?page_no=12326'>12326<\/a><\/li>\n\n\n\n<li><a>...<\/a><\/li>\n\n\n\n<li><a href='?page_no=56169'>56169<\/a><\/li>\n\n\n\n<li><a href='?page_no=56170'>56170<\/a><\/li>\n\n    \n\t\n\n<li >\n\t<a href='?page_no=12325'>Next<\/a>\n\t<\/li>\n\n\n    \n\n<li><a href='?page_no=56170'>Last &rsaquo;&rsaquo;<\/a><\/li>\n\n<\/ul>\n\n\n--><br \/>\n<\/body><\/p>\n","protected":false},"excerpt":{"rendered":"<p>Una nota informativa de la Canciller\u00eda indica que la apertura inaugural de la sectorial de la PPT-CELAC-RD denominada \u00abSeguridad Alimentaria y Cambio Clim\u00e1tico: Desaf\u00edos y Oportunidades en Am\u00e9rica Latina y el Caribe\u00bb, se llevar\u00e1 a cabo en el Auditorio de la Pontificia Universidad Cat\u00f3lica Madre y Maestra (PUCMM), con la presencia de delegaciones de los [&hellip;]<\/p>\n","protected":false},"author":3,"featured_media":0,"comment_status":"open","ping_status":"open","sticky":false,"template":"","format":"standard","meta":{"footnotes":""},"categories":[20],"tags":[],"class_list":["post-217843","post","type-post","status-publish","format-standard","hentry","category-dominicana-hoy"],"_links":{"self":[{"href":"https:\/\/diariodominicano.com\/index.php?rest_route=\/wp\/v2\/posts\/217843","targetHints":{"allow":["GET"]}}],"collection":[{"href":"https:\/\/diariodominicano.com\/index.php?rest_route=\/wp\/v2\/posts"}],"about":[{"href":"https:\/\/diariodominicano.com\/index.php?rest_route=\/wp\/v2\/types\/post"}],"author":[{"embeddable":true,"href":"https:\/\/diariodominicano.com\/index.php?rest_route=\/wp\/v2\/users\/3"}],"replies":[{"embeddable":true,"href":"https:\/\/diariodominicano.com\/index.php?rest_route=%2Fwp%2Fv2%2Fcomments&post=217843"}],"version-history":[{"count":0,"href":"https:\/\/diariodominicano.com\/index.php?rest_route=\/wp\/v2\/posts\/217843\/revisions"}],"wp:attachment":[{"href":"https:\/\/diariodominicano.com\/index.php?rest_route=%2Fwp%2Fv2%2Fmedia&parent=217843"}],"wp:term":[{"taxonomy":"category","embeddable":true,"href":"https:\/\/diariodominicano.com\/index.php?rest_route=%2Fwp%2Fv2%2Fcategories&post=217843"},{"taxonomy":"post_tag","embeddable":true,"href":"https:\/\/diariodominicano.com\/index.php?rest_route=%2Fwp%2Fv2%2Ftags&post=217843"}],"curies":[{"name":"wp","href":"https:\/\/api.w.org\/{rel}","templated":true}]}}