{"id":217842,"date":"2016-08-01T02:34:56","date_gmt":"2016-08-01T02:34:56","guid":{"rendered":"http:\/\/diariodominicano.ddns.net\/?p=217842"},"modified":"2016-08-01T02:34:56","modified_gmt":"2016-08-01T02:34:56","slug":"danilo-medina-celebra-honradez-y-dedicacion-de-los-padres-dominicanos","status":"publish","type":"post","link":"https:\/\/diariodominicano.com\/?p=217842","title":{"rendered":"Danilo Medina celebra honradez y dedicaci\u00f3n de los padres dominicanos"},"content":{"rendered":"<p><body><\/p>\n<p><img decoding=\"async\" src=\"img3\/portada_danilo_medina_celebra_honradez.jpg\" \/>  <\/p>\n<p>\u00abTe exhortamos a que estos valores sean siempre los grandes rectores de tus acciones\u00bb, dijo el jefe de Estado a los padres dominicanos mediante su cuenta de Twitter.<\/p>\n<p><strong>SANTO DOMINGO, RD, (DICOM) 31 de Julio de 2016.- <\/strong>El presidente Danilo Medina reiter\u00f3 sus felicitaciones a los padres dominicanos, con ocasi\u00f3n de celebrarse hoy su d\u00eda, de quienes destac\u00f3 su honradez, dedicaci\u00f3n y perseverancia.<\/p>\n<\/p>\n<p>\u00abTe exhortamos a que estos valores sean siempre los grandes rectores de tus acciones\u00bb, dijo el jefe de Estado a los padres dominicanos mediante su cuenta de Twitter.<\/p>\n<p><strong>Ejemplo para sus hijos e hijas <\/strong><\/p>\n<\/p>\n<p>Asimismo, valor\u00f3 la importancia de este d\u00eda que rinde honor a tantos dominicanos que con valent\u00eda y coraje son el ejemplo de sus hijos e hijas.<\/p>\n<\/p>\n<p>\u00abFelicidades a todos aquellos que forjan hombres y mujeres de bien y conducen a sus hijos e hijas por el camino correcto\u00bb.<\/p>\n<p><strong>Familias armoniosas y solidarias <\/strong> <\/p>\n<\/p>\n<p>Manifest\u00f3, adem\u00e1s, que la sociedad necesita padres capaces de conducir familias armoniosas y solidarias. \u00abNunca desmayes en ser siempre el mejor ejemplo para tus hijos\u00bb.<\/p>\n<h6> 2016-08-01 02:34:56 <\/h6>\n<p><!--\n<link rel=\"stylesheet\" href=\"css\/bootstrap.min.css\">\n\n\n<ul class=\"pagination\">\n\t    \n\t\n\n<li >\n\t<a href='?page_no=12322'>Previous<\/a>\n\t<\/li>\n\n\n       \n    \n\n<li><a href='?page_no=1'>1<\/a><\/li>\n\n\n\n<li><a href='?page_no=2'>2<\/a><\/li>\n\n\n\n<li><a>...<\/a><\/li>\n\n\n\n<li><a href='?page_no=12321'>12321<\/a><\/li>\n\n\n\n<li><a href='?page_no=12322'>12322<\/a><\/li>\n\n\n\n<li class='active'><a>12323<\/a><\/li>\n\n\n\n<li><a href='?page_no=12324'>12324<\/a><\/li>\n\n\n\n<li><a href='?page_no=12325'>12325<\/a><\/li>\n\n\n\n<li><a>...<\/a><\/li>\n\n\n\n<li><a href='?page_no=56169'>56169<\/a><\/li>\n\n\n\n<li><a href='?page_no=56170'>56170<\/a><\/li>\n\n    \n\t\n\n<li >\n\t<a href='?page_no=12324'>Next<\/a>\n\t<\/li>\n\n\n    \n\n<li><a href='?page_no=56170'>Last &rsaquo;&rsaquo;<\/a><\/li>\n\n<\/ul>\n\n\n--><br \/>\n<\/body><\/p>\n","protected":false},"excerpt":{"rendered":"<p>\u00abTe exhortamos a que estos valores sean siempre los grandes rectores de tus acciones\u00bb, dijo el jefe de Estado a los padres dominicanos mediante su cuenta de Twitter. SANTO DOMINGO, RD, (DICOM) 31 de Julio de 2016.- El presidente Danilo Medina reiter\u00f3 sus felicitaciones a los padres dominicanos, con ocasi\u00f3n de celebrarse hoy su d\u00eda, [&hellip;]<\/p>\n","protected":false},"author":3,"featured_media":0,"comment_status":"open","ping_status":"open","sticky":false,"template":"","format":"standard","meta":{"footnotes":""},"categories":[20],"tags":[],"class_list":["post-217842","post","type-post","status-publish","format-standard","hentry","category-dominicana-hoy"],"_links":{"self":[{"href":"https:\/\/diariodominicano.com\/index.php?rest_route=\/wp\/v2\/posts\/217842","targetHints":{"allow":["GET"]}}],"collection":[{"href":"https:\/\/diariodominicano.com\/index.php?rest_route=\/wp\/v2\/posts"}],"about":[{"href":"https:\/\/diariodominicano.com\/index.php?rest_route=\/wp\/v2\/types\/post"}],"author":[{"embeddable":true,"href":"https:\/\/diariodominicano.com\/index.php?rest_route=\/wp\/v2\/users\/3"}],"replies":[{"embeddable":true,"href":"https:\/\/diariodominicano.com\/index.php?rest_route=%2Fwp%2Fv2%2Fcomments&post=217842"}],"version-history":[{"count":0,"href":"https:\/\/diariodominicano.com\/index.php?rest_route=\/wp\/v2\/posts\/217842\/revisions"}],"wp:attachment":[{"href":"https:\/\/diariodominicano.com\/index.php?rest_route=%2Fwp%2Fv2%2Fmedia&parent=217842"}],"wp:term":[{"taxonomy":"category","embeddable":true,"href":"https:\/\/diariodominicano.com\/index.php?rest_route=%2Fwp%2Fv2%2Fcategories&post=217842"},{"taxonomy":"post_tag","embeddable":true,"href":"https:\/\/diariodominicano.com\/index.php?rest_route=%2Fwp%2Fv2%2Ftags&post=217842"}],"curies":[{"name":"wp","href":"https:\/\/api.w.org\/{rel}","templated":true}]}}