{"id":217839,"date":"2016-08-01T10:15:35","date_gmt":"2016-08-01T10:15:35","guid":{"rendered":"http:\/\/diariodominicano.ddns.net\/?p=217839"},"modified":"2016-08-01T10:15:35","modified_gmt":"2016-08-01T10:15:35","slug":"acuerdo-del-inap-e-inm-rd-mejorara-servicios-en-materia-migratoria","status":"publish","type":"post","link":"https:\/\/diariodominicano.com\/?p=217839","title":{"rendered":"Acuerdo del INAP e  INM RD mejorar\u00e1 servicios en materia migratoria"},"content":{"rendered":"<p><body><\/p>\n<p><img decoding=\"async\" src=\"img3\/acuerdo 1-8.jpg\" \/>  <\/p>\n<p><span class=\"text1noticias\">Santo Domingo, R. D., 1 de agosto.- Con el fin de mejorar la capacidad de los empleados p\u00fablicos en el \u00e1rea de la gesti\u00f3n y planificaci\u00f3n de las pol\u00edticas y de los servicios migratorios, la directora ejecutiva del Instituto Nacional de Migraci\u00f3n (INM RD), Doctora Florinda Rojas, firm\u00f3 un nuevo convenio de cooperaci\u00f3n, esta vez con la Doctora Celenia Vidal, directora general del Instituto Nacional de la Administraci\u00f3n P\u00fablica (INAP).<\/span><\/p>\n<p><span class=\"text1noticias\"> <\/span><\/p>\n<p><span class=\"text1noticias\">El acuerdo se llevar\u00e1 a cabo a trav\u00e9s de actividades de formaci\u00f3n, capacitaci\u00f3n y apoyo rec\u00edproco en el dise\u00f1o y ejecuci\u00f3n de proyectos; apoyo mutuo en la financiaci\u00f3n de los programas estrat\u00e9gicos como cursos, talleres, diplomados, seminarios, conferencias y jornadas cient\u00edfico-t\u00e9cnicas; acreditaci\u00f3n, homologaci\u00f3n y certificaci\u00f3n de los programas de formaci\u00f3n del Instituto Nacional de Migraci\u00f3n (INM RD) de acuerdo a los criterios y procedimientos establecidos, entre otros.   <\/span><\/p>\n<p><span class=\"text1noticias\"> <\/span><\/p>\n<p><span class=\"text1noticias\">Con relaci\u00f3n a lo pactado con el INAP, los programas de formaci\u00f3n y capacitaci\u00f3n concebidos por el INM RD y el INAP, desarrollar\u00e1n proyectos que sirvan para lograr la consecuci\u00f3n de las principales funciones de las dos Instituciones.<\/span><\/p>\n<p><span class=\"text1noticias\"> <\/span><\/p>\n<p><span class=\"text1noticias\">Seg\u00fan la directora del INM RD, Florinda Rojas, \u00aben este  acuerdo de cooperaci\u00f3n interinstitucional, apuntamos a seguir con el cumplimiento de nuestra tarea de contribuir a la capacitaci\u00f3n y formaci\u00f3n  de  los Inspectores, Oficiales de Control Migratorio y dem\u00e1s personal de la Direcci\u00f3n General de Migraci\u00f3n, estableciendo relaciones con entidades pares para trabajar en conjunto hacia el fortalecimiento de la administraci\u00f3n p\u00fablica y la modernizaci\u00f3n de la gesti\u00f3n migratoria\u00bb, enfatiz\u00f3 la abogada dominicana.<\/span><\/p>\n<p><span class=\"text1noticias\"> <\/span><\/p>\n<p><span class=\"text1noticias\">Por su parte, la Dra. Celenia Vidal, directora del INAP se\u00f1alo que \u00abestamos muy enfocados en la transformaci\u00f3n integral de todos los servidores p\u00fablicos, y con esta firma de acuerdo de cooperaci\u00f3n que hoy rubricamos con el Instituto Nacional de Migraci\u00f3n, estamos entregando una herramienta m\u00e1s a nuestros servidores p\u00fablicos, con los cuales garantizamos que tengan un mejor desempe\u00f1o en sus funciones\u00bb.<\/span><\/p>\n<p><span class=\"text1noticias\"> <\/span><\/p>\n<p><span class=\"text1noticias\">El equipo de coordinaci\u00f3n para ejecutar las acciones de este convenio entre el INAP y el INM RD est\u00e1 liderado por la Lcda. Gina Gallardo, encargada de la Escuela Nacional de Migraci\u00f3n representante del INM RD y por la Licda. Claribel Castro, encargada del Departamento de Gesti\u00f3n de la Formaci\u00f3n y Profesionalizaci\u00f3n del INAP.<\/span><\/p>\n<p><span class=\"text1noticias\"> <\/span><\/p>\n<p><span class=\"text1noticias\"> <\/span><\/p>\n<p><span class=\"text1noticias\">Sobre el INM  RD<\/span><\/p>\n<p><span class=\"text1noticias\">El Instituto Nacional de Migraci\u00f3n (INM RD) es un organismo especializado adscrito al Ministerio de Interior y Polic\u00eda, cuya responsabilidad consiste en llevar a cabo investigaciones sobre las causas, consecuencias e impacto econ\u00f3mico, pol\u00edtico, social y cultural de las migraciones en el \u00e1mbito nacional e  internacional, as\u00ed como poner en marcha acciones formativas a trav\u00e9s de la Escuela Nacional de Migraci\u00f3n (ENM), la cual tiene la misi\u00f3n de contribuir con el fortalecimiento de la gesti\u00f3n migratoria, mediante programas de capacitaci\u00f3n.<\/span><\/p>\n<p><span class=\"text1noticias\"> <\/span><\/p>\n<p><span class=\"text1noticias\">Sobre el INAP<\/span><\/p>\n<p><span class=\"text1noticias\">El Instituto Nacional de Administraci\u00f3n P\u00fablica (INAP) es una entidad dependiente del Ministerio de Administraci\u00f3n P\u00fablica (MAP), cuyas funciones  est\u00e1n orientadas a formar y desarrollar capacidades en los servidores del Estado y a los ciudadanos que aspiren ingresar a este servicio; en procura de colaborar con los organismos estatales para brindar un mejor servicio hacia la ciudadan\u00eda.<\/span><\/p>\n<p><span class=\"text1noticias\"> <\/span><\/p>\n<p><span class=\"text1noticias\">Informaci\u00f3n de contacto: PAOLA AMADOR OLIVEROS Encargada de Comunicaciones INM RD.paola.amador@inm.gob.do Tel. 809 412 06 66 Ext. 227 Cel: 809 601 37 71. JACQUELINE RAMOS, Divisi\u00f3n de Comunicaciones INAP jramos@inap.gov.do  809 689-8955 Ext. 277.<\/span><\/p>\n<p><span class=\"text1noticias\"> <\/span><\/p>\n<p><span class=\"text1noticias\"> <\/span><\/p>\n<h6> 2016-08-01 10:15:35 <\/h6>\n<p><!--\n<link rel=\"stylesheet\" href=\"css\/bootstrap.min.css\">\n\n\n<ul class=\"pagination\">\n\t    \n\t\n\n<li >\n\t<a href='?page_no=12319'>Previous<\/a>\n\t<\/li>\n\n\n       \n    \n\n<li><a href='?page_no=1'>1<\/a><\/li>\n\n\n\n<li><a href='?page_no=2'>2<\/a><\/li>\n\n\n\n<li><a>...<\/a><\/li>\n\n\n\n<li><a href='?page_no=12318'>12318<\/a><\/li>\n\n\n\n<li><a href='?page_no=12319'>12319<\/a><\/li>\n\n\n\n<li class='active'><a>12320<\/a><\/li>\n\n\n\n<li><a href='?page_no=12321'>12321<\/a><\/li>\n\n\n\n<li><a href='?page_no=12322'>12322<\/a><\/li>\n\n\n\n<li><a>...<\/a><\/li>\n\n\n\n<li><a href='?page_no=56169'>56169<\/a><\/li>\n\n\n\n<li><a href='?page_no=56170'>56170<\/a><\/li>\n\n    \n\t\n\n<li >\n\t<a href='?page_no=12321'>Next<\/a>\n\t<\/li>\n\n\n    \n\n<li><a href='?page_no=56170'>Last &rsaquo;&rsaquo;<\/a><\/li>\n\n<\/ul>\n\n\n--><br \/>\n<\/body><\/p>\n","protected":false},"excerpt":{"rendered":"<p>Santo Domingo, R. D., 1 de agosto.- Con el fin de mejorar la capacidad de los empleados p\u00fablicos en el \u00e1rea de la gesti\u00f3n y planificaci\u00f3n de las pol\u00edticas y de los servicios migratorios, la directora ejecutiva del Instituto Nacional de Migraci\u00f3n (INM RD), Doctora Florinda Rojas, firm\u00f3 un nuevo convenio de cooperaci\u00f3n, esta vez [&hellip;]<\/p>\n","protected":false},"author":3,"featured_media":0,"comment_status":"open","ping_status":"open","sticky":false,"template":"","format":"standard","meta":{"footnotes":""},"categories":[20],"tags":[],"class_list":["post-217839","post","type-post","status-publish","format-standard","hentry","category-dominicana-hoy"],"_links":{"self":[{"href":"https:\/\/diariodominicano.com\/index.php?rest_route=\/wp\/v2\/posts\/217839","targetHints":{"allow":["GET"]}}],"collection":[{"href":"https:\/\/diariodominicano.com\/index.php?rest_route=\/wp\/v2\/posts"}],"about":[{"href":"https:\/\/diariodominicano.com\/index.php?rest_route=\/wp\/v2\/types\/post"}],"author":[{"embeddable":true,"href":"https:\/\/diariodominicano.com\/index.php?rest_route=\/wp\/v2\/users\/3"}],"replies":[{"embeddable":true,"href":"https:\/\/diariodominicano.com\/index.php?rest_route=%2Fwp%2Fv2%2Fcomments&post=217839"}],"version-history":[{"count":0,"href":"https:\/\/diariodominicano.com\/index.php?rest_route=\/wp\/v2\/posts\/217839\/revisions"}],"wp:attachment":[{"href":"https:\/\/diariodominicano.com\/index.php?rest_route=%2Fwp%2Fv2%2Fmedia&parent=217839"}],"wp:term":[{"taxonomy":"category","embeddable":true,"href":"https:\/\/diariodominicano.com\/index.php?rest_route=%2Fwp%2Fv2%2Fcategories&post=217839"},{"taxonomy":"post_tag","embeddable":true,"href":"https:\/\/diariodominicano.com\/index.php?rest_route=%2Fwp%2Fv2%2Ftags&post=217839"}],"curies":[{"name":"wp","href":"https:\/\/api.w.org\/{rel}","templated":true}]}}