{"id":217837,"date":"2016-08-01T10:33:08","date_gmt":"2016-08-01T10:33:08","guid":{"rendered":"http:\/\/diariodominicano.ddns.net\/?p=217837"},"modified":"2016-08-01T10:33:08","modified_gmt":"2016-08-01T10:33:08","slug":"advierten-variar-derecho-a-la-vida-hay-que-modificar-la-constitucion","status":"publish","type":"post","link":"https:\/\/diariodominicano.com\/?p=217837","title":{"rendered":"Advierten variar derecho a la vida hay que modificar la constituci\u00f3n"},"content":{"rendered":"<p><body><\/p>\n<p><img decoding=\"async\" src=\"img3\/aborto 1-8.jpg\" \/>  <\/p>\n<p><span class=\"text1noticias\">Santo Domingo, R. D.,  1 de agosto.- El presidente de la Comisi\u00f3n de Salud del Senado de la Rep\u00fablica, y representante por la provincia Hermanas Mirabal, Luis Ren\u00e9 Cana\u00e1n, advirti\u00f3 a los defensores del aborto, que para variar el derecho a la vida en la Rep\u00fablica Dominicana, habr\u00eda que modificar la Constituci\u00f3n, la cual es clara en su art\u00edculo 37.<\/span><\/p>\n<p><span class=\"text1noticias\"> <\/span><\/p>\n<p><span class=\"text1noticias\">Afirm\u00f3 que a pesar de las posiciones encontradas que ha generado el aborto, hay que evitar que el C\u00f3digo Penal muera nuevamente, ya que el mismo es una necesidad para garantizar la seguridad ciudadana en el pa\u00eds.<\/span><\/p>\n<p><span class=\"text1noticias\"> <\/span><\/p>\n<p><span class=\"text1noticias\"> ??Si no estamos de acuerdo con la defensa de la vida, creo que esos sectores lo que deben hacer es someter una reforma constitucional, para modificar la carta magna, pero por dem\u00e1s, el art\u00edculo  42, de la Constituci\u00f3n numeral 3, tambi\u00e9n da una herramienta jur\u00eddica de defensa a la intervenci\u00f3n del personal de salud en cualquier circunstancia que peligre la vida de un ser humano ll\u00e1mese con el aborto, o cualquier otro procedimiento que se requiera??, precis\u00f3 Cana\u00e1n al ser entrevistado por Elvis Lima en el programa Fuera de Record del canal 45.<\/span><\/p>\n<p><span class=\"text1noticias\"> <\/span><\/p>\n<p><span class=\"text1noticias\">Dijo que por convicci\u00f3n cristiana es un defensor del derecho a la vida desde la concepci\u00f3n hasta la muerte, sin embargo, ??hay causales que en defensa de la vida pueden llevar a que el m\u00e1s d\u00e9bil en este caso en el aborto pierda la condici\u00f3n de ser viviente.<\/span><\/p>\n<p><span class=\"text1noticias\"> <\/span><\/p>\n<p><span class=\"text1noticias\">El espinoso tema fue enviado a la Comisi\u00f3n de Justicia y Derechos Humanos del Senado, el cual se abocar\u00e1 a conocerlo tan pronto se inicie la segunda legislatura ordinaria el pr\u00f3ximo 16 de agosto.<\/span><\/p>\n<p><span class=\"text1noticias\"> <\/span><\/p>\n<p><span class=\"text1noticias\">Por otra parte, Ren\u00e9 Cana\u00e1n manifest\u00f3 que debido a la situaci\u00f3n del pa\u00eds es  innegable que hay que atacar la mortalidad materna y la mortalidad infantil, las cuales son un componente importante a la hora de evaluar los problemas de salud.<\/span><\/p>\n<p><span class=\"text1noticias\"> <\/span><\/p>\n<p><span class=\"text1noticias\">Dijo que todo este debate lo ha llevado tambi\u00e9n a la conclusi\u00f3n de que hay que profundizar en la Rep\u00fablica Dominicana la educaci\u00f3n sexual, sobre todo en las escuelas pero integrando a las diversas corrientes  filos\u00f3ficas y religiosas.<\/span><\/p>\n<p><span class=\"text1noticias\"> <\/span><\/p>\n<p><span class=\"text1noticias\">??Es decir, d\u00e1ndole oportunidad a los hermanos evang\u00e9licos, a los hermanos cat\u00f3licos para que puedan desde su \u00f3ptica promover h\u00e1bitos saludables  de posposici\u00f3n del embarazo y de las relaciones sexuales, pero adem\u00e1s que la poblaci\u00f3n sepa que este es un Estado laico??, manifest\u00f3 el legisl<\/span>ador.<\/p>\n<\/p>\n<h6> 2016-08-01 10:33:08 <\/h6>\n<p><!--\n<link rel=\"stylesheet\" href=\"css\/bootstrap.min.css\">\n\n\n<ul class=\"pagination\">\n\t    \n\t\n\n<li >\n\t<a href='?page_no=12318'>Previous<\/a>\n\t<\/li>\n\n\n       \n    \n\n<li><a href='?page_no=1'>1<\/a><\/li>\n\n\n\n<li><a href='?page_no=2'>2<\/a><\/li>\n\n\n\n<li><a>...<\/a><\/li>\n\n\n\n<li><a href='?page_no=12317'>12317<\/a><\/li>\n\n\n\n<li><a href='?page_no=12318'>12318<\/a><\/li>\n\n\n\n<li class='active'><a>12319<\/a><\/li>\n\n\n\n<li><a href='?page_no=12320'>12320<\/a><\/li>\n\n\n\n<li><a href='?page_no=12321'>12321<\/a><\/li>\n\n\n\n<li><a>...<\/a><\/li>\n\n\n\n<li><a href='?page_no=56169'>56169<\/a><\/li>\n\n\n\n<li><a href='?page_no=56170'>56170<\/a><\/li>\n\n    \n\t\n\n<li >\n\t<a href='?page_no=12320'>Next<\/a>\n\t<\/li>\n\n\n    \n\n<li><a href='?page_no=56170'>Last &rsaquo;&rsaquo;<\/a><\/li>\n\n<\/ul>\n\n\n--><br \/>\n<\/body><\/p>\n","protected":false},"excerpt":{"rendered":"<p>Santo Domingo, R. D., 1 de agosto.- El presidente de la Comisi\u00f3n de Salud del Senado de la Rep\u00fablica, y representante por la provincia Hermanas Mirabal, Luis Ren\u00e9 Cana\u00e1n, advirti\u00f3 a los defensores del aborto, que para variar el derecho a la vida en la Rep\u00fablica Dominicana, habr\u00eda que modificar la Constituci\u00f3n, la cual es [&hellip;]<\/p>\n","protected":false},"author":3,"featured_media":0,"comment_status":"open","ping_status":"open","sticky":false,"template":"","format":"standard","meta":{"footnotes":""},"categories":[20],"tags":[],"class_list":["post-217837","post","type-post","status-publish","format-standard","hentry","category-dominicana-hoy"],"_links":{"self":[{"href":"https:\/\/diariodominicano.com\/index.php?rest_route=\/wp\/v2\/posts\/217837","targetHints":{"allow":["GET"]}}],"collection":[{"href":"https:\/\/diariodominicano.com\/index.php?rest_route=\/wp\/v2\/posts"}],"about":[{"href":"https:\/\/diariodominicano.com\/index.php?rest_route=\/wp\/v2\/types\/post"}],"author":[{"embeddable":true,"href":"https:\/\/diariodominicano.com\/index.php?rest_route=\/wp\/v2\/users\/3"}],"replies":[{"embeddable":true,"href":"https:\/\/diariodominicano.com\/index.php?rest_route=%2Fwp%2Fv2%2Fcomments&post=217837"}],"version-history":[{"count":0,"href":"https:\/\/diariodominicano.com\/index.php?rest_route=\/wp\/v2\/posts\/217837\/revisions"}],"wp:attachment":[{"href":"https:\/\/diariodominicano.com\/index.php?rest_route=%2Fwp%2Fv2%2Fmedia&parent=217837"}],"wp:term":[{"taxonomy":"category","embeddable":true,"href":"https:\/\/diariodominicano.com\/index.php?rest_route=%2Fwp%2Fv2%2Fcategories&post=217837"},{"taxonomy":"post_tag","embeddable":true,"href":"https:\/\/diariodominicano.com\/index.php?rest_route=%2Fwp%2Fv2%2Ftags&post=217837"}],"curies":[{"name":"wp","href":"https:\/\/api.w.org\/{rel}","templated":true}]}}