{"id":217836,"date":"2016-08-01T11:19:03","date_gmt":"2016-08-01T11:19:03","guid":{"rendered":"http:\/\/diariodominicano.ddns.net\/?p=217836"},"modified":"2016-08-01T11:19:03","modified_gmt":"2016-08-01T11:19:03","slug":"el-mic-gana-premio-provincial-a-la-calidad","status":"publish","type":"post","link":"https:\/\/diariodominicano.com\/?p=217836","title":{"rendered":"El MIC gana Premio Provincial a la Calidad"},"content":{"rendered":"<p><body><\/p>\n<p><img decoding=\"async\" src=\"img3\/mic 1-8.jpg\" \/>  <\/p>\n<p><span class=\"text1noticias\">Santo Domingo, R. D., 1 de agosto.- Con la presencia del ministro Jos\u00e9 del Castillo Savi\u00f1\u00f3n, la Oficina Provincial del Ministerio de Industria y Comercio recibi\u00f3 el Premio a la Calidad de la Gesti\u00f3n del Sector P\u00fablico de la Provincia de Santiago, en el rengl\u00f3n Medalla de Plata.<\/span><\/p>\n<p><span class=\"text1noticias\"> <\/span><\/p>\n<p><span class=\"text1noticias\">El reconocimiento, que otorga el Ministerio de Administraci\u00f3n P\u00fablica (MAP) en su tercera edici\u00f3n, fue recibido por el director provincial del MIC y la encargada de la DICOEX, Andr\u00e9s Billini y Haid\u00e9e Fadul, respectivamente.<\/span><\/p>\n<p><span class=\"text1noticias\"> <\/span><\/p>\n<p><span class=\"text1noticias\">La premiaci\u00f3n es un reconocimiento al esfuerzo sostenido y continuo para mejorar la calidad del servicio p\u00fablico dominicano.<\/span><\/p>\n<p><span class=\"text1noticias\"> <\/span><\/p>\n<p><span class=\"text1noticias\">El acto se realiz\u00f3 en las instalaciones de la Pontificia Universidad Cat\u00f3lica Madre y Maestra (PUC<\/span>MM<\/p>\n<h6> 2016-08-01 11:19:03 <\/h6>\n<p><!--\n<link rel=\"stylesheet\" href=\"css\/bootstrap.min.css\">\n\n\n<ul class=\"pagination\">\n\t    \n\t\n\n<li >\n\t<a href='?page_no=12317'>Previous<\/a>\n\t<\/li>\n\n\n       \n    \n\n<li><a href='?page_no=1'>1<\/a><\/li>\n\n\n\n<li><a href='?page_no=2'>2<\/a><\/li>\n\n\n\n<li><a>...<\/a><\/li>\n\n\n\n<li><a href='?page_no=12316'>12316<\/a><\/li>\n\n\n\n<li><a href='?page_no=12317'>12317<\/a><\/li>\n\n\n\n<li class='active'><a>12318<\/a><\/li>\n\n\n\n<li><a href='?page_no=12319'>12319<\/a><\/li>\n\n\n\n<li><a href='?page_no=12320'>12320<\/a><\/li>\n\n\n\n<li><a>...<\/a><\/li>\n\n\n\n<li><a href='?page_no=56169'>56169<\/a><\/li>\n\n\n\n<li><a href='?page_no=56170'>56170<\/a><\/li>\n\n    \n\t\n\n<li >\n\t<a href='?page_no=12319'>Next<\/a>\n\t<\/li>\n\n\n    \n\n<li><a href='?page_no=56170'>Last &rsaquo;&rsaquo;<\/a><\/li>\n\n<\/ul>\n\n\n--><br \/>\n<\/body><\/p>\n","protected":false},"excerpt":{"rendered":"<p>Santo Domingo, R. D., 1 de agosto.- Con la presencia del ministro Jos\u00e9 del Castillo Savi\u00f1\u00f3n, la Oficina Provincial del Ministerio de Industria y Comercio recibi\u00f3 el Premio a la Calidad de la Gesti\u00f3n del Sector P\u00fablico de la Provincia de Santiago, en el rengl\u00f3n Medalla de Plata. El reconocimiento, que otorga el Ministerio de [&hellip;]<\/p>\n","protected":false},"author":3,"featured_media":0,"comment_status":"open","ping_status":"open","sticky":false,"template":"","format":"standard","meta":{"footnotes":""},"categories":[20],"tags":[],"class_list":["post-217836","post","type-post","status-publish","format-standard","hentry","category-dominicana-hoy"],"_links":{"self":[{"href":"https:\/\/diariodominicano.com\/index.php?rest_route=\/wp\/v2\/posts\/217836","targetHints":{"allow":["GET"]}}],"collection":[{"href":"https:\/\/diariodominicano.com\/index.php?rest_route=\/wp\/v2\/posts"}],"about":[{"href":"https:\/\/diariodominicano.com\/index.php?rest_route=\/wp\/v2\/types\/post"}],"author":[{"embeddable":true,"href":"https:\/\/diariodominicano.com\/index.php?rest_route=\/wp\/v2\/users\/3"}],"replies":[{"embeddable":true,"href":"https:\/\/diariodominicano.com\/index.php?rest_route=%2Fwp%2Fv2%2Fcomments&post=217836"}],"version-history":[{"count":0,"href":"https:\/\/diariodominicano.com\/index.php?rest_route=\/wp\/v2\/posts\/217836\/revisions"}],"wp:attachment":[{"href":"https:\/\/diariodominicano.com\/index.php?rest_route=%2Fwp%2Fv2%2Fmedia&parent=217836"}],"wp:term":[{"taxonomy":"category","embeddable":true,"href":"https:\/\/diariodominicano.com\/index.php?rest_route=%2Fwp%2Fv2%2Fcategories&post=217836"},{"taxonomy":"post_tag","embeddable":true,"href":"https:\/\/diariodominicano.com\/index.php?rest_route=%2Fwp%2Fv2%2Ftags&post=217836"}],"curies":[{"name":"wp","href":"https:\/\/api.w.org\/{rel}","templated":true}]}}