{"id":217835,"date":"2016-08-01T12:42:10","date_gmt":"2016-08-01T12:42:10","guid":{"rendered":"http:\/\/diariodominicano.ddns.net\/?p=217835"},"modified":"2016-08-01T12:42:10","modified_gmt":"2016-08-01T12:42:10","slug":"disponen-almacenamiento-de-100-millones-de-galones-de-agua-potable","status":"publish","type":"post","link":"https:\/\/diariodominicano.com\/?p=217835","title":{"rendered":"Disponen almacenamiento de 100 millones de galones de agua potable"},"content":{"rendered":"<p><body><\/p>\n<p><img decoding=\"async\" src=\"img3\/CAASD1-8.jpg\" \/>  <\/p>\n<p>Santo Domingo, R. D., 1 de agosto.- <span class=\"text1noticias\">El director general de la Corporaci\u00f3n del Acueducto y Alcantarillado de Santo Domingo (CAASD), arquitecto Alejandro Mont\u00e1s, anunci\u00f3 la activaci\u00f3n del Plan de Contingencia para dar respuesta positiva a la poblaci\u00f3n ante el paso por el pa\u00eds de las ondas tropicales anunciadas por el Centro de Operaciones de Emergencias (COE).<\/span><\/p>\n<p><span class=\"text1noticias\"> <\/span><\/p>\n<p><span class=\"text1noticias\">En la sesi\u00f3n de este lunes del Comit\u00e9 de Emergencia de la CAASD se acord\u00f3 el llenado de los tanques de almacenamiento de agua potable, incrementar la presencia del personal militar custodiando cada uno de los sistemas de acueductos y campos de pozos y disponer de un personal t\u00e9cnico disponible 24 horas.<\/span><\/p>\n<p><span class=\"text1noticias\"> <\/span><\/p>\n<p><span class=\"text1noticias\">\u00abPara nosotros lo m\u00e1s importantes es preservar vida y garantizar la distribuci\u00f3n y el buen servicio de agua potable a la ciudadan\u00eda, por esa raz\u00f3n hemos tomando las medidas preventivas desde ayer domingo\u00bb, afirm\u00f3 el arquitecto Mont\u00e1s.<\/span><\/p>\n<p><span class=\"text1noticias\"> <\/span><\/p>\n<p><span class=\"text1noticias\">El funcionario instruy\u00f3 a los integrantes del Comit\u00e9 de Emergencia de esa corporaci\u00f3n el abastecimiento de todas las sustancias qu\u00edmicas necesarias para tratar el agua y llevarla en \u00f3ptimas condiciones a los hogares del Distrito Nacional y la provincia Santo Domingo<\/span>.<\/p>\n<h6> 2016-08-01 12:42:10 <\/h6>\n<p><!--\n<link rel=\"stylesheet\" href=\"css\/bootstrap.min.css\">\n\n\n<ul class=\"pagination\">\n\t    \n\t\n\n<li >\n\t<a href='?page_no=12316'>Previous<\/a>\n\t<\/li>\n\n\n       \n    \n\n<li><a href='?page_no=1'>1<\/a><\/li>\n\n\n\n<li><a href='?page_no=2'>2<\/a><\/li>\n\n\n\n<li><a>...<\/a><\/li>\n\n\n\n<li><a href='?page_no=12315'>12315<\/a><\/li>\n\n\n\n<li><a href='?page_no=12316'>12316<\/a><\/li>\n\n\n\n<li class='active'><a>12317<\/a><\/li>\n\n\n\n<li><a href='?page_no=12318'>12318<\/a><\/li>\n\n\n\n<li><a href='?page_no=12319'>12319<\/a><\/li>\n\n\n\n<li><a>...<\/a><\/li>\n\n\n\n<li><a href='?page_no=56169'>56169<\/a><\/li>\n\n\n\n<li><a href='?page_no=56170'>56170<\/a><\/li>\n\n    \n\t\n\n<li >\n\t<a href='?page_no=12318'>Next<\/a>\n\t<\/li>\n\n\n    \n\n<li><a href='?page_no=56170'>Last &rsaquo;&rsaquo;<\/a><\/li>\n\n<\/ul>\n\n\n--><br \/>\n<\/body><\/p>\n","protected":false},"excerpt":{"rendered":"<p>Santo Domingo, R. D., 1 de agosto.- El director general de la Corporaci\u00f3n del Acueducto y Alcantarillado de Santo Domingo (CAASD), arquitecto Alejandro Mont\u00e1s, anunci\u00f3 la activaci\u00f3n del Plan de Contingencia para dar respuesta positiva a la poblaci\u00f3n ante el paso por el pa\u00eds de las ondas tropicales anunciadas por el Centro de Operaciones de [&hellip;]<\/p>\n","protected":false},"author":3,"featured_media":0,"comment_status":"open","ping_status":"open","sticky":false,"template":"","format":"standard","meta":{"footnotes":""},"categories":[20],"tags":[],"class_list":["post-217835","post","type-post","status-publish","format-standard","hentry","category-dominicana-hoy"],"_links":{"self":[{"href":"https:\/\/diariodominicano.com\/index.php?rest_route=\/wp\/v2\/posts\/217835","targetHints":{"allow":["GET"]}}],"collection":[{"href":"https:\/\/diariodominicano.com\/index.php?rest_route=\/wp\/v2\/posts"}],"about":[{"href":"https:\/\/diariodominicano.com\/index.php?rest_route=\/wp\/v2\/types\/post"}],"author":[{"embeddable":true,"href":"https:\/\/diariodominicano.com\/index.php?rest_route=\/wp\/v2\/users\/3"}],"replies":[{"embeddable":true,"href":"https:\/\/diariodominicano.com\/index.php?rest_route=%2Fwp%2Fv2%2Fcomments&post=217835"}],"version-history":[{"count":0,"href":"https:\/\/diariodominicano.com\/index.php?rest_route=\/wp\/v2\/posts\/217835\/revisions"}],"wp:attachment":[{"href":"https:\/\/diariodominicano.com\/index.php?rest_route=%2Fwp%2Fv2%2Fmedia&parent=217835"}],"wp:term":[{"taxonomy":"category","embeddable":true,"href":"https:\/\/diariodominicano.com\/index.php?rest_route=%2Fwp%2Fv2%2Fcategories&post=217835"},{"taxonomy":"post_tag","embeddable":true,"href":"https:\/\/diariodominicano.com\/index.php?rest_route=%2Fwp%2Fv2%2Ftags&post=217835"}],"curies":[{"name":"wp","href":"https:\/\/api.w.org\/{rel}","templated":true}]}}