{"id":217834,"date":"2016-08-01T12:54:37","date_gmt":"2016-08-01T12:54:37","guid":{"rendered":"http:\/\/diariodominicano.ddns.net\/?p=217834"},"modified":"2016-08-01T12:54:37","modified_gmt":"2016-08-01T12:54:37","slug":"hospital-de-sabana-grande-de-boya-modelo-de-atencion-humana","status":"publish","type":"post","link":"https:\/\/diariodominicano.com\/?p=217834","title":{"rendered":"Hospital de Sabana Grande de Boya: modelo de atenci\u00f3n humana"},"content":{"rendered":"<p><body><\/p>\n<p><span class=\"text1noticias\">Santo Domingo, R. D., 1 de agosto.- El Hospital Pedro Heredia Rojas, del municipio Sabana Grande de Boy\u00e1, en la provincia Monte Plata, es un centro asistencial \u00abdonde m\u00e9dicos y pacientes hablan el mismo idioma\u00bb, y que camina hacia la autogesti\u00f3n.<\/span><\/p>\n<p><span class=\"text1noticias\"> <\/span><\/p>\n<p><span class=\"text1noticias\">Trato digno de los pacientes<\/span><\/p>\n<p><span class=\"text1noticias\"> <\/span><\/p>\n<p><span class=\"text1noticias\">All\u00ed los m\u00e9dicos y el personal de salud practican el trato digno a los pacientes, reciben buena remuneraci\u00f3n por el servicio que brindan y todo el personal, incluyendo desde los conserjes hasta los m\u00e9dicos, \u00abponchan\u00bb para registrar sus horas de trabajo.<\/span><\/p>\n<p><span class=\"text1noticias\"> <\/span><\/p>\n<p><span class=\"text1noticias\">As\u00ed lo expres\u00f3 su director, Jes\u00fas Mej\u00eda, un director con formaci\u00f3n en gesti\u00f3n hospitalaria, con amor al pr\u00f3jimo y la determinaci\u00f3n de cumplir con la meta de llevar al hospital cada vez m\u00e1s hacia la sostenibilidad, a trav\u00e9s de la autogesti\u00f3n.<\/span><\/p>\n<p><span class=\"text1noticias\"> <\/span><\/p>\n<p><span class=\"text1noticias\">\u00abEs un hospital que pertenece al Servicio Nacional de Salud. Es un hospital p\u00fablico que sirve a 32 mil habitantes, con 41 m\u00e9dicos, 21 camas y las especialidades fundamentales propias de un centro de segundo nivel\u00bb, dijo Jes\u00fas Mej\u00eda, entrevistado por Julio Hazim en el programa Revista 110.<\/span><\/p>\n<p><span class=\"text1noticias\"> <\/span><\/p>\n<p><span class=\"text1noticias\">Todo el paciente que llega al hospital tiene el mismo nivel de atenci\u00f3n<\/span><\/p>\n<p><span class=\"text1noticias\"> <\/span><\/p>\n<p><span class=\"text1noticias\">En ese contexto, dijo que todo el paciente que llega al hospital tiene el mismo nivel de atenci\u00f3n y no tiene que pagar ni un centavo ni se le exige el copago. Hay horarios organizados para las consultas, que se extienden desde las 8:00 de la ma\u00f1ana hasta las 12:00 del mediod\u00eda y desde las 12:00 hasta las 6:00 de la tarde.<\/span><\/p>\n<p><span class=\"text1noticias\"> <\/span><\/p>\n<p><span class=\"text1noticias\">Armon\u00eda con las ARS<\/span><\/p>\n<p><span class=\"text1noticias\"> <\/span><\/p>\n<p><span class=\"text1noticias\">Gracias a las negociaciones con las ARS, el hospital recibe 2 millones de pesos mensuales, adicionales a los 300,000 pesos que recibe del Ministerio de Salud P\u00fablica.<\/span><\/p>\n<p><span class=\"text1noticias\"> <\/span><\/p>\n<p><span class=\"text1noticias\">\u00abNo es totalmente un hospital de autogesti\u00f3n, pero hacia all\u00e1 vamos. Somos un hospital tradicional que va caminando hacia el modelo de la autogesti\u00f3n\u00bb.<\/span><\/p>\n<p><span class=\"text1noticias\"> <\/span><\/p>\n<p><span class=\"text1noticias\">Este centro ha evolucionado gracias a la transformaci\u00f3n que inici\u00f3 con la correcta selecci\u00f3n de personal y sigui\u00f3 con la habilitaci\u00f3n para cobrarle a las ARS por servicios prestados, la reforma en los procesos de atenci\u00f3n a pacientes, la transformaci\u00f3n de la estructura hospitalaria, el cumplimiento efectivo del horario y mejor remuneraci\u00f3n del personal.<\/span><\/p>\n<p><span class=\"text1noticias\"> <\/span><\/p>\n<p><span class=\"text1noticias\">Un nuevo modelo que funciona y unidad fuerte de su personal m\u00e9dico, param\u00e9dicos y pacientes<\/span><\/p>\n<p><span class=\"text1noticias\"> <\/span><\/p>\n<p><span class=\"text1noticias\">El resultado ha sido un nuevo modelo de gesti\u00f3n que funciona y el director dej\u00f3 de ser la \u00fanica garant\u00eda de su sostenibilidad, pues todos y todas ya lo son, personal m\u00e9dico y param\u00e9dico y pacientes.<\/span><\/p>\n<p><span class=\"text1noticias\"> <\/span><\/p>\n<p><span class=\"text1noticias\">La mortalidad materna es cero, los equipos est\u00e1n bien cuidados, las instalaciones est\u00e1n limpias<\/span><\/p>\n<p><span class=\"text1noticias\"> <\/span><\/p>\n<p><span class=\"text1noticias\">En el hospital de Sabana Grande de Boy\u00e1 la mortalidad materna es cero, los equipos est\u00e1n bien cuidados, las instalaciones siguen limpias, las habitaciones acogen uno o dos pacientes, tienen aire acondicionado, neverita y televisor, las emergencias fluyen y las consultas son atendidas a buen ritmo.<\/span><\/p>\n<p><span class=\"text1noticias\"> <\/span><\/p>\n<p><span class=\"text1noticias\">Jes\u00fas Mej\u00eda indic\u00f3 que all\u00ed se brinda el servicio de pediatr\u00eda, ginecolog\u00eda y obstetricia, medicina interna, cardiolog\u00eda, ortopedia, urolog\u00eda.<\/span><\/p>\n<p><span class=\"text1noticias\"> <\/span><\/p>\n<p><span class=\"text1noticias\">All\u00ed se dan 200 consultas diarias. Hay 21 camas, en habitaciones climatizadas para brindar una salud con dignidad y tienen una planta el\u00e9ctrica las 24 horas al d\u00eda.<\/span><\/p>\n<p><span class=\"text1noticias\"> <\/span><\/p>\n<p><span class=\"text1noticias\">\u00abAll\u00e1 no existe el copago, es un beneficio real que se le brinda a la poblaci\u00f3n\u00bb, puntualiza para a\u00f1adir adem\u00e1s que se practican las intervenciones quir\u00fargicas esenciales.<\/span><\/p>\n<p><span class=\"text1noticias\"> <\/span><\/p>\n<p><span class=\"text1noticias\">Los movimientos gremiales no afectan al hospital: personal concientizado<\/span><\/p>\n<p><span class=\"text1noticias\"> <\/span><\/p>\n<p><span class=\"text1noticias\">A la pregunta de Julio Hazim, de si los movimientos gremiales afectan al hospital, respondi\u00f3: \u00abNo. All\u00e1 el personal est\u00e1 muy concientizado y muy identificado con el hospital y manejamos diferentes \u00e1reas y ellos entienden que debemos dar un servicio oportuno y de calidad\u00bb.<\/span><\/p>\n<p><span class=\"text1noticias\"> <\/span><\/p>\n<p><span class=\"text1noticias\">A seguidas puntualiz\u00f3 que \u00abesos movimientos no nos afectan, realmente\u00bb.<\/span><\/p>\n<p><span class=\"text1noticias\"> <\/span><\/p>\n<p><span class=\"text1noticias\">A la pregunta de por qu\u00e9 el Gobierno le pone inter\u00e9s a este hospital, responde: \u00bb Entiendo que se le pone inter\u00e9s, porque somos el primer hospital de segundo nivel habilitado y el primer hospital de segundo nivel que comienza a negociar con las ARS y a trav\u00e9s de esas negociaciones nos entran esos recursos y eso no da cierta independencia, y entiendo que hacia ese punto es que deben ir todos los hospitales\u00bb.<\/span><\/p>\n<p><span class=\"text1noticias\"> <\/span><\/p>\n<p><span class=\"text1noticias\">Dijo que los hospitales deben encaminarse a la generaci\u00f3n de<\/span> sus propios recursos.<\/p>\n<h6> 2016-08-01 12:54:37 <\/h6>\n<p><!--\n<link rel=\"stylesheet\" href=\"css\/bootstrap.min.css\">\n\n\n<ul class=\"pagination\">\n\t    \n\t\n\n<li >\n\t<a href='?page_no=12315'>Previous<\/a>\n\t<\/li>\n\n\n       \n    \n\n<li><a href='?page_no=1'>1<\/a><\/li>\n\n\n\n<li><a href='?page_no=2'>2<\/a><\/li>\n\n\n\n<li><a>...<\/a><\/li>\n\n\n\n<li><a href='?page_no=12314'>12314<\/a><\/li>\n\n\n\n<li><a href='?page_no=12315'>12315<\/a><\/li>\n\n\n\n<li class='active'><a>12316<\/a><\/li>\n\n\n\n<li><a href='?page_no=12317'>12317<\/a><\/li>\n\n\n\n<li><a href='?page_no=12318'>12318<\/a><\/li>\n\n\n\n<li><a>...<\/a><\/li>\n\n\n\n<li><a href='?page_no=56169'>56169<\/a><\/li>\n\n\n\n<li><a href='?page_no=56170'>56170<\/a><\/li>\n\n    \n\t\n\n<li >\n\t<a href='?page_no=12317'>Next<\/a>\n\t<\/li>\n\n\n    \n\n<li><a href='?page_no=56170'>Last &rsaquo;&rsaquo;<\/a><\/li>\n\n<\/ul>\n\n\n--><br \/>\n<\/body><\/p>\n","protected":false},"excerpt":{"rendered":"<p>Santo Domingo, R. D., 1 de agosto.- El Hospital Pedro Heredia Rojas, del municipio Sabana Grande de Boy\u00e1, en la provincia Monte Plata, es un centro asistencial \u00abdonde m\u00e9dicos y pacientes hablan el mismo idioma\u00bb, y que camina hacia la autogesti\u00f3n. Trato digno de los pacientes All\u00ed los m\u00e9dicos y el personal de salud practican [&hellip;]<\/p>\n","protected":false},"author":3,"featured_media":0,"comment_status":"open","ping_status":"open","sticky":false,"template":"","format":"standard","meta":{"footnotes":""},"categories":[20],"tags":[],"class_list":["post-217834","post","type-post","status-publish","format-standard","hentry","category-dominicana-hoy"],"_links":{"self":[{"href":"https:\/\/diariodominicano.com\/index.php?rest_route=\/wp\/v2\/posts\/217834","targetHints":{"allow":["GET"]}}],"collection":[{"href":"https:\/\/diariodominicano.com\/index.php?rest_route=\/wp\/v2\/posts"}],"about":[{"href":"https:\/\/diariodominicano.com\/index.php?rest_route=\/wp\/v2\/types\/post"}],"author":[{"embeddable":true,"href":"https:\/\/diariodominicano.com\/index.php?rest_route=\/wp\/v2\/users\/3"}],"replies":[{"embeddable":true,"href":"https:\/\/diariodominicano.com\/index.php?rest_route=%2Fwp%2Fv2%2Fcomments&post=217834"}],"version-history":[{"count":0,"href":"https:\/\/diariodominicano.com\/index.php?rest_route=\/wp\/v2\/posts\/217834\/revisions"}],"wp:attachment":[{"href":"https:\/\/diariodominicano.com\/index.php?rest_route=%2Fwp%2Fv2%2Fmedia&parent=217834"}],"wp:term":[{"taxonomy":"category","embeddable":true,"href":"https:\/\/diariodominicano.com\/index.php?rest_route=%2Fwp%2Fv2%2Fcategories&post=217834"},{"taxonomy":"post_tag","embeddable":true,"href":"https:\/\/diariodominicano.com\/index.php?rest_route=%2Fwp%2Fv2%2Ftags&post=217834"}],"curies":[{"name":"wp","href":"https:\/\/api.w.org\/{rel}","templated":true}]}}