{"id":217832,"date":"2016-08-01T19:25:44","date_gmt":"2016-08-01T19:25:44","guid":{"rendered":"http:\/\/diariodominicano.ddns.net\/?p=217832"},"modified":"2016-08-01T19:25:44","modified_gmt":"2016-08-01T19:25:44","slug":"continuaran-aguaceros-acompanados-de-tormentas-electricas","status":"publish","type":"post","link":"https:\/\/diariodominicano.com\/?p=217832","title":{"rendered":"Continuar\u00e1n aguaceros acompa\u00f1ados de tormentas el\u00e9ctricas"},"content":{"rendered":"<p><body><\/p>\n<p><img decoding=\"async\" src=\"img3\/lluvias22.jpg\" \/>  <\/p>\n<p><strong><span class=\"text1noticias\">Indic\u00f3 que  la  onda tropical continuar\u00e1  produciendo fuertes aguaceros acompa\u00f1ados de tormentas el\u00e9ctricas y r\u00e1fagas de viento en gran parte del territorio, en especial hacia las provincias que conforman la llanura costera del Caribe, regiones suroeste, noreste, sureste, cordillera Central y zona fronteriza.<\/span><\/strong><\/p>\n<\/p>\n<\/p>\n<p><strong><span class=\"text1noticias\">SANTO DOMINGO, RD, 1 de Agosto de 2016.-<\/span><\/strong><span class=\"text1noticias\"> La Direcci\u00f3n del Centro de Operaciones de Emergencias (COE), inform\u00f3 la tarde de este lunes  que de acuerdo al bolet\u00edn  meteorol\u00f3gico de las 5:00 pm del d\u00eda de hoy, continuar\u00e1n los aguaceros acompa\u00f1ados de tormentas y r\u00e1fagas en gran parte del Pa\u00eds.<\/span><\/p>\n<\/p>\n<p><span class=\"text1noticias\">La  Oficina Nacional de Meteorolog\u00eda (ONAMET), explic\u00f3  que la activa onda tropical se localiza sobre la parte occidental del pa\u00eds, movi\u00e9ndose r\u00e1pidamente hacia el oeste, acompa\u00f1ada de bastante nubosidad que cubre gran parte del territorio nacional, y un n\u00facleo nuboso de fuerte convecci\u00f3n se mueve al sur en el mar Caribe.<\/span><\/p>\n<\/p>\n<p><span class=\"text1noticias\">Indic\u00f3 que  la  onda tropical continuar\u00e1  produciendo fuertes aguaceros acompa\u00f1ados de tormentas el\u00e9ctricas y r\u00e1fagas de viento en gran parte del territorio, en especial hacia las provincias que conforman la llanura costera del Caribe, regiones suroeste, noreste, sureste, cordillera Central y zona fronteriza.<\/span><\/p>\n<\/p>\n<p><span class=\"text1noticias\">Por ello en virtud de lo  establecido en la Ley 147-02, sobre Gesti\u00f3n de Riesgos,  el Centro de Operaciones de Emergencias (COE),mantiene  los niveles de alerta por posibles inundaciones repentinas de r\u00edos arroyos y ca\u00f1adas, as\u00ed como deslizamientos de tierra para las provincias.<\/span><\/p>\n<p><span class=\"text1noticias\">En consecuencia, declar\u00f3 alerta amarilla para San Crist\u00f3bal, Peravia, Azua, Barahona, Pedernales, Independencia, San Pedro de Macoris, Monte Plata, San Jos\u00e9 de Ocoa y el Gran Santo Domingo.<\/span><\/p>\n<\/p>\n<p><span class=\"text1noticias\">Asimismo, declar\u00f3 alerta verde para La Altagracia, La Romana, Hato Mayor,  El Seibo, Mar\u00eda Trinidad S\u00e1nchez y  Monse\u00f1or Nouel<\/span><\/p>\n<\/p>\n<p><strong><span class=\"text1noticias\">De igual modo se mantiene el nivel de alerta VERDE  para los usuarios de peque\u00f1as  y  medianas  embarcaciones as\u00ed como las de uso deportivo y acu\u00e1ticos de la costa Caribe\u00f1a desde Cabo Enga\u00f1o hasta Pedernales y en la costa Atl\u00e1ntica desde Cabo Enga\u00f1o hasta la Bah\u00eda de Manzanillo, por oleaje peligroso, por lo que deben de permanecer en Puerto, sin embargo, los que operan en la Bah\u00eda de Saman\u00e1  deben hacerlo pr\u00f3ximo a las costas.  <\/span><\/strong><\/p>\n<p><strong><span class=\"text1noticias\">A continuaci\u00f3n Diariodominicano reproduce el nforme  Alerta por Onda Tropical Activa, dado a conocer a las 5:00 PM:<\/span><\/strong><\/p>\n<p><span class=\"text1noticias\">                                                                             <\/span><\/p>\n<\/p>\n<p><span class=\"text1noticias\">La Direcci\u00f3n del Centro de Operaciones de Emergencias (COE), informa que de acuerdo al bolet\u00edn  meteorol\u00f3gico de las 5:00 pm del d\u00eda de hoy, de la Oficina Nacional de Meteorolog\u00eda (ONAMET), el cual establece que la activa onda tropical se localiza sobre la parte occidental del pa\u00eds, movi\u00e9ndose r\u00e1pidamente hacia el oeste, acompa\u00f1ada de bastante nubosidad que cubre gran parte del territorio nacional, y un n\u00facleo nuboso de fuerte convecci\u00f3n se mueve al sur en el mar Caribe, esta activa onda tropical continuar\u00e1 hoy produciendo fuertes aguaceros acompa\u00f1ados de tormentas el\u00e9ctricas y r\u00e1fagas de viento en gran parte del territorio, en especial hacia las provincias que conforman la llanura costera del Caribe, regiones suroeste, noreste, sureste, cordillera Central y zona fronteriza.<\/span><\/p>\n<\/p>\n<p><span class=\"text1noticias\">En virtud de lo anterior y lo establecido en la Ley 147-02, sobre Gesti\u00f3n de Riesgos,  este Centro de Operaciones de Emergencias (COE), MANTENIMIENTO los niveles de alerta por posibles inundaciones repentinas de r\u00edos arroyos y ca\u00f1adas, as\u00ed como deslizamientos de tierra para las provincias:<\/span><\/p>\n<\/p>\n<p><span class=\"text1noticias\">AMARILLA\tVERDE<\/span><\/p>\n<p><span class=\"text1noticias\">San Crist\u00f3bal\tLa Altagracia<\/span><\/p>\n<p><span class=\"text1noticias\">Peravia\tLa Romana<\/span><\/p>\n<p><span class=\"text1noticias\">Azua\tHato Mayor<\/span><\/p>\n<p><span class=\"text1noticias\">Barahona\tEl Seibo<\/span><\/p>\n<p><span class=\"text1noticias\">Pedernales\tDuarte<\/span><\/p>\n<p><span class=\"text1noticias\">Independencia\tMar\u00eda Trinidad S\u00e1nchez<\/span><\/p>\n<p><span class=\"text1noticias\">San Pedro de Macoris\tS\u00e1nchez Ram\u00edrez<\/span><\/p>\n<p><span class=\"text1noticias\">Monte Plata\tMonse\u00f1or Nouel<\/span><\/p>\n<p><span class=\"text1noticias\">San Jos\u00e9 de Ocoa\tLa Vega<\/span><\/p>\n<p><span class=\"text1noticias\">Gran Santo Domingo\t<\/span><\/p>\n<\/p>\n<p><span class=\"text1noticias\">Adem\u00e1s,  se mantiene el nivel de alerta VERDE  para los usuarios de peque\u00f1as  y  medianas  embarcaciones as\u00ed como las de uso deportivo y acu\u00e1ticos de la costa Caribe\u00f1a desde Cabo Enga\u00f1o hasta Pedernales y en la costa Atl\u00e1ntica desde Cabo Enga\u00f1o hasta la Bah\u00eda de Manzanillo, por oleaje peligroso, por lo que deben de permanecer en Puerto, sin embargo, los que operan en la Bah\u00eda de Saman\u00e1  deben hacerlo pr\u00f3ximo a las costas.  <\/span><\/p>\n<\/p>\n<p><span class=\"text1noticias\">A los ba\u00f1istas en las Costa Caribe\u00f1a se les recomienda tener precauci\u00f3n y abstenerse de usar las playas a partir de la tarde de hoy debido que estaremos recibiendo oleaje que superan los 8 pies de altura. <\/span><\/p>\n<\/p>\n<p><span class=\"text1noticias\">ACIONES TOMADAS <\/span><\/p>\n<\/p>\n<p><span class=\"text1noticias\">?\t En reuni\u00f3n sostenida en el d\u00eda de hoy con el excelent\u00edsimo Sr. Presidente constitucional de la Republica, Lic. Danilo Medina S\u00e1nchez, el cual instruy\u00f3 al Centro de Operaciones de Emergencias de mantener las coordinaciones necesarias con las instituciones y organismos del estado a fin  de salvar vidas y propiedades as\u00ed como, de mantener a la poblaci\u00f3n debidamente informada sobre la evoluci\u00f3n y desarrollo de esta activa onda tropical.<\/span><\/p>\n<p><span class=\"text1noticias\">?\tSe mantienen activos los planes de contingencias de: Fuerzas Armadas, Policia Nacional, Cruz Roja, Defensa Civil, Obras Publicas y Bomberos para eventos Hidrometeorologicos.<\/span><\/p>\n<p><span class=\"text1noticias\">?\tEl MOPC ha realizado limpieza de imbornales, alcantarillas y cunetas principalmente en las provincias bajo alerta para evitar inundaciones urbanas<\/span><\/p>\n<\/p>\n<p><span class=\"text1noticias\">      ACCIONES QUE DEBE OBSERVAR  LAS  INSTITUCIONES<\/span><\/p>\n<\/p>\n<p><span class=\"text1noticias\">?\tLas instituciones de Protecci\u00f3n Civil deben de tomar las medidas necesarias para proteger vidas y propiedades principalmente en las provincias bajo alerta.<\/span><\/p>\n<\/p>\n<p><span class=\"text1noticias\">ACCIONES QUE DEBE OBSERVAR  LA  POBLACION<\/span><\/p>\n<\/p>\n<p><span class=\"text1noticias\">?\tSeguir los lineamientos y orientaciones de los organismos de protecci\u00f3n civil.<\/span><\/p>\n<p><span class=\"text1noticias\">?\tMantenerse en contacto con la Defensa Civil, Fuerzas Armadas, Cruz Roja, la Polic\u00eda Nacional, Cuerpos de Bomberos y este Centro de Operaciones de Emergencia a trav\u00e9s del  Tel: 809-472-0909 , *462 de la OPTIC.<\/span><\/p>\n<p><span class=\"text1noticias\">?\tAnte la ocurrencia de aguaceros, los residentes en zonas de alto riesgo que habitan pr\u00f3ximo a r\u00edos, arroyos y ca\u00f1adas deben de estar atentos y tomar las medidas de precauci\u00f3n necesarias  ante posibles crecidas e inundaciones repentinas.<\/span><\/p>\n<p><span class=\"text1noticias\">?\tSe proh\u00edbe actividades recreativas, acu\u00e1ticas, lavado de veh\u00edculos, principalmente en los balnearios, playas y r\u00edos en las provincias bajo alerta.<\/span><\/p>\n<p><span class=\"text1noticias\">?\tSe proh\u00edbe las actividades de monta\u00f1as, campismo, senderismo y de otras \u00edndoles principalmente en la Cordillera Central, Sierra de Neyba y de Bahoruco.<\/span><\/p>\n<\/p>\n<\/p>\n<p><span class=\"text1noticias\">ALERTA AMARILLA<\/span><\/p>\n<p><span class=\"text1noticias\">\tCUANDO LA TENDENCIA ASCENDENTE DEL DESARROLLO DEL EVENTO IMPLICA SITUACIONES INMINENTES DE RIESGO Y SITUACIONES SEVERAS DE EMERGENCIA.<\/span><\/p>\n<p><span class=\"text1noticias\">ALERTA VERDE<\/span><\/p>\n<p><span class=\"text1noticias\">\tAQUELLA QUE SE DECLARA CUANDO LAS EXPECTATIVAS DE UN FEN\u00d3MENO PERMITEN PREVER LA OCURRENCIA DE UN EVENTO DE CAR\u00c1CTER PELIGROSO PARA LA POBLACI\u00d3N. PUEDE SER PARCIAL O TOTAL.<\/span><\/p>\n<\/p>\n<p><span class=\"text1noticias\">DR. JUAN MANUEL MENDEZ GARCIA<\/span><\/p>\n<p><span class=\"text1noticias\">General de Brigada Abogado, E.R.D.<\/span><\/p>\n<p><span class=\"text1noticias\">Director del Centro de Operaciones de Emergencias \u00abCOE\u00bb<\/span><\/p>\n<\/p>\n<h6> 2016-08-01 19:25:44 <\/h6>\n<p><!--\n<link rel=\"stylesheet\" href=\"css\/bootstrap.min.css\">\n\n\n<ul class=\"pagination\">\n\t    \n\t\n\n<li >\n\t<a href='?page_no=12313'>Previous<\/a>\n\t<\/li>\n\n\n       \n    \n\n<li><a href='?page_no=1'>1<\/a><\/li>\n\n\n\n<li><a href='?page_no=2'>2<\/a><\/li>\n\n\n\n<li><a>...<\/a><\/li>\n\n\n\n<li><a href='?page_no=12312'>12312<\/a><\/li>\n\n\n\n<li><a href='?page_no=12313'>12313<\/a><\/li>\n\n\n\n<li class='active'><a>12314<\/a><\/li>\n\n\n\n<li><a href='?page_no=12315'>12315<\/a><\/li>\n\n\n\n<li><a href='?page_no=12316'>12316<\/a><\/li>\n\n\n\n<li><a>...<\/a><\/li>\n\n\n\n<li><a href='?page_no=56169'>56169<\/a><\/li>\n\n\n\n<li><a href='?page_no=56170'>56170<\/a><\/li>\n\n    \n\t\n\n<li >\n\t<a href='?page_no=12315'>Next<\/a>\n\t<\/li>\n\n\n    \n\n<li><a href='?page_no=56170'>Last &rsaquo;&rsaquo;<\/a><\/li>\n\n<\/ul>\n\n\n--><br \/>\n<\/body><\/p>\n","protected":false},"excerpt":{"rendered":"<p>Indic\u00f3 que la onda tropical continuar\u00e1 produciendo fuertes aguaceros acompa\u00f1ados de tormentas el\u00e9ctricas y r\u00e1fagas de viento en gran parte del territorio, en especial hacia las provincias que conforman la llanura costera del Caribe, regiones suroeste, noreste, sureste, cordillera Central y zona fronteriza. SANTO DOMINGO, RD, 1 de Agosto de 2016.- La Direcci\u00f3n del Centro [&hellip;]<\/p>\n","protected":false},"author":3,"featured_media":0,"comment_status":"open","ping_status":"open","sticky":false,"template":"","format":"standard","meta":{"footnotes":""},"categories":[20],"tags":[],"class_list":["post-217832","post","type-post","status-publish","format-standard","hentry","category-dominicana-hoy"],"_links":{"self":[{"href":"https:\/\/diariodominicano.com\/index.php?rest_route=\/wp\/v2\/posts\/217832","targetHints":{"allow":["GET"]}}],"collection":[{"href":"https:\/\/diariodominicano.com\/index.php?rest_route=\/wp\/v2\/posts"}],"about":[{"href":"https:\/\/diariodominicano.com\/index.php?rest_route=\/wp\/v2\/types\/post"}],"author":[{"embeddable":true,"href":"https:\/\/diariodominicano.com\/index.php?rest_route=\/wp\/v2\/users\/3"}],"replies":[{"embeddable":true,"href":"https:\/\/diariodominicano.com\/index.php?rest_route=%2Fwp%2Fv2%2Fcomments&post=217832"}],"version-history":[{"count":0,"href":"https:\/\/diariodominicano.com\/index.php?rest_route=\/wp\/v2\/posts\/217832\/revisions"}],"wp:attachment":[{"href":"https:\/\/diariodominicano.com\/index.php?rest_route=%2Fwp%2Fv2%2Fmedia&parent=217832"}],"wp:term":[{"taxonomy":"category","embeddable":true,"href":"https:\/\/diariodominicano.com\/index.php?rest_route=%2Fwp%2Fv2%2Fcategories&post=217832"},{"taxonomy":"post_tag","embeddable":true,"href":"https:\/\/diariodominicano.com\/index.php?rest_route=%2Fwp%2Fv2%2Ftags&post=217832"}],"curies":[{"name":"wp","href":"https:\/\/api.w.org\/{rel}","templated":true}]}}