{"id":217831,"date":"2016-08-02T07:54:48","date_gmt":"2016-08-02T07:54:48","guid":{"rendered":"http:\/\/diariodominicano.ddns.net\/?p=217831"},"modified":"2016-08-02T07:54:48","modified_gmt":"2016-08-02T07:54:48","slug":"armada-continua-busqueda-de-personas-naufragaron-el-domingo","status":"publish","type":"post","link":"https:\/\/diariodominicano.com\/?p=217831","title":{"rendered":"Armada contin\u00faa b\u00fasqueda de personas naufragaron el domingo&#13;"},"content":{"rendered":"<p><body><\/p>\n<p><img decoding=\"async\" src=\"img3\/Armada2-8.jpg\" \/>  <\/p>\n<p><span class=\"text1noticias\">Santo domingo, R. D., 2 de agosto.- Unidades de la Armada de Rep\u00fablica Dominicana realizan intensas operaciones de b\u00fasqueda y rescate con relaci\u00f3n al naufragio de una embarcaci\u00f3n de recreo con 9 personas a bordo, en la zona mar\u00edtima llamada \u00abLa Pesquera\u00bb, la cual se dirig\u00eda hacia \u00abLos Haitises\u00bb. <\/span><\/p>\n<p><span class=\"text1noticias\"> <\/span><\/p>\n<p><span class=\"text1noticias\">La b\u00fasqueda inici\u00f3 en el momento en que la Ruth Ester Capell\u00e1n, dio la alerta a las autoridades, donde inform\u00f3 que aproximadamente a las 08:30 de la ma\u00f1ana del domingo 31, salieron 4 parejas y el capit\u00e1n  Petilio N\u00fa\u00f1ez, desde el Varadero de Pueblo Arriba, provincia Mar\u00eda Trinidad S\u00e1nchez, en una embarcaci\u00f3n de recreo, sin nombre, con destino a \u00abLos Haitises\u00bb. <\/span><\/p>\n<\/p>\n<p><span class=\"text1noticias\">A una hora de encontrarse navegando, se inicio un mal tiempo con lluvias torrenciales y oleaje anormal, que provocaron que a la embarcaci\u00f3n empezara hacer agua lo que produjo su hundimiento, donde solo ella y el capit\u00e1n lograron sobrevivir.  <\/span><\/p>\n<p><span class=\"text1noticias\"> <\/span><\/p>\n<p><span class=\"text1noticias\">La embarcaci\u00f3n zarp\u00f3, a pesar de haber una alerta de mal tiempo y restricci\u00f3n de salidas de embarcaciones menores, emitida por el Centro Operaciones de Emergencias (COE), sin los permisos, ni las medidas de seguridad correspondientes.<\/span><\/p>\n<\/p>\n<p><span class=\"text1noticias\">La Armada Dominicana inform\u00f3 que cad\u00e1veres rescatados fueron identificados como Carla Mabel Reyes, Rosanna Vargas, Milkeya Cecilia Vargas Salda\u00f1a.<\/span><\/p>\n<p><span class=\"text1noticias\">  <\/span><\/p>\n<p><span class=\"text1noticias\">La Armada de Rep\u00fablica Dominicana continuar\u00e1 y no escatimar\u00e1 esfuerzos en las labores de b\u00fasqueda, junto a los Auxiliares Navales Dominicanos de las otras personas que abordaron la embarcaci\u00f3n el pasado domingo.<\/span><\/p>\n<\/p>\n<p><span class=\"text1noticias\">Pese a las condiciones clim\u00e1ticas existentes por el paso a la onda tropical las unidades de rescate continuaron la b\u00fasqueda.<\/span><\/p>\n<h6> 2016-08-02 07:54:48 <\/h6>\n<p><!--\n<link rel=\"stylesheet\" href=\"css\/bootstrap.min.css\">\n\n\n<ul class=\"pagination\">\n\t    \n\t\n\n<li >\n\t<a href='?page_no=12312'>Previous<\/a>\n\t<\/li>\n\n\n       \n    \n\n<li><a href='?page_no=1'>1<\/a><\/li>\n\n\n\n<li><a href='?page_no=2'>2<\/a><\/li>\n\n\n\n<li><a>...<\/a><\/li>\n\n\n\n<li><a href='?page_no=12311'>12311<\/a><\/li>\n\n\n\n<li><a href='?page_no=12312'>12312<\/a><\/li>\n\n\n\n<li class='active'><a>12313<\/a><\/li>\n\n\n\n<li><a href='?page_no=12314'>12314<\/a><\/li>\n\n\n\n<li><a href='?page_no=12315'>12315<\/a><\/li>\n\n\n\n<li><a>...<\/a><\/li>\n\n\n\n<li><a href='?page_no=56169'>56169<\/a><\/li>\n\n\n\n<li><a href='?page_no=56170'>56170<\/a><\/li>\n\n    \n\t\n\n<li >\n\t<a href='?page_no=12314'>Next<\/a>\n\t<\/li>\n\n\n    \n\n<li><a href='?page_no=56170'>Last &rsaquo;&rsaquo;<\/a><\/li>\n\n<\/ul>\n\n\n--><br \/>\n<\/body><\/p>\n","protected":false},"excerpt":{"rendered":"<p>Santo domingo, R. D., 2 de agosto.- Unidades de la Armada de Rep\u00fablica Dominicana realizan intensas operaciones de b\u00fasqueda y rescate con relaci\u00f3n al naufragio de una embarcaci\u00f3n de recreo con 9 personas a bordo, en la zona mar\u00edtima llamada \u00abLa Pesquera\u00bb, la cual se dirig\u00eda hacia \u00abLos Haitises\u00bb. La b\u00fasqueda inici\u00f3 en el momento [&hellip;]<\/p>\n","protected":false},"author":3,"featured_media":0,"comment_status":"open","ping_status":"open","sticky":false,"template":"","format":"standard","meta":{"footnotes":""},"categories":[20],"tags":[],"class_list":["post-217831","post","type-post","status-publish","format-standard","hentry","category-dominicana-hoy"],"_links":{"self":[{"href":"https:\/\/diariodominicano.com\/index.php?rest_route=\/wp\/v2\/posts\/217831","targetHints":{"allow":["GET"]}}],"collection":[{"href":"https:\/\/diariodominicano.com\/index.php?rest_route=\/wp\/v2\/posts"}],"about":[{"href":"https:\/\/diariodominicano.com\/index.php?rest_route=\/wp\/v2\/types\/post"}],"author":[{"embeddable":true,"href":"https:\/\/diariodominicano.com\/index.php?rest_route=\/wp\/v2\/users\/3"}],"replies":[{"embeddable":true,"href":"https:\/\/diariodominicano.com\/index.php?rest_route=%2Fwp%2Fv2%2Fcomments&post=217831"}],"version-history":[{"count":0,"href":"https:\/\/diariodominicano.com\/index.php?rest_route=\/wp\/v2\/posts\/217831\/revisions"}],"wp:attachment":[{"href":"https:\/\/diariodominicano.com\/index.php?rest_route=%2Fwp%2Fv2%2Fmedia&parent=217831"}],"wp:term":[{"taxonomy":"category","embeddable":true,"href":"https:\/\/diariodominicano.com\/index.php?rest_route=%2Fwp%2Fv2%2Fcategories&post=217831"},{"taxonomy":"post_tag","embeddable":true,"href":"https:\/\/diariodominicano.com\/index.php?rest_route=%2Fwp%2Fv2%2Ftags&post=217831"}],"curies":[{"name":"wp","href":"https:\/\/api.w.org\/{rel}","templated":true}]}}