{"id":217829,"date":"2016-08-02T08:49:32","date_gmt":"2016-08-02T08:49:32","guid":{"rendered":"http:\/\/diariodominicano.ddns.net\/?p=217829"},"modified":"2016-08-02T08:49:32","modified_gmt":"2016-08-02T08:49:32","slug":"resaltan-apoyo-jica-en-manejo-integral-de-residuos-solidos","status":"publish","type":"post","link":"https:\/\/diariodominicano.com\/?p=217829","title":{"rendered":"Resaltan apoyo JICA en manejo integral de Residuos S\u00f3lidos"},"content":{"rendered":"<p><body><\/p>\n<p><span class=\"text1noticias\">Santo Domingo, R. D., 2 de agosto.- El asesor en residuos s\u00f3lidos del Poder Ejecutivo, Domingo Contreras resalt\u00f3 la cooperaci\u00f3n que de la Agencia de Cooperaci\u00f3n Internacional del Jap\u00f3n (JICA) viene ofreciendo al pa\u00eds en materia del manejo integral de residuos s\u00f3lidos, que vienen ejecutando los gobiernos locales y a la poblaci\u00f3n a trav\u00e9s del Ministerio de Medio Ambiente y las entidades municipales, como la Liga Municipal Dominicana.<\/span><\/p>\n<p><span class=\"text1noticias\"> <\/span><\/p>\n<p><span class=\"text1noticias\">Contreras dijo que desde el gobierno central se tiene toda la voluntad en capacitar en el buen manejo de los residuos s\u00f3lidos, por lo que abog\u00f3 \u00abque desde las alcald\u00edas se potencialice las capacidades de los t\u00e9cnicos y empleados\u00bb. <\/span><\/p>\n<p><span class=\"text1noticias\"> <\/span><\/p>\n<p><span class=\"text1noticias\">De su lado, el representante en el pa\u00eds de la Agencia de Cooperaci\u00f3n Internacional del Jap\u00f3n (JICA), Akihiko Yamada, resalt\u00f3 el trabajo que vienen desarrollando las autoridades medioambientales a favor de la conservaci\u00f3n de los recursos con en el tema de los residuos s\u00f3lidos.<\/span><\/p>\n<p><span class=\"text1noticias\"> <\/span><\/p>\n<p><span class=\"text1noticias\">Tanto Contreras como Yamada, hablaron en la apertura  el tercer taller de capacitaci\u00f3n para capacitadores denominado (ToT) dirigido al personal varias Direcciones provinciales sobre el manejo adecuado de residuos s\u00f3lidos, con la finalidad de que estos se conviertan en multiplicadores de las capacidades adquiridas al personal t\u00e9cnico de los ayuntamientos de estas provincias.<\/span><\/p>\n<p><span class=\"text1noticias\"> <\/span><\/p>\n<p><span class=\"text1noticias\">En el taller de capacitaci\u00f3n, participan representantes de las provincias Pedernales, El Seibo, San Jos\u00e9 de Ocoa, Dajab\u00f3n, Barahona, El\u00edas Pi\u00f1a, Independencia, adem\u00e1s las representaci\u00f3n regionales de Salud, Educaci\u00f3n y de FEDOMU, regional Enriquillo. <\/span><\/p>\n<p><span class=\"text1noticias\"> <\/span><\/p>\n<p><span class=\"text1noticias\">La jornada de capacitaci\u00f3n se enmarca dentro de la implementaci\u00f3n del \u00abProyecto de Fortalecimiento de la Capacidad Institucional en el Manejo Integral de los Residuos S\u00f3lidos ?FOCIMiRS\u00bb, ejecutado por Medio Ambiente bajo el auspicio de la Agencia Internacional de Cooperaci\u00f3n del Jap\u00f3n (JICA), iniciado el 23 enero del 2014.<\/span><\/p>\n<p><span class=\"text1noticias\"> <\/span><\/p>\n<p><span class=\"text1noticias\">La actividad, denominada ToT por sus siglas en ingl\u00e9s (Training of Trainers), capacitar\u00e1 el personal de las direcciones provinciales y de las Alcald\u00edas en temas como Manejo financiero, pol\u00edtica de residuos s\u00f3lidos proyecci\u00f3n y caracterizaci\u00f3n de los  residuos s\u00f3lidos, base de datos tratamiento intermedio y reciclaje, educaci\u00f3n y consenso p\u00fablico, disposici\u00f3n final adem\u00e1s de visitas  los vertederos de Rafey en Santiago y la Vega. <\/span><\/p>\n<p><span class=\"text1noticias\"> <\/span><\/p>\n<p><span class=\"text1noticias\">El \u00abProyecto de Fortalecimiento de la Capacidad Institucional en el Manejo Integral de los Residuos S\u00f3lidos ?FOCIMiRS\u00bb, tiene como objetivo mejorar la situaci\u00f3n del manejo de los residuos s\u00f3lidos a nivel nacional, fomentar el intercambio de informaci\u00f3n con los t\u00e9cnicos en el \u00e1rea  y establecer un sistema de \u00abManejo Integral de Residuos S\u00f3lidos\u00bb (MIRS), a nivel del gobierno central y municipal en la Rep\u00fablica Dominicana.<\/span><\/p>\n<p><span class=\"text1noticias\"> <\/span><\/p>\n<p><span class=\"text1noticias\">La implementaci\u00f3n de este proyecto obedece a la necesidad de una urgente intervenci\u00f3n de todas las instancias gubernamentales y de la ciudadan\u00eda en general en el manejo adecuado de los residuos s\u00f3lidos, a fin de disminuir los impactos a la salud p\u00fablica, la calidad de vida, los recursos naturales y el medioambiente en general.<\/span><\/p>\n<p><span class=\"text1noticias\"> <\/span><\/p>\n<p><span class=\"text1noticias\">Durante estos cinco d\u00edas  este personal del Ministerio Ambiente  saldr\u00e1 fortalecido en sus capacidades t\u00e9cnicas para asumir los diferentes desaf\u00edos en t\u00e9rmino del manejo de los residuos y contaminaci\u00f3n ambiental adem\u00e1s para este proyecto deber\u00e1n elaborar Planes de Manejo Integral de Residuos S\u00f3lidos (PMIRS), un instrumento fundamental e imprescindible para mejorar de forma sostenible los aspectos legales, Institucionales, organizacionales, administrativos, t\u00e9cnico-operativos  y financieros involucrados en las etapas de un manejo integral de los residuos s\u00f3lidos. <\/span><\/p>\n<p><span class=\"text1noticias\"> <\/span><\/p>\n<p><span class=\"text1noticias\">En esta ocasi\u00f3n, los asistentes recibir\u00e1n la capacitaci\u00f3n de manos del equipo t\u00e9cnico de la Agencia de Cooperaci\u00f3n del Jap\u00f3n (JICA) y la Direcci\u00f3n de Residuos S\u00f3lidos y Asuntos Municipales quienes estar\u00e1n como capacitadores.<\/span><\/p>\n<\/p>\n<p>El proyecto se enmarca dentro de los lineamientos establecidos en la \u00abPol\u00edtica para la Gesti\u00f3n Integral de los Residuos S\u00f3lidos Municipales\u00bb, lanzada en febrero pasado por el Ministerio de Medio Ambiente y Recursos Naturales, la cual pretende convertir el problema de la basura en una oportunidad para la salud, la educaci\u00f3n, la econom\u00eda y la protecci\u00f3n del medio ambiente.<\/p>\n<\/p>\n<h6> 2016-08-02 08:49:32 <\/h6>\n<p><!--\n<link rel=\"stylesheet\" href=\"css\/bootstrap.min.css\">\n\n\n<ul class=\"pagination\">\n\t    \n\t\n\n<li >\n\t<a href='?page_no=12310'>Previous<\/a>\n\t<\/li>\n\n\n       \n    \n\n<li><a href='?page_no=1'>1<\/a><\/li>\n\n\n\n<li><a href='?page_no=2'>2<\/a><\/li>\n\n\n\n<li><a>...<\/a><\/li>\n\n\n\n<li><a href='?page_no=12309'>12309<\/a><\/li>\n\n\n\n<li><a href='?page_no=12310'>12310<\/a><\/li>\n\n\n\n<li class='active'><a>12311<\/a><\/li>\n\n\n\n<li><a href='?page_no=12312'>12312<\/a><\/li>\n\n\n\n<li><a href='?page_no=12313'>12313<\/a><\/li>\n\n\n\n<li><a>...<\/a><\/li>\n\n\n\n<li><a href='?page_no=56169'>56169<\/a><\/li>\n\n\n\n<li><a href='?page_no=56170'>56170<\/a><\/li>\n\n    \n\t\n\n<li >\n\t<a href='?page_no=12312'>Next<\/a>\n\t<\/li>\n\n\n    \n\n<li><a href='?page_no=56170'>Last &rsaquo;&rsaquo;<\/a><\/li>\n\n<\/ul>\n\n\n--><br \/>\n<\/body><\/p>\n","protected":false},"excerpt":{"rendered":"<p>Santo Domingo, R. D., 2 de agosto.- El asesor en residuos s\u00f3lidos del Poder Ejecutivo, Domingo Contreras resalt\u00f3 la cooperaci\u00f3n que de la Agencia de Cooperaci\u00f3n Internacional del Jap\u00f3n (JICA) viene ofreciendo al pa\u00eds en materia del manejo integral de residuos s\u00f3lidos, que vienen ejecutando los gobiernos locales y a la poblaci\u00f3n a trav\u00e9s del [&hellip;]<\/p>\n","protected":false},"author":3,"featured_media":0,"comment_status":"open","ping_status":"open","sticky":false,"template":"","format":"standard","meta":{"footnotes":""},"categories":[20],"tags":[],"class_list":["post-217829","post","type-post","status-publish","format-standard","hentry","category-dominicana-hoy"],"_links":{"self":[{"href":"https:\/\/diariodominicano.com\/index.php?rest_route=\/wp\/v2\/posts\/217829","targetHints":{"allow":["GET"]}}],"collection":[{"href":"https:\/\/diariodominicano.com\/index.php?rest_route=\/wp\/v2\/posts"}],"about":[{"href":"https:\/\/diariodominicano.com\/index.php?rest_route=\/wp\/v2\/types\/post"}],"author":[{"embeddable":true,"href":"https:\/\/diariodominicano.com\/index.php?rest_route=\/wp\/v2\/users\/3"}],"replies":[{"embeddable":true,"href":"https:\/\/diariodominicano.com\/index.php?rest_route=%2Fwp%2Fv2%2Fcomments&post=217829"}],"version-history":[{"count":0,"href":"https:\/\/diariodominicano.com\/index.php?rest_route=\/wp\/v2\/posts\/217829\/revisions"}],"wp:attachment":[{"href":"https:\/\/diariodominicano.com\/index.php?rest_route=%2Fwp%2Fv2%2Fmedia&parent=217829"}],"wp:term":[{"taxonomy":"category","embeddable":true,"href":"https:\/\/diariodominicano.com\/index.php?rest_route=%2Fwp%2Fv2%2Fcategories&post=217829"},{"taxonomy":"post_tag","embeddable":true,"href":"https:\/\/diariodominicano.com\/index.php?rest_route=%2Fwp%2Fv2%2Ftags&post=217829"}],"curies":[{"name":"wp","href":"https:\/\/api.w.org\/{rel}","templated":true}]}}