{"id":217828,"date":"2016-08-02T09:08:42","date_gmt":"2016-08-02T09:08:42","guid":{"rendered":"http:\/\/diariodominicano.ddns.net\/?p=217828"},"modified":"2016-08-02T09:08:42","modified_gmt":"2016-08-02T09:08:42","slug":"solucionan-crisis-de-agua-en-boca-chica","status":"publish","type":"post","link":"https:\/\/diariodominicano.com\/?p=217828","title":{"rendered":"Solucionan crisis de agua en Boca Chica"},"content":{"rendered":"<p><body><\/p>\n<p><img decoding=\"async\" src=\"img3\/boca chica 2-8.jpg\" \/>  <\/p>\n<p><span class=\"text1noticias\">Santo Domingo, R. D.,  2 de agosto.- El Director de la  Corporaci\u00f3n de Acueducto y Alcantarillado de Boca Chica (CORABO), Ing. Ferm\u00edn Brito, se encuentra inmerso en la soluci\u00f3n del impase que produjo una ligera crisis en el suministro de agua potable a esa demarcaci\u00f3n.<\/span><\/p>\n<p><span class=\"text1noticias\"> <\/span><\/p>\n<p><span class=\"text1noticias\">El problema se produjo por una  aver\u00eda provocada por el sistema el\u00e9ctrico y el robo de unos equipos y materiales, seg\u00fan nos explic\u00f3 el ingeniero Brito, en una visita que hiciera un reportero de este diario.<\/span><\/p>\n<p><span class=\"text1noticias\"> <\/span><\/p>\n<p><span class=\"text1noticias\">Se est\u00e1 trabajando en el restablecimiento y la mejor\u00eda del servicio de agua potable a toda la ciudad, y as\u00ed reducir la merma provocada por el problema se\u00f1alado.<\/span><\/p>\n<p><span class=\"text1noticias\"> <\/span><\/p>\n<p><span class=\"text1noticias\">Con la instalaci\u00f3n y puesta en funcionamiento de las bombas y motores se ha logrado satisfacer las necesidades de la poblaci\u00f3n, ya que hubo un sustancial abastecimiento en el servicio de agua potable; parte de los nuevos equipos instalados fueron donados a CORABO, por el Ing. Alejandro Mont\u00e1s, director de la Corporaci\u00f3n del Acueducto y Alcantarillado de Santo Domingo, (CAASD).<\/span><\/p>\n<p><span class=\"text1noticias\"> <\/span><\/p>\n<p><span class=\"text1noticias\">Logros de su Gesti\u00f3n<\/span><\/p>\n<p><span class=\"text1noticias\">El Ing. Ferm\u00edn Brito identific\u00f3 durante su gesti\u00f3n en CORABO los siguientes logros; la independencia de la instituci\u00f3n, ya que en el 2013 consigui\u00f3 que la CAASD le entregara los activos y pasivos, obteniendo entonces, una mejor\u00eda en las redes de agua potable, alcantarilla pluvial y sanitaria.<\/span><\/p>\n<p><span class=\"text1noticias\"> <\/span><\/p>\n<p><span class=\"text1noticias\">Otro de sus logros fue el saneamiento del centro del poblado de Andr\u00e9s, tal es el caso de la calle H que resultaba inundada cada vez que llov\u00eda. <\/span><\/p>\n<p><span class=\"text1noticias\">La instalaci\u00f3n de m\u00e1s de 10 mil metros lineales de tuber\u00edas de diferentes di\u00e1metros, lo que permiti\u00f3 llevar el agua potable a barrios que hac\u00eda 15 a\u00f1os no la recib\u00edan.<\/span><\/p>\n<p><span class=\"text1noticias\"> <\/span><\/p>\n<p><span class=\"text1noticias\">Colocaci\u00f3n de acometidas en diferentes barrios, entre los que se encuentran la Ceiba, Jubey, prolongaci\u00f3n 27 de febrero, callej\u00f3n Puerto Rico, calle S\u00e1nchez, calle K, Torres 39, Santa Luc\u00eda, Villa Gautier, Cruce de Boca Chica, etc.<\/span><\/p>\n<p><span class=\"text1noticias\">Tambi\u00e9n identific\u00f3 como logro la rehabilitaci\u00f3n del sistema el\u00e9ctrico de la Catalina, y de abastecimiento de agua del municipio completo, al final del 2013.<\/span><\/p>\n<p><span class=\"text1noticias\"> <\/span><\/p>\n<p><span class=\"text1noticias\">Asimismo, normaliz\u00f3 la instituci\u00f3n, creando los reglamentos que se necesitaban para su funcionamiento, estos son reglamento del Consejo de Directores, de Cobros y Servicios.<\/span><\/p>\n<p><span class=\"text1noticias\"> <\/span><\/p>\n<p><span class=\"text1noticias\">De esta manera lograron ingresar al sistema de monitoreo de administraci\u00f3n p\u00fablica, para mejorar la estructura administrativa de CORABO, con el MAP.<\/span><\/p>\n<p><span class=\"text1noticias\"> <\/span><\/p>\n<p><span class=\"text1noticias\">A su llegada a CORABO, la matr\u00edcula de clientes era de aproximadamente 47, mil, de los cuales s\u00f3lo unos 800 cumpl\u00edan su compromiso de pago por servicio de agua potable, logrando aumentarla a 5 mil y con proyecci\u00f3n positiva, incluyendo el sector comercial y empresarial, quienes cumplen y honran su compromiso de pago.<\/span><\/p>\n<p><span class=\"text1noticias\"> <\/span><\/p>\n<p><span class=\"text1noticias\">Para la mejor\u00eda del cobro y ahorro de agua implement\u00f3 un programa de instalaci\u00f3n de medidores en los hogares, acompa\u00f1ado de volantes informativos para concienciar a la poblaci\u00f3n, esto se hace en combinaci\u00f3n con las juntas de vecinos, clubes e iglesias, consiguiendo buenos resultados.<\/span><\/p>\n<p><span class=\"text1noticias\"> <\/span><\/p>\n<p><span class=\"text1noticias\">Plan Estrat\u00e9gico<\/span><\/p>\n<p><span class=\"text1noticias\">El Plan Estrat\u00e9gico 2017\/2022 consta de 5 ejes fundamentales 1.- Aumento de la producci\u00f3n,  con la construcci\u00f3n de 20 posos nuevos, 2.- proyecci\u00f3n del crecimiento poblacional, 3.- Construcci\u00f3n del Alcantarillado Sanitario de la franja costera de Boca Chica, 4.- Construcci\u00f3n de fosas s\u00e9pticas de dos c\u00e1maras; y 5 Creaci\u00f3n de la mesa local del<\/span> agua.<\/p>\n<\/p>\n<\/p>\n<h6> 2016-08-02 09:08:42 <\/h6>\n<p><!--\n<link rel=\"stylesheet\" href=\"css\/bootstrap.min.css\">\n\n\n<ul class=\"pagination\">\n\t    \n\t\n\n<li >\n\t<a href='?page_no=12309'>Previous<\/a>\n\t<\/li>\n\n\n       \n    \n\n<li><a href='?page_no=1'>1<\/a><\/li>\n\n\n\n<li><a href='?page_no=2'>2<\/a><\/li>\n\n\n\n<li><a>...<\/a><\/li>\n\n\n\n<li><a href='?page_no=12308'>12308<\/a><\/li>\n\n\n\n<li><a href='?page_no=12309'>12309<\/a><\/li>\n\n\n\n<li class='active'><a>12310<\/a><\/li>\n\n\n\n<li><a href='?page_no=12311'>12311<\/a><\/li>\n\n\n\n<li><a href='?page_no=12312'>12312<\/a><\/li>\n\n\n\n<li><a>...<\/a><\/li>\n\n\n\n<li><a href='?page_no=56169'>56169<\/a><\/li>\n\n\n\n<li><a href='?page_no=56170'>56170<\/a><\/li>\n\n    \n\t\n\n<li >\n\t<a href='?page_no=12311'>Next<\/a>\n\t<\/li>\n\n\n    \n\n<li><a href='?page_no=56170'>Last &rsaquo;&rsaquo;<\/a><\/li>\n\n<\/ul>\n\n\n--><br \/>\n<\/body><\/p>\n","protected":false},"excerpt":{"rendered":"<p>Santo Domingo, R. D., 2 de agosto.- El Director de la Corporaci\u00f3n de Acueducto y Alcantarillado de Boca Chica (CORABO), Ing. Ferm\u00edn Brito, se encuentra inmerso en la soluci\u00f3n del impase que produjo una ligera crisis en el suministro de agua potable a esa demarcaci\u00f3n. El problema se produjo por una aver\u00eda provocada por el [&hellip;]<\/p>\n","protected":false},"author":3,"featured_media":0,"comment_status":"open","ping_status":"open","sticky":false,"template":"","format":"standard","meta":{"footnotes":""},"categories":[20],"tags":[],"class_list":["post-217828","post","type-post","status-publish","format-standard","hentry","category-dominicana-hoy"],"_links":{"self":[{"href":"https:\/\/diariodominicano.com\/index.php?rest_route=\/wp\/v2\/posts\/217828","targetHints":{"allow":["GET"]}}],"collection":[{"href":"https:\/\/diariodominicano.com\/index.php?rest_route=\/wp\/v2\/posts"}],"about":[{"href":"https:\/\/diariodominicano.com\/index.php?rest_route=\/wp\/v2\/types\/post"}],"author":[{"embeddable":true,"href":"https:\/\/diariodominicano.com\/index.php?rest_route=\/wp\/v2\/users\/3"}],"replies":[{"embeddable":true,"href":"https:\/\/diariodominicano.com\/index.php?rest_route=%2Fwp%2Fv2%2Fcomments&post=217828"}],"version-history":[{"count":0,"href":"https:\/\/diariodominicano.com\/index.php?rest_route=\/wp\/v2\/posts\/217828\/revisions"}],"wp:attachment":[{"href":"https:\/\/diariodominicano.com\/index.php?rest_route=%2Fwp%2Fv2%2Fmedia&parent=217828"}],"wp:term":[{"taxonomy":"category","embeddable":true,"href":"https:\/\/diariodominicano.com\/index.php?rest_route=%2Fwp%2Fv2%2Fcategories&post=217828"},{"taxonomy":"post_tag","embeddable":true,"href":"https:\/\/diariodominicano.com\/index.php?rest_route=%2Fwp%2Fv2%2Ftags&post=217828"}],"curies":[{"name":"wp","href":"https:\/\/api.w.org\/{rel}","templated":true}]}}