{"id":217826,"date":"2016-08-02T11:42:40","date_gmt":"2016-08-02T11:42:40","guid":{"rendered":"http:\/\/diariodominicano.ddns.net\/?p=217826"},"modified":"2016-08-02T11:42:40","modified_gmt":"2016-08-02T11:42:40","slug":"gran-mayoria-de-familias-la-nueva-barquita-apoya-pagar-cuota","status":"publish","type":"post","link":"https:\/\/diariodominicano.com\/?p=217826","title":{"rendered":"Gran mayor\u00eda de familias La Nueva Barquita apoya pagar cuota"},"content":{"rendered":"<p><body><\/p>\n<p><img decoding=\"async\" src=\"img3\/Cuadra2-8.jpg\" \/>  <\/p>\n<p><span class=\"text1noticias\">Santo Domingo, R. D., 2 de agosto.- El Director Ejecutivo de la  Unidad Ejecutora para la Readecuaci\u00f3n de La Barquita y Entornos (URBE), Jos\u00e9 Miguel Gonz\u00e1lez Cuadra, est\u00e1 optimista con los avances en la mudanza de La Nueva Barquita.<\/span><\/p>\n<p><span class=\"text1noticias\"> <\/span><\/p>\n<p><span class=\"text1noticias\">Dijo que la gran mayor\u00eda de las personas de La Nueva Barquita favorecen pagar la cuota de mil pesos que se les  ha asignado.<\/span><\/p>\n<p><span class=\"text1noticias\"> <\/span><\/p>\n<p><span class=\"text1noticias\">Gonz\u00e1lez Cuadra afirm\u00f3 que antes pagaban un alquiler de dos mil y tres mil pesos y que la opini\u00f3n de un grupo reducido no es la opini\u00f3n generalizada de las 1,787 familias que ya est\u00e1n en proceso de mudanza en La Nueva Barquita.<\/span><\/p>\n<p><span class=\"text1noticias\"> <\/span><\/p>\n<p><span class=\"text1noticias\">Dijo  que con la cuota de los mil pesos que se les ha asignado se busca mantener ese espacio con los servicios que tiene.<\/span><\/p>\n<p><span class=\"text1noticias\"> <\/span><\/p>\n<p><span class=\"text1noticias\">\u00abLa gran mayor\u00eda de las familias de La Nueva Barquita favorecen la cuota que se les ha asignado ya que han entendido que con esa cuota servir\u00e1 para mantener los espacios con los niveles de mantenimiento y confortabilidad como los est\u00e1n recibiendo\u00bb.<\/span><\/p>\n<p><span class=\"text1noticias\"> <\/span><\/p>\n<p><span class=\"text1noticias\"> Explic\u00f3 que La Nueva Barquita fue construida pensando en los est\u00e1ndares habitacionales modernos, calles asfaltadas, \u00e1reas verdes y para juegos, estancias infantiles, cl\u00ednica de atenci\u00f3n primaria, iglesias cat\u00f3licas y evang\u00e9licas, centro tecnol\u00f3gico, anfiteatro\u00bb. <\/span><\/p>\n<p><span class=\"text1noticias\"> <\/span><\/p>\n<p><span class=\"text1noticias\">\u00abA estas familias no se le est\u00e1 entregando un apartamento, se les est\u00e1 entregando un nuevo barrio con m\u00e1s facilidades como muy pocos en la capital, cuando vayan a buscar trabajo y digan que viven en La Nueva Barquita, ya eso es un valor agregado\u00bb, sostuvo.<\/span><\/p>\n<p><span class=\"text1noticias\"> <\/span><\/p>\n<p><span class=\"text1noticias\">491 familias mudadas<\/span><\/p>\n<p><span class=\"text1noticias\"> <\/span><\/p>\n<p><span class=\"text1noticias\">Gonz\u00e1lez Cuadra dijo que ya hay 491 familias mudadas en La Nueva Barquita y se espera que a finales de septiembre se complete la mudanza de las 1,787 familias.<\/span><\/p>\n<p><span class=\"text1noticias\"> <\/span><\/p>\n<p><span class=\"text1noticias\">Gonz\u00e1lez Cuadra dijo que el proceso de formaci\u00f3n no se ha detenido en La Nueva Barquita ya que desde un principio entendieron  que el \u00e9xito del proyecto depende de la formaci\u00f3n de las personas debido a la responsabilidad mancomunada que conlleva vivir en proyectos como este.<\/span><\/p>\n<p><span class=\"text1noticias\"> <\/span><\/p>\n<p><span class=\"text1noticias\">Los residentes de La Nueva Barquita que reh\u00fasen pagar los RD$1,000 de mantenimiento del lugar corren el riesgo de perder su derecho de propiedad del inmueble, que se les entregar\u00eda con su t\u00edtulo en 10 a\u00f1os.<\/span><\/p>\n<p><span class=\"text1noticias\"> <\/span><\/p>\n<p><span class=\"text1noticias\"> \u00abCada paso que hemos dado lo hemos dado en consenso con la comunidad\u00bb.<\/span><\/p>\n<p><span class=\"text1noticias\"> <\/span><\/p>\n<p><span class=\"text1noticias\">Explic\u00f3 que el mismo d\u00eda que una familia es trasladada a La Nueva Barquita  firma dos contrato, uno con URBE y otro con EDEESTE, en el contrato de URBE se explica que el contrato deben mandar sus hijos a la escuela, que deben alfabetizarse, y tambi\u00e9n especifica la cuota que debe pagar.<\/span><\/p>\n<p><span class=\"text1noticias\"> <\/span><\/p>\n<p><span class=\"text1noticias\">Proceso de capacitaci\u00f3n<\/span><\/p>\n<p><span class=\"text1noticias\"> <\/span><\/p>\n<p><span class=\"text1noticias\">Record\u00f3 que el Instituto de Formaci\u00f3n T\u00e9cnico Profesional (INFOTEP) capacit\u00f3 a 141 hombres y mujeres residentes en La Barquita, quienes se tecnificaron en \u00e1reas de la construcci\u00f3n que luego trabajaron en el proceso de construcci\u00f3n del nuevo barrio.<\/span><\/p>\n<p><span class=\"text1noticias\"> <\/span><\/p>\n<p><span class=\"text1noticias\">Dijo que en la Vieja Barquita hab\u00edan 64 locales comerciales ahora hay m\u00e1s de 100 con el objetivo de que los vecinos puedan aprovecharlos y presentar sus planes al patronato y puedan iniciar sus negocios.<\/span><\/p>\n<p><span class=\"text1noticias\"> <\/span><\/p>\n<p><span class=\"text1noticias\">Reiter\u00f3 que las casas son inmediatamente demolidas y se construir\u00e1 un parque que ser\u00e1 una conexi\u00f3n con el parque Cach\u00f3n de La Rubia.<\/span><\/p>\n<p><span class=\"text1noticias\"> <\/span><\/p>\n<p><span class=\"text1noticias\">Un parque humedal, que le devolver\u00e1 a la zona su esplendor, tambi\u00e9n tendr\u00e1 zona de recrea miento y esparcimiento para todos los habitantes de Vietnam, Los Mina Norte y zonas aleda\u00f1as.<\/span><\/p>\n<p><span class=\"text1noticias\"> <\/span><\/p>\n<p><span class=\"text1noticias\">Agencia Francesa para el Desarrollo realizara documental<\/span><\/p>\n<p><span class=\"text1noticias\"> <\/span><\/p>\n<p><span class=\"text1noticias\">El  director de la Comisi\u00f3n para la Readecuaci\u00f3n de La Barquita, Jos\u00e9 Miguel Gonz\u00e1lez Cuadra, inform\u00f3 que la Embajada  Francia har\u00e1 una pel\u00edcula sobre el impacto social y humano de la construcci\u00f3n de La Nueva Barquita.<\/span><\/p>\n<p><span class=\"text1noticias\"> <\/span><\/p>\n<p><span class=\"text1noticias\">Dijo que ayer la Agencia Francesa de Desarrollo ha dado seguimiento al proceso de construcci\u00f3n de La Nueva Barquita y quieren que esto sirva de piloto en otros sitios donde se ha visto el nivel de integraci\u00f3n del gobierno con la comunidad.<\/span><\/p>\n<p><span class=\"text1noticias\"> <\/span><\/p>\n<p><span class=\"text1noticias\">Dijo que representantes de la Agencia Francesa para el Desarrollo est\u00e1n admirados porque han visto en la ejecuci\u00f3n de este proyecto lo que no han visto en otros y quieren dar a conocer ese modelo de integraci\u00f3n comunitaria que ha tenido el gobierno con los moradores de La Nueva Barquita.<\/span><\/p>\n<p><span class=\"text1noticias\"> <\/span><\/p>\n<p><span class=\"text1noticias\">Gonz\u00e1lez  Cuadra fue entevistado en el programa El D\u00eda que conduce Huch\u00ed Lora y Amelia Deschamps por Telesistema Canal 11.<\/span><\/p>\n<h6> 2016-08-02 11:42:40 <\/h6>\n<p><!--\n<link rel=\"stylesheet\" href=\"css\/bootstrap.min.css\">\n\n\n<ul class=\"pagination\">\n\t    \n\t\n\n<li >\n\t<a href='?page_no=12308'>Previous<\/a>\n\t<\/li>\n\n\n       \n    \n\n<li><a href='?page_no=1'>1<\/a><\/li>\n\n\n\n<li><a href='?page_no=2'>2<\/a><\/li>\n\n\n\n<li><a>...<\/a><\/li>\n\n\n\n<li><a href='?page_no=12307'>12307<\/a><\/li>\n\n\n\n<li><a href='?page_no=12308'>12308<\/a><\/li>\n\n\n\n<li class='active'><a>12309<\/a><\/li>\n\n\n\n<li><a href='?page_no=12310'>12310<\/a><\/li>\n\n\n\n<li><a href='?page_no=12311'>12311<\/a><\/li>\n\n\n\n<li><a>...<\/a><\/li>\n\n\n\n<li><a href='?page_no=56169'>56169<\/a><\/li>\n\n\n\n<li><a href='?page_no=56170'>56170<\/a><\/li>\n\n    \n\t\n\n<li >\n\t<a href='?page_no=12310'>Next<\/a>\n\t<\/li>\n\n\n    \n\n<li><a href='?page_no=56170'>Last &rsaquo;&rsaquo;<\/a><\/li>\n\n<\/ul>\n\n\n--><br \/>\n<\/body><\/p>\n","protected":false},"excerpt":{"rendered":"<p>Santo Domingo, R. D., 2 de agosto.- El Director Ejecutivo de la Unidad Ejecutora para la Readecuaci\u00f3n de La Barquita y Entornos (URBE), Jos\u00e9 Miguel Gonz\u00e1lez Cuadra, est\u00e1 optimista con los avances en la mudanza de La Nueva Barquita. Dijo que la gran mayor\u00eda de las personas de La Nueva Barquita favorecen pagar la cuota [&hellip;]<\/p>\n","protected":false},"author":3,"featured_media":0,"comment_status":"open","ping_status":"open","sticky":false,"template":"","format":"standard","meta":{"footnotes":""},"categories":[20],"tags":[],"class_list":["post-217826","post","type-post","status-publish","format-standard","hentry","category-dominicana-hoy"],"_links":{"self":[{"href":"https:\/\/diariodominicano.com\/index.php?rest_route=\/wp\/v2\/posts\/217826","targetHints":{"allow":["GET"]}}],"collection":[{"href":"https:\/\/diariodominicano.com\/index.php?rest_route=\/wp\/v2\/posts"}],"about":[{"href":"https:\/\/diariodominicano.com\/index.php?rest_route=\/wp\/v2\/types\/post"}],"author":[{"embeddable":true,"href":"https:\/\/diariodominicano.com\/index.php?rest_route=\/wp\/v2\/users\/3"}],"replies":[{"embeddable":true,"href":"https:\/\/diariodominicano.com\/index.php?rest_route=%2Fwp%2Fv2%2Fcomments&post=217826"}],"version-history":[{"count":0,"href":"https:\/\/diariodominicano.com\/index.php?rest_route=\/wp\/v2\/posts\/217826\/revisions"}],"wp:attachment":[{"href":"https:\/\/diariodominicano.com\/index.php?rest_route=%2Fwp%2Fv2%2Fmedia&parent=217826"}],"wp:term":[{"taxonomy":"category","embeddable":true,"href":"https:\/\/diariodominicano.com\/index.php?rest_route=%2Fwp%2Fv2%2Fcategories&post=217826"},{"taxonomy":"post_tag","embeddable":true,"href":"https:\/\/diariodominicano.com\/index.php?rest_route=%2Fwp%2Fv2%2Ftags&post=217826"}],"curies":[{"name":"wp","href":"https:\/\/api.w.org\/{rel}","templated":true}]}}