{"id":217823,"date":"2016-08-02T13:52:44","date_gmt":"2016-08-02T13:52:44","guid":{"rendered":"http:\/\/diariodominicano.ddns.net\/?p=217823"},"modified":"2016-08-02T13:52:44","modified_gmt":"2016-08-02T13:52:44","slug":"gobierno-tiene-como-meta-cobertura-de-por-lo-menos-un-90-por-ciento","status":"publish","type":"post","link":"https:\/\/diariodominicano.com\/?p=217823","title":{"rendered":"Gobierno tiene como meta cobertura de por lo menos un 90 por ciento"},"content":{"rendered":"<p><body><\/p>\n<p><img decoding=\"async\" src=\"img3\/a82dd397-ff66-480b-a26d-89ef310fb3f3.jpg\" \/>  <\/p>\n<p><span class=\"text1noticias\">Santo Domingo, R.D., 2 de agosto.- El miembro del Comit\u00e9 Central del Partido de la Liberaci\u00f3n Dominicana (PLD), Rafael P\u00e9rez Modesto,  dijo este martes que el pa\u00eds se encamina a una posici\u00f3n \u00e9lite en materia de salud luego de alcanzada la meta trazada por el gobierno en la cobertura de salud en la seguridad social.  <\/span><\/p>\n<\/p>\n<p><span class=\"text1noticias\">\u00abNos acercamos a un 69 por ciento que al redondearlo llega justamente al 70 por ciento que es la meta gubernamental en t\u00e9rminos de la combinaci\u00f3n de los reg\u00edmenes contributivo y subsidiado de la Seguridad Social\u00bb, expres\u00f3 el Director del Consejo Nacional de la Seguridad Social.<\/span><\/p>\n<p><span class=\"text1noticias\">El funcionario subraya que la meta es en  cuatro a\u00f1os,  llevar  del 70 a 90 por ciento la cobertura de la Seguridad Social  lo que permitir\u00eda a Rep\u00fablica Dominicana entrar a un grupo casi exclusivo en cuanto a cobertura. <\/span><\/p>\n<\/p>\n<p><span class=\"text1noticias\">\u00abCon un 70 por ciento  en la actualidad Rep\u00fablica Dominicana ocupa el 5to lugar en Am\u00e9rica. La media en Am\u00e9rica de cobertura es de un 43 por ciento y nosotros ya tenemos un 70 por ciento\u00bb, detall\u00f3 P\u00e9rez Modesto.<\/span><\/p>\n<\/p>\n<p><span class=\"text1noticias\">Indic\u00f3  que para alcanzar esta meta deben suministrarse los fondos necesarios parte de los cuales saldr\u00e1n del gobierno, como responsable y garante de la Seguridad Social y quien cubre en su totalidad el r\u00e9gimen subsidiado. <\/span><\/p>\n<\/p>\n<p><span class=\"text1noticias\">\u00abLa otra parte tambi\u00e9n la cubre el gobierno con cada uno de sus funcionarios y empleados que tienen que cotizar como cualquier ciudadano y la otra parte el sector independiente, comercial, industrial que sus empleados tienen que cubrir del 10 por ciento que descuenta de sus ingresos netos aporta el 70 por ciento y el otro tres por ciento lo aporta el trabajador\u00bb, detall\u00f3 el  tambi\u00e9n vicesecretario general del PLD.<\/span><\/p>\n<\/p>\n<p><span class=\"text1noticias\">Al dar detalles sobre los tipos de coberturas manifest\u00f3 que  existen  3.3 millones del  r\u00e9gimen subsidiado que representa m\u00e1s del cien por ciento de la meta propuesta,  gracias a la inversi\u00f3n que hace el gobierno asistiendo y protegiendo  a los sectores  vulnerables como los ni\u00f1os, envejecientes y personas que no tienen el nivel de ingreso para poder mantener su cuota de pago.<\/span><\/p>\n<p><span class=\"text1noticias\">\u00abEl contributivo se situ\u00f3 en m\u00e1s del 72 por ciento de su cobertura que junto a sus familiares constituye 3.5 millones y en total tenemos 7 millones de dominicanos y dominicanas que en materia de salud est\u00e1n asegurados\u00bb, apunt\u00f3.<\/span><\/p>\n<\/p>\n<p><span class=\"text1noticias\">Rafael P\u00e9rez Modesto  puntualiz\u00f3 que cerca de un 30 por ciento de la poblaci\u00f3n a los que no se ha podido dar cobertura pese a los estudios avanzados que ha habido en torno a lo contributivo subsidiado pero que para estos  se buscar\u00e1 alternativa y una salida porque la meta del gobierno en los pr\u00f3ximos cuatro a\u00f1os es reducir esto a un m\u00e1ximo de un 10 por ciento.<\/span><\/p>\n<\/p>\n<p><span class=\"text1noticias\">El gerente de la Seguridad Social  record\u00f3 a sus entrevistadores de tele-matutino 11 que en el a\u00f1o 2004, a la salida del gobierno de Hip\u00f3lito Mej\u00eda, la cobertura de salud era  apenas de un 0.5 por ciento de la poblaci\u00f3n total.<\/span><\/p>\n<h6> 2016-08-02 13:52:44 <\/h6>\n<p><!--\n<link rel=\"stylesheet\" href=\"css\/bootstrap.min.css\">\n\n\n<ul class=\"pagination\">\n\t    \n\t\n\n<li >\n\t<a href='?page_no=12305'>Previous<\/a>\n\t<\/li>\n\n\n       \n    \n\n<li><a href='?page_no=1'>1<\/a><\/li>\n\n\n\n<li><a href='?page_no=2'>2<\/a><\/li>\n\n\n\n<li><a>...<\/a><\/li>\n\n\n\n<li><a href='?page_no=12304'>12304<\/a><\/li>\n\n\n\n<li><a href='?page_no=12305'>12305<\/a><\/li>\n\n\n\n<li class='active'><a>12306<\/a><\/li>\n\n\n\n<li><a href='?page_no=12307'>12307<\/a><\/li>\n\n\n\n<li><a href='?page_no=12308'>12308<\/a><\/li>\n\n\n\n<li><a>...<\/a><\/li>\n\n\n\n<li><a href='?page_no=56169'>56169<\/a><\/li>\n\n\n\n<li><a href='?page_no=56170'>56170<\/a><\/li>\n\n    \n\t\n\n<li >\n\t<a href='?page_no=12307'>Next<\/a>\n\t<\/li>\n\n\n    \n\n<li><a href='?page_no=56170'>Last &rsaquo;&rsaquo;<\/a><\/li>\n\n<\/ul>\n\n\n--><br \/>\n<\/body><\/p>\n","protected":false},"excerpt":{"rendered":"<p>Santo Domingo, R.D., 2 de agosto.- El miembro del Comit\u00e9 Central del Partido de la Liberaci\u00f3n Dominicana (PLD), Rafael P\u00e9rez Modesto, dijo este martes que el pa\u00eds se encamina a una posici\u00f3n \u00e9lite en materia de salud luego de alcanzada la meta trazada por el gobierno en la cobertura de salud en la seguridad social. [&hellip;]<\/p>\n","protected":false},"author":3,"featured_media":0,"comment_status":"open","ping_status":"open","sticky":false,"template":"","format":"standard","meta":{"footnotes":""},"categories":[20],"tags":[],"class_list":["post-217823","post","type-post","status-publish","format-standard","hentry","category-dominicana-hoy"],"_links":{"self":[{"href":"https:\/\/diariodominicano.com\/index.php?rest_route=\/wp\/v2\/posts\/217823","targetHints":{"allow":["GET"]}}],"collection":[{"href":"https:\/\/diariodominicano.com\/index.php?rest_route=\/wp\/v2\/posts"}],"about":[{"href":"https:\/\/diariodominicano.com\/index.php?rest_route=\/wp\/v2\/types\/post"}],"author":[{"embeddable":true,"href":"https:\/\/diariodominicano.com\/index.php?rest_route=\/wp\/v2\/users\/3"}],"replies":[{"embeddable":true,"href":"https:\/\/diariodominicano.com\/index.php?rest_route=%2Fwp%2Fv2%2Fcomments&post=217823"}],"version-history":[{"count":0,"href":"https:\/\/diariodominicano.com\/index.php?rest_route=\/wp\/v2\/posts\/217823\/revisions"}],"wp:attachment":[{"href":"https:\/\/diariodominicano.com\/index.php?rest_route=%2Fwp%2Fv2%2Fmedia&parent=217823"}],"wp:term":[{"taxonomy":"category","embeddable":true,"href":"https:\/\/diariodominicano.com\/index.php?rest_route=%2Fwp%2Fv2%2Fcategories&post=217823"},{"taxonomy":"post_tag","embeddable":true,"href":"https:\/\/diariodominicano.com\/index.php?rest_route=%2Fwp%2Fv2%2Ftags&post=217823"}],"curies":[{"name":"wp","href":"https:\/\/api.w.org\/{rel}","templated":true}]}}