{"id":217821,"date":"2016-08-02T15:37:48","date_gmt":"2016-08-02T15:37:48","guid":{"rendered":"http:\/\/diariodominicano.ddns.net\/?p=217821"},"modified":"2016-08-02T15:37:48","modified_gmt":"2016-08-02T15:37:48","slug":"diez-provincias-en-alerta-amarilla-y-9-en-verde-por-paso-de-onda-tropical","status":"publish","type":"post","link":"https:\/\/diariodominicano.com\/?p=217821","title":{"rendered":"&#13;Diez provincias en Alerta Amarilla y 9 en Verde por paso de Onda Tropical"},"content":{"rendered":"<p><body><\/p>\n<p><img decoding=\"async\" src=\"img3\/COE.JPG\" \/>  <\/p>\n<p><strong><span class=\"text1noticias\"> <\/span><\/strong><\/p>\n<p><strong><span class=\"text1noticias\"> Santo Domingo, 02 de agosto.-<\/span><\/strong><span class=\"text1noticias\"> La Direcci\u00f3n del Centro de Operaciones de Emergencias, emiti\u00f3 Alerta Amarilla para diez provincias y Verde para nueve  debido a la activa onda tropical  localiza sobre la parte occidental del pa\u00eds, movi\u00e9ndose r\u00e1pidamente hacia el oeste, acompa\u00f1ada de bastante nubosidad que cubre gran parte del territorio nacional.<\/span><\/p>\n<p><span class=\"text1noticias\"> <\/span><\/p>\n<p><span class=\"text1noticias\"> <\/span><\/p>\n<p><span class=\"text1noticias\">El COE dijo que dada esa situaci\u00f3n  continuar\u00e1n produci\u00e9ndose  fuertes aguaceros acompa\u00f1ados de tormentas el\u00e9ctricas y r\u00e1fagas de viento en gran parte del territorio, en especial hacia  la llanura costera del Caribe, regiones suroeste, noreste, sureste, cordillera Central y zona fronteriza<\/span><\/p>\n<\/p>\n<p><span class=\"text1noticias\">Inform\u00f3 que las provincias en Alerta Amarilla son San Crist\u00f3bal, Peravia, Azua, Barahona, Pedernales, Independencia, San Pedro de Macor\u00eds, Monte Plata, San Jos\u00e9 de Ocoa, y Gran Santo Domingo.<\/span><\/p>\n<\/p>\n<p><span class=\"text1noticias\">Mientras que est\u00e1n en Alerta Verde La Altagracia, La Romana, Hato Mayor, El Seibo, Duarte, Mar\u00eda Trinidad S\u00e1nchez, S\u00e1nchez Ram\u00edrez, Monse\u00f1or Nouel y La Vega.<\/span><\/p>\n<\/p>\n<p><span class=\"text1noticias\"> Adem\u00e1s, el COE  mantiene el nivel de alerta VERDE  para los usuarios de peque\u00f1as  y  medianas  embarcaciones as\u00ed como las de uso deportivo y acu\u00e1ticos de la costa Caribe\u00f1a desde Cabo Enga\u00f1o hasta Pedernales y en la costa Atl\u00e1ntica desde Cabo Enga\u00f1o hasta la Bah\u00eda de Manzanillo, por oleaje peligroso, por lo que deben de permanecer en Puerto.<\/span><\/p>\n<\/p>\n<p><span class=\"text1noticias\"> Sin embargo, los que operan en la Bah\u00eda de Saman\u00e1  deben hacerlo pr\u00f3ximo a las costas.  <\/span><\/p>\n<\/p>\n<p><span class=\"text1noticias\">A los ba\u00f1istas en las Costa Caribe\u00f1a se les recomienda tener precauci\u00f3n y abstenerse de usar las playas a partir de la tarde de hoy debido que estaremos recibiendo oleaje que superan los 8 pies de altura. <\/span><\/p>\n<h6> 2016-08-02 15:37:48 <\/h6>\n<p><!--\n<link rel=\"stylesheet\" href=\"css\/bootstrap.min.css\">\n\n\n<ul class=\"pagination\">\n\t    \n\t\n\n<li >\n\t<a href='?page_no=12303'>Previous<\/a>\n\t<\/li>\n\n\n       \n    \n\n<li><a href='?page_no=1'>1<\/a><\/li>\n\n\n\n<li><a href='?page_no=2'>2<\/a><\/li>\n\n\n\n<li><a>...<\/a><\/li>\n\n\n\n<li><a href='?page_no=12302'>12302<\/a><\/li>\n\n\n\n<li><a href='?page_no=12303'>12303<\/a><\/li>\n\n\n\n<li class='active'><a>12304<\/a><\/li>\n\n\n\n<li><a href='?page_no=12305'>12305<\/a><\/li>\n\n\n\n<li><a href='?page_no=12306'>12306<\/a><\/li>\n\n\n\n<li><a>...<\/a><\/li>\n\n\n\n<li><a href='?page_no=56169'>56169<\/a><\/li>\n\n\n\n<li><a href='?page_no=56170'>56170<\/a><\/li>\n\n    \n\t\n\n<li >\n\t<a href='?page_no=12305'>Next<\/a>\n\t<\/li>\n\n\n    \n\n<li><a href='?page_no=56170'>Last &rsaquo;&rsaquo;<\/a><\/li>\n\n<\/ul>\n\n\n--><br \/>\n<\/body><\/p>\n","protected":false},"excerpt":{"rendered":"<p>Santo Domingo, 02 de agosto.- La Direcci\u00f3n del Centro de Operaciones de Emergencias, emiti\u00f3 Alerta Amarilla para diez provincias y Verde para nueve debido a la activa onda tropical localiza sobre la parte occidental del pa\u00eds, movi\u00e9ndose r\u00e1pidamente hacia el oeste, acompa\u00f1ada de bastante nubosidad que cubre gran parte del territorio nacional. El COE dijo [&hellip;]<\/p>\n","protected":false},"author":3,"featured_media":0,"comment_status":"open","ping_status":"open","sticky":false,"template":"","format":"standard","meta":{"footnotes":""},"categories":[20],"tags":[],"class_list":["post-217821","post","type-post","status-publish","format-standard","hentry","category-dominicana-hoy"],"_links":{"self":[{"href":"https:\/\/diariodominicano.com\/index.php?rest_route=\/wp\/v2\/posts\/217821","targetHints":{"allow":["GET"]}}],"collection":[{"href":"https:\/\/diariodominicano.com\/index.php?rest_route=\/wp\/v2\/posts"}],"about":[{"href":"https:\/\/diariodominicano.com\/index.php?rest_route=\/wp\/v2\/types\/post"}],"author":[{"embeddable":true,"href":"https:\/\/diariodominicano.com\/index.php?rest_route=\/wp\/v2\/users\/3"}],"replies":[{"embeddable":true,"href":"https:\/\/diariodominicano.com\/index.php?rest_route=%2Fwp%2Fv2%2Fcomments&post=217821"}],"version-history":[{"count":0,"href":"https:\/\/diariodominicano.com\/index.php?rest_route=\/wp\/v2\/posts\/217821\/revisions"}],"wp:attachment":[{"href":"https:\/\/diariodominicano.com\/index.php?rest_route=%2Fwp%2Fv2%2Fmedia&parent=217821"}],"wp:term":[{"taxonomy":"category","embeddable":true,"href":"https:\/\/diariodominicano.com\/index.php?rest_route=%2Fwp%2Fv2%2Fcategories&post=217821"},{"taxonomy":"post_tag","embeddable":true,"href":"https:\/\/diariodominicano.com\/index.php?rest_route=%2Fwp%2Fv2%2Ftags&post=217821"}],"curies":[{"name":"wp","href":"https:\/\/api.w.org\/{rel}","templated":true}]}}