{"id":217818,"date":"2016-08-03T10:24:26","date_gmt":"2016-08-03T10:24:26","guid":{"rendered":"http:\/\/diariodominicano.ddns.net\/?p=217818"},"modified":"2016-08-03T10:24:26","modified_gmt":"2016-08-03T10:24:26","slug":"entregan-vivienda-a-soldado-meritorio-en-pantoja","status":"publish","type":"post","link":"https:\/\/diariodominicano.com\/?p=217818","title":{"rendered":"Entregan vivienda a soldado meritorio en Pantoja"},"content":{"rendered":"<p><body><\/p>\n<p><img decoding=\"async\" src=\"img3\/ejercito3-8.jpg\" \/>  <\/p>\n<p><span class=\"text1noticias\">Santo Domingo, R. D., 3 de agosto.- El Comandante General del Ej\u00e9rcito de Rep\u00fablica Dominicana, Mayor General Jos\u00e9 E. Matos de la Cruz, entreg\u00f3 una vivienda totalmente amueblada a soldado de la instituci\u00f3n en el sector Pantoja de Santo Domingo Oeste.<\/span><\/p>\n<\/p>\n<p><span class=\"text1noticias\">    El militar beneficiado es el Sargento Jos\u00e9 Antonio Rodr\u00edguez Hiciano quien tiene (13) a\u00f1os de servicios y pertenece a la \u00abB\u00bb Compa\u00f1\u00eda del 1er. Batall\u00f3n de la 1ra. Brigada de Infanter\u00eda.<\/span><\/p>\n<\/p>\n<p><span class=\"text1noticias\">   La vivienda ubicada en la calle La Cure\u00f1a No.03, Barrio 23 en Pantoja, tiene tres habitaciones, galer\u00eda, sala, comedor, ba\u00f1o, piso en cer\u00e1mica, techada en aluzinc y completamente amueblada.<\/span><\/p>\n<\/p>\n<p><span class=\"text1noticias\">   El Mayor General Matos de la Cruz dijo sentirse satisfecho al entregar la vivienda n\u00famero (34) en el tiempo que lleva al frente de la Comandancia.<\/span><\/p>\n<\/p>\n<p><span class=\"text1noticias\">\u00bb Nos hemos preocupado por mejorar la calidad de vida de nuestros soldados y sus familias. Igual reconocer la hoja de servicio de nuestros soldados meritorios\u00bb preciso el mayor general Matos de la Cruz.<\/span><\/p>\n<\/p>\n<p><span class=\"text1noticias\">  El Sargento Rodr\u00edguez Hiciano agradeci\u00f3 el gesto del Comandante General, ERD., por permitirle en lo adelante vivir en una casa c\u00f3moda y segura, donde poder ver a sus hijos crecer en tranquilidad.<\/span><\/p>\n<h6> 2016-08-03 10:24:26 <\/h6>\n<p><!--\n<link rel=\"stylesheet\" href=\"css\/bootstrap.min.css\">\n\n\n<ul class=\"pagination\">\n\t    \n\t\n\n<li >\n\t<a href='?page_no=12300'>Previous<\/a>\n\t<\/li>\n\n\n       \n    \n\n<li><a href='?page_no=1'>1<\/a><\/li>\n\n\n\n<li><a href='?page_no=2'>2<\/a><\/li>\n\n\n\n<li><a>...<\/a><\/li>\n\n\n\n<li><a href='?page_no=12299'>12299<\/a><\/li>\n\n\n\n<li><a href='?page_no=12300'>12300<\/a><\/li>\n\n\n\n<li class='active'><a>12301<\/a><\/li>\n\n\n\n<li><a href='?page_no=12302'>12302<\/a><\/li>\n\n\n\n<li><a href='?page_no=12303'>12303<\/a><\/li>\n\n\n\n<li><a>...<\/a><\/li>\n\n\n\n<li><a href='?page_no=56169'>56169<\/a><\/li>\n\n\n\n<li><a href='?page_no=56170'>56170<\/a><\/li>\n\n    \n\t\n\n<li >\n\t<a href='?page_no=12302'>Next<\/a>\n\t<\/li>\n\n\n    \n\n<li><a href='?page_no=56170'>Last &rsaquo;&rsaquo;<\/a><\/li>\n\n<\/ul>\n\n\n--><br \/>\n<\/body><\/p>\n","protected":false},"excerpt":{"rendered":"<p>Santo Domingo, R. D., 3 de agosto.- El Comandante General del Ej\u00e9rcito de Rep\u00fablica Dominicana, Mayor General Jos\u00e9 E. Matos de la Cruz, entreg\u00f3 una vivienda totalmente amueblada a soldado de la instituci\u00f3n en el sector Pantoja de Santo Domingo Oeste. El militar beneficiado es el Sargento Jos\u00e9 Antonio Rodr\u00edguez Hiciano quien tiene (13) a\u00f1os [&hellip;]<\/p>\n","protected":false},"author":3,"featured_media":0,"comment_status":"open","ping_status":"open","sticky":false,"template":"","format":"standard","meta":{"footnotes":""},"categories":[20],"tags":[],"class_list":["post-217818","post","type-post","status-publish","format-standard","hentry","category-dominicana-hoy"],"_links":{"self":[{"href":"https:\/\/diariodominicano.com\/index.php?rest_route=\/wp\/v2\/posts\/217818","targetHints":{"allow":["GET"]}}],"collection":[{"href":"https:\/\/diariodominicano.com\/index.php?rest_route=\/wp\/v2\/posts"}],"about":[{"href":"https:\/\/diariodominicano.com\/index.php?rest_route=\/wp\/v2\/types\/post"}],"author":[{"embeddable":true,"href":"https:\/\/diariodominicano.com\/index.php?rest_route=\/wp\/v2\/users\/3"}],"replies":[{"embeddable":true,"href":"https:\/\/diariodominicano.com\/index.php?rest_route=%2Fwp%2Fv2%2Fcomments&post=217818"}],"version-history":[{"count":0,"href":"https:\/\/diariodominicano.com\/index.php?rest_route=\/wp\/v2\/posts\/217818\/revisions"}],"wp:attachment":[{"href":"https:\/\/diariodominicano.com\/index.php?rest_route=%2Fwp%2Fv2%2Fmedia&parent=217818"}],"wp:term":[{"taxonomy":"category","embeddable":true,"href":"https:\/\/diariodominicano.com\/index.php?rest_route=%2Fwp%2Fv2%2Fcategories&post=217818"},{"taxonomy":"post_tag","embeddable":true,"href":"https:\/\/diariodominicano.com\/index.php?rest_route=%2Fwp%2Fv2%2Ftags&post=217818"}],"curies":[{"name":"wp","href":"https:\/\/api.w.org\/{rel}","templated":true}]}}