{"id":217817,"date":"2016-08-03T10:35:36","date_gmt":"2016-08-03T10:35:36","guid":{"rendered":"http:\/\/diariodominicano.ddns.net\/?p=217817"},"modified":"2016-08-03T10:35:36","modified_gmt":"2016-08-03T10:35:36","slug":"organizaciones-abogan-por-definicion-marco-legal-para-cambio-climatico","status":"publish","type":"post","link":"https:\/\/diariodominicano.com\/?p=217817","title":{"rendered":"Organizaciones abogan por definici\u00f3n marco legal para Cambio Clim\u00e1tico"},"content":{"rendered":"<p><body><\/p>\n<p><img decoding=\"async\" src=\"img3\/particip0acion3-8.jpg\" \/>  <\/p>\n<p><span class=\"text1noticias\">Santo Domingo, R. D., 3 de agosto.- Participaci\u00f3n Ciudadana, movimiento c\u00edvico no partidista, en conjunto con el Instituto Dominicano de Desarrollo Integral (IDDI) y la iniciativa Climacci\u00f3n, realizaron  la primera  mesa de reflexi\u00f3n para abordar la necesidad de tener un marco legal sobre Cambio Clim\u00e1tico en el pa\u00eds.<\/span><\/p>\n<\/p>\n<p><span class=\"text1noticias\">La  mesa de reflexi\u00f3n se reuni\u00f3 con el objetivo de considerar de manera colectiva la importancia de adoptar un marco legal que garantice una buena gobernabilidad clim\u00e1tica.  En la misma se trataron diversos aspectos del actual proyecto de ley de Cambio Clim\u00e1tico depositado en el Congreso Nacional. <\/span><\/p>\n<\/p>\n<p><span class=\"text1noticias\">Esta mesa est\u00e1 integrada por organizaciones gubernamentales y de la sociedad civil, que buscan a consensuar y articular una estrategia de incidencia que promueva la adopci\u00f3n de un marco legal. <\/span><\/p>\n<\/p>\n<p><span class=\"text1noticias\">El cambio clim\u00e1tico es una problem\u00e1tica que afecta al mundo, es por ello que Rep\u00fablica Dominicana debe esforzarse en lograr una ley que responda a las necesidades actuales y futuras ante el reto de los impactos de este fen\u00f3meno.<\/span><\/p>\n<\/p>\n<p><span class=\"text1noticias\">Esta mesa de reflexi\u00f3n se realiz\u00f3 en  el marco del Proyecto Fortalecimiento de la Transparencia en la Gobernabilidad Financiera Clim\u00e1tica, con el apoyo de la Agencia de los Estados Unidos para el Desarrollo Internacional (USAID).<\/span> <\/p>\n<h6> 2016-08-03 10:35:36 <\/h6>\n<p><!--\n<link rel=\"stylesheet\" href=\"css\/bootstrap.min.css\">\n\n\n<ul class=\"pagination\">\n\t    \n\t\n\n<li >\n\t<a href='?page_no=12299'>Previous<\/a>\n\t<\/li>\n\n\n       \n    \n\n<li><a href='?page_no=1'>1<\/a><\/li>\n\n\n\n<li><a href='?page_no=2'>2<\/a><\/li>\n\n\n\n<li><a>...<\/a><\/li>\n\n\n\n<li><a href='?page_no=12298'>12298<\/a><\/li>\n\n\n\n<li><a href='?page_no=12299'>12299<\/a><\/li>\n\n\n\n<li class='active'><a>12300<\/a><\/li>\n\n\n\n<li><a href='?page_no=12301'>12301<\/a><\/li>\n\n\n\n<li><a href='?page_no=12302'>12302<\/a><\/li>\n\n\n\n<li><a>...<\/a><\/li>\n\n\n\n<li><a href='?page_no=56169'>56169<\/a><\/li>\n\n\n\n<li><a href='?page_no=56170'>56170<\/a><\/li>\n\n    \n\t\n\n<li >\n\t<a href='?page_no=12301'>Next<\/a>\n\t<\/li>\n\n\n    \n\n<li><a href='?page_no=56170'>Last &rsaquo;&rsaquo;<\/a><\/li>\n\n<\/ul>\n\n\n--><br \/>\n<\/body><\/p>\n","protected":false},"excerpt":{"rendered":"<p>Santo Domingo, R. D., 3 de agosto.- Participaci\u00f3n Ciudadana, movimiento c\u00edvico no partidista, en conjunto con el Instituto Dominicano de Desarrollo Integral (IDDI) y la iniciativa Climacci\u00f3n, realizaron la primera mesa de reflexi\u00f3n para abordar la necesidad de tener un marco legal sobre Cambio Clim\u00e1tico en el pa\u00eds. La mesa de reflexi\u00f3n se reuni\u00f3 con [&hellip;]<\/p>\n","protected":false},"author":3,"featured_media":0,"comment_status":"open","ping_status":"open","sticky":false,"template":"","format":"standard","meta":{"footnotes":""},"categories":[20],"tags":[],"class_list":["post-217817","post","type-post","status-publish","format-standard","hentry","category-dominicana-hoy"],"_links":{"self":[{"href":"https:\/\/diariodominicano.com\/index.php?rest_route=\/wp\/v2\/posts\/217817","targetHints":{"allow":["GET"]}}],"collection":[{"href":"https:\/\/diariodominicano.com\/index.php?rest_route=\/wp\/v2\/posts"}],"about":[{"href":"https:\/\/diariodominicano.com\/index.php?rest_route=\/wp\/v2\/types\/post"}],"author":[{"embeddable":true,"href":"https:\/\/diariodominicano.com\/index.php?rest_route=\/wp\/v2\/users\/3"}],"replies":[{"embeddable":true,"href":"https:\/\/diariodominicano.com\/index.php?rest_route=%2Fwp%2Fv2%2Fcomments&post=217817"}],"version-history":[{"count":0,"href":"https:\/\/diariodominicano.com\/index.php?rest_route=\/wp\/v2\/posts\/217817\/revisions"}],"wp:attachment":[{"href":"https:\/\/diariodominicano.com\/index.php?rest_route=%2Fwp%2Fv2%2Fmedia&parent=217817"}],"wp:term":[{"taxonomy":"category","embeddable":true,"href":"https:\/\/diariodominicano.com\/index.php?rest_route=%2Fwp%2Fv2%2Fcategories&post=217817"},{"taxonomy":"post_tag","embeddable":true,"href":"https:\/\/diariodominicano.com\/index.php?rest_route=%2Fwp%2Fv2%2Ftags&post=217817"}],"curies":[{"name":"wp","href":"https:\/\/api.w.org\/{rel}","templated":true}]}}