{"id":217814,"date":"2016-08-03T10:55:25","date_gmt":"2016-08-03T10:55:25","guid":{"rendered":"http:\/\/diariodominicano.ddns.net\/?p=217814"},"modified":"2016-08-03T10:55:25","modified_gmt":"2016-08-03T10:55:25","slug":"adia-pide-al-gobierno-mejorar-salarios-de-los-agronomos","status":"publish","type":"post","link":"https:\/\/diariodominicano.com\/?p=217814","title":{"rendered":"ADIA pide al Gobierno mejorar salarios de los agr\u00f3nomos"},"content":{"rendered":"<p><body><\/p>\n<p><img decoding=\"async\" src=\"img3\/Adia3-8.jpg\" \/>  <\/p>\n<p><strong><span class=\"text1noticias\">Santo Domingo, R. D., 3 de agosto.-<\/span><\/strong><span class=\"text1noticias\"> El presidente de la Asociaci\u00f3n Dominicana de Ingenieros Agr\u00f3nomos (ADIA), C\u00e9sar Matos, hizo un llamado al gobierno para que cancele la deuda social acumulada con los profesionales del campo dominicano. Record\u00f3 que cerca de 4000 agr\u00f3nomos que se desempe\u00f1an en diferentes departamentos est\u00e1n esperando que el gobierno reajuste los salarios, los cuales oscilar\u00edan entre 35,000 y 55,000 pesos, de acuerdo con su responsabilidad t\u00e9cnica y la Ley de salarios 105-13.<\/span><\/p>\n<p><span class=\"text1noticias\"> <\/span><\/p>\n<p><span class=\"text1noticias\">Record\u00f3 al gobierno que as\u00ed como ha asumido el compromiso de mejorar los salarios a otros sectores profesionales, del mismo modo debe hacerlo tambi\u00e9n para los  profesionales agropecuarios, quienes por m\u00e1s de 4 a\u00f1os vienen reclamando la atenci\u00f3n de las autoridades. <\/span><\/p>\n<p><span class=\"text1noticias\"> <\/span><\/p>\n<p><span class=\"text1noticias\">C\u00e9sar matos fue enf\u00e1tico en se\u00f1alar, en un encuentro con la prensa celebrado en el local de la asociaci\u00f3n, que los agr\u00f3nomos dominicanos, al igual que los maestros y m\u00e9dicos, entre otras profesiones, tienen derecho a: salarios dignos, condiciones de trabajo dignas, pensiones dignas, y a una justa cobertura de salud para los pensionados. El presidente de la ADIA deplor\u00f3 que \u00aben los hechos a  nuestros profesionales se les niega el derecho a mejores condiciones de vida, vivienda, transporte y alimentaci\u00f3n, a causa de los bajos salarios\u00bb. <\/span><\/p>\n<p><span class=\"text1noticias\"> <\/span><\/p>\n<p><span class=\"text1noticias\">Por otra parte, el ingeniero Matos resalt\u00f3 que la ADIA apoya la \u00abPropuesta para el Desarrollo Integral del Sector Agropecuario Dominicano\u00bb, elaborada por el CONIAF, la que consider\u00f3 como \u00abuna valiosa herramienta para la planificaci\u00f3n del sector en los pr\u00f3ximos 8-10 a\u00f1os, lo que se traducir\u00e1 en el rescate y fortalecimiento de ese sector\u00bb. <\/span><\/p>\n<p><span class=\"text1noticias\"> <\/span><\/p>\n<p><span class=\"text1noticias\">El presidente de la ADIA a\u00f1adi\u00f3 que \u00abes la primera vez, en la historia del desarrollo del sector, que se presenta un instrumento unificado por todos los actores en las distintas regiones del pa\u00eds, para llevar a cabo acciones sist\u00e9micas que constituyen en s\u00ed mismas (en el largo plazo) un verdadero programa de desarrollo rural integral, ya que incluye sus prioridades\u00bb. <\/span><\/p>\n<p><span class=\"text1noticias\"> <\/span><\/p>\n<p><span class=\"text1noticias\">Insisti\u00f3 Matos que el Gobierno debe aprovechar este instrumento como una gu\u00eda estrat\u00e9gica para la planificaci\u00f3n del sector,  ya que en su dise\u00f1o participaron alrededor de 600 actores, que representan a m\u00e1s de 300 organizaciones locales. <\/span><\/p>\n<p><span class=\"text1noticias\"> <\/span><\/p>\n<p><span class=\"text1noticias\">Detall\u00f3 que esta gu\u00eda para el desarrollo propone acciones concretas para hacer frente a las demandas de investigaci\u00f3n y generaci\u00f3n de tecnolog\u00edas, construcci\u00f3n de presas para afrontar la sequ\u00eda, reforestaci\u00f3n e inocuidad de los alimentos. Adem\u00e1s,  propone al mismo tiempo una reforma institucional, un plan para relevo generacional, capacitaci\u00f3n y una pol\u00edtica salarial para los profesionales; transferencia de tecnolog\u00eda y extensionismo para mejorar la competitividad. <\/span><\/p>\n<p><span class=\"text1noticias\"> <\/span><\/p>\n<p><span class=\"text1noticias\"> <\/span><\/p>\n<p><span class=\"text1noticias\">Se\u00f1al\u00f3 el ingeniero Matos que se necesita una inversi\u00f3n adicional de 40 mil millones de pesos durante los pr\u00f3ximos 8  \u00f3 10 a\u00f1os para tener un sector agropecuario fortalecido.<\/span><\/p>\n<p><span class=\"text1noticias\"> <\/span><\/p>\n<p><span class=\"text1noticias\">Ante la importancia que tiene la agricultura y la ganader\u00eda para el desarrollo del pa\u00eds, describe la nota entregada a los medios, \u00abhacemos un llamado al gobierno para que se creen los incentivos necesarios para convertir la agronom\u00eda en una carrera atractiva para los j\u00f3venes de la Rep\u00fablica Dominicana, la que entre otros contemplar\u00e1 la indexaci\u00f3n bianual de los salarios\u00bb. <\/span><\/p>\n<p><span class=\"text1noticias\"> <\/span><\/p>\n<p><span class=\"text1noticias\">La ADIA advirti\u00f3 al gobierno que de no poner la debida atenci\u00f3n al campo dominicano, con la aplicaci\u00f3n de una mayor inversi\u00f3n, se originar\u00eda una grave crisis en nuestra econom\u00eda, ya que el sector agropecuario es el mayor productor de empleos y riquezas en el pa\u00eds. <\/span><\/p>\n<p><span class=\"text1noticias\"> <\/span><\/p>\n<p><span class=\"text1noticias\">C\u00e9sar Matos manifest\u00f3 que los pr\u00f3ximos 4 a\u00f1os son decisivos para reorientar el gasto p\u00fablico y proveer una mayor atenci\u00f3n al campo, y concluy\u00f3 al respecto que para obtener un mejor desempe\u00f1o del sector agropecuario las visitas sorpresas no son suficientes, porque no constituyen en s\u00ed mismas un plan de desarrollo. <\/span><\/p>\n<p><span class=\"text1noticias\"> <\/span><\/p>\n<p><span class=\"text1noticias\">Concluy\u00f3 el ingeniero C\u00e9sar Matos que la ADIA se siente comprometida con esta renovaci\u00f3n, ya que en la sociedad actual lo \u00fanico permanente es el cambio. Si no cambiamos debemos esperar las mismas tendencias de los cuatro a\u00f1os anteriores (m\u00e1s desempleo y m\u00e1s pobreza)<\/span><\/p>\n<p><span class=\"text1noticias\"> <\/span><\/p>\n<p><span class=\"text1noticias\">Al final de la rueda de prensa el presidente de la ADIA hizo un llamado al ministro de agricultura, el se\u00f1or \u00c1ngel Est\u00e9vez para que ponga t\u00e9rmino a la persecuci\u00f3n en contra de los profesionales que trabajan en \u00e1reas claves, como la sanidad animal y vegetal, la investigaci\u00f3n, CODOCAF\u00c9 y el programa Moscamed, y le reclam\u00f3 que cumpla con los incentivos que han sido acordados. Lament\u00f3 que los t\u00e9cnicos del Consejo Dominicano del Caf\u00e9 (CODOCAF\u00c9) est\u00e9n cobrando sus salarios hasta con un mes <\/span>de retraso.<\/p>\n<h6> 2016-08-03 10:55:25 <\/h6>\n<p><!--\n<link rel=\"stylesheet\" href=\"css\/bootstrap.min.css\">\n\n\n<ul class=\"pagination\">\n\t    \n\t\n\n<li >\n\t<a href='?page_no=12298'>Previous<\/a>\n\t<\/li>\n\n\n       \n    \n\n<li><a href='?page_no=1'>1<\/a><\/li>\n\n\n\n<li><a href='?page_no=2'>2<\/a><\/li>\n\n\n\n<li><a>...<\/a><\/li>\n\n\n\n<li><a href='?page_no=12297'>12297<\/a><\/li>\n\n\n\n<li><a href='?page_no=12298'>12298<\/a><\/li>\n\n\n\n<li class='active'><a>12299<\/a><\/li>\n\n\n\n<li><a href='?page_no=12300'>12300<\/a><\/li>\n\n\n\n<li><a href='?page_no=12301'>12301<\/a><\/li>\n\n\n\n<li><a>...<\/a><\/li>\n\n\n\n<li><a href='?page_no=56169'>56169<\/a><\/li>\n\n\n\n<li><a href='?page_no=56170'>56170<\/a><\/li>\n\n    \n\t\n\n<li >\n\t<a href='?page_no=12300'>Next<\/a>\n\t<\/li>\n\n\n    \n\n<li><a href='?page_no=56170'>Last &rsaquo;&rsaquo;<\/a><\/li>\n\n<\/ul>\n\n\n--><br \/>\n<\/body><\/p>\n","protected":false},"excerpt":{"rendered":"<p>Santo Domingo, R. D., 3 de agosto.- El presidente de la Asociaci\u00f3n Dominicana de Ingenieros Agr\u00f3nomos (ADIA), C\u00e9sar Matos, hizo un llamado al gobierno para que cancele la deuda social acumulada con los profesionales del campo dominicano. Record\u00f3 que cerca de 4000 agr\u00f3nomos que se desempe\u00f1an en diferentes departamentos est\u00e1n esperando que el gobierno reajuste [&hellip;]<\/p>\n","protected":false},"author":3,"featured_media":0,"comment_status":"open","ping_status":"open","sticky":false,"template":"","format":"standard","meta":{"footnotes":""},"categories":[20],"tags":[],"class_list":["post-217814","post","type-post","status-publish","format-standard","hentry","category-dominicana-hoy"],"_links":{"self":[{"href":"https:\/\/diariodominicano.com\/index.php?rest_route=\/wp\/v2\/posts\/217814","targetHints":{"allow":["GET"]}}],"collection":[{"href":"https:\/\/diariodominicano.com\/index.php?rest_route=\/wp\/v2\/posts"}],"about":[{"href":"https:\/\/diariodominicano.com\/index.php?rest_route=\/wp\/v2\/types\/post"}],"author":[{"embeddable":true,"href":"https:\/\/diariodominicano.com\/index.php?rest_route=\/wp\/v2\/users\/3"}],"replies":[{"embeddable":true,"href":"https:\/\/diariodominicano.com\/index.php?rest_route=%2Fwp%2Fv2%2Fcomments&post=217814"}],"version-history":[{"count":0,"href":"https:\/\/diariodominicano.com\/index.php?rest_route=\/wp\/v2\/posts\/217814\/revisions"}],"wp:attachment":[{"href":"https:\/\/diariodominicano.com\/index.php?rest_route=%2Fwp%2Fv2%2Fmedia&parent=217814"}],"wp:term":[{"taxonomy":"category","embeddable":true,"href":"https:\/\/diariodominicano.com\/index.php?rest_route=%2Fwp%2Fv2%2Fcategories&post=217814"},{"taxonomy":"post_tag","embeddable":true,"href":"https:\/\/diariodominicano.com\/index.php?rest_route=%2Fwp%2Fv2%2Ftags&post=217814"}],"curies":[{"name":"wp","href":"https:\/\/api.w.org\/{rel}","templated":true}]}}