{"id":217812,"date":"2016-08-03T11:27:14","date_gmt":"2016-08-03T11:27:14","guid":{"rendered":"http:\/\/diariodominicano.ddns.net\/?p=217812"},"modified":"2016-08-03T11:27:14","modified_gmt":"2016-08-03T11:27:14","slug":"medico-denuncia-bajos-incentivos-hospital-calventi","status":"publish","type":"post","link":"https:\/\/diariodominicano.com\/?p=217812","title":{"rendered":"M\u00e9dico denuncia bajos incentivos Hospital Calventi"},"content":{"rendered":"<p><body><\/p>\n<p><img decoding=\"async\" src=\"img3\/calventi3-8.jpg\" \/>  <\/p>\n<p><span class=\"text1noticias\">Santo Domingo, R. D., 3 de agosto.- El m\u00e9dico internista del Hospital Regional Dr. Vinicio Calventi, doctor Robert  Nebot Rodr\u00edguez, denuncia un estado de insatisfacci\u00f3n generalizada entre m\u00e9dicos, personal de enfermer\u00eda y trabajadores del centro por una importante reducci\u00f3n en el monto de los incentivos, correspondiente al primer semestre del a\u00f1o en curso. <\/span><\/p>\n<\/p>\n<p><span class=\"text1noticias\">El galeno indica que sumado a la tardanza de la entrega de los referidos incentivos consignado en los contratos de trabajo cada seis meses, la direcci\u00f3n del hospital realiz\u00f3 una caprichosa distribuci\u00f3n entre el personal muy por debajo del monto tradicional que se les hab\u00eda entregado en a\u00f1os anteriores.<\/span><\/p>\n<\/p>\n<p><span class=\"text1noticias\">?En ese sentido, los m\u00e9dicos del hospital Calventti, el personal de enfermer\u00eda y los trabajadores no hemos retirado el monto correspondiente a los incentivos por considerar que est\u00e1n muy por debajo de las partidas tradicionales, aun cuando sabemos que el centro ha recibido los aportes suficientes del gobierno, los pacientes y los aseguradores privados?, apunt\u00f3 el doctor Nebot.<\/span><\/p>\n<\/p>\n<p><span class=\"text1noticias\">Seg\u00fan se hace contar en nota de prensa, el profesional de la salud indica que en a\u00f1os anteriores recib\u00eda cerca de RD$ 24.000 por concepto de incentivo semestral, mientras que en la partida actual apenas llega a los RD$ 10.000, en el mejor de los casos. <\/span><\/p>\n<\/p>\n<p><span class=\"text1noticias\">El caso se repite entre los colegas del m\u00e9dico internista con montos salariales similares, hasta llegar a cantidades muy reducidas de hasta RD$ 5.000, mientras que entre el personal de enfermer\u00eda y los trabajadores, las partidas son una literal ofensa a sus destinatarios que ven entre los RD$ 1.000 RD$ 2.000 y RD$ 3.000.<\/span><\/p>\n<p><span class=\"text1noticias\"> <\/span><\/p>\n<p><span class=\"text1noticias\">Esta situaci\u00f3n he generado un profundo estado de insatisfacci\u00f3n entre m\u00e9dicos, personal de enfermer\u00eda y los trabajadores del hospital ubicado en el sector de Los Alcarrizos, en Santo Domingo Oeste, que atenta contra la armon\u00eda del centro y la debida atenci\u00f3n a los pacientes, como se merece.<\/span><\/p>\n<\/p>\n<p><span class=\"text1noticias\">El doctor Robert Nebot Rodr\u00edguez formul\u00f3 un en\u00e9rgico llamado al director del hospital Vinicio Calventti, doctor Marcelo Puello a los fines de sentarse a buscar una soluci\u00f3n con el personal del centro  m\u00e9dico y transparentar el monto de los incentivos del primer semestre del a\u00f1o 2016, en procura de devolver la armon\u00eda y el sentido de trabajo colectivo al establecimiento hospitalario.<\/span><\/p>\n<h6> 2016-08-03 11:27:14 <\/h6>\n<p><!--\n<link rel=\"stylesheet\" href=\"css\/bootstrap.min.css\">\n\n\n<ul class=\"pagination\">\n\t    \n\t\n\n<li >\n\t<a href='?page_no=12296'>Previous<\/a>\n\t<\/li>\n\n\n       \n    \n\n<li><a href='?page_no=1'>1<\/a><\/li>\n\n\n\n<li><a href='?page_no=2'>2<\/a><\/li>\n\n\n\n<li><a>...<\/a><\/li>\n\n\n\n<li><a href='?page_no=12295'>12295<\/a><\/li>\n\n\n\n<li><a href='?page_no=12296'>12296<\/a><\/li>\n\n\n\n<li class='active'><a>12297<\/a><\/li>\n\n\n\n<li><a href='?page_no=12298'>12298<\/a><\/li>\n\n\n\n<li><a href='?page_no=12299'>12299<\/a><\/li>\n\n\n\n<li><a>...<\/a><\/li>\n\n\n\n<li><a href='?page_no=56169'>56169<\/a><\/li>\n\n\n\n<li><a href='?page_no=56170'>56170<\/a><\/li>\n\n    \n\t\n\n<li >\n\t<a href='?page_no=12298'>Next<\/a>\n\t<\/li>\n\n\n    \n\n<li><a href='?page_no=56170'>Last &rsaquo;&rsaquo;<\/a><\/li>\n\n<\/ul>\n\n\n--><br \/>\n<\/body><\/p>\n","protected":false},"excerpt":{"rendered":"<p>Santo Domingo, R. D., 3 de agosto.- El m\u00e9dico internista del Hospital Regional Dr. Vinicio Calventi, doctor Robert Nebot Rodr\u00edguez, denuncia un estado de insatisfacci\u00f3n generalizada entre m\u00e9dicos, personal de enfermer\u00eda y trabajadores del centro por una importante reducci\u00f3n en el monto de los incentivos, correspondiente al primer semestre del a\u00f1o en curso. El galeno [&hellip;]<\/p>\n","protected":false},"author":3,"featured_media":0,"comment_status":"open","ping_status":"open","sticky":false,"template":"","format":"standard","meta":{"footnotes":""},"categories":[20],"tags":[],"class_list":["post-217812","post","type-post","status-publish","format-standard","hentry","category-dominicana-hoy"],"_links":{"self":[{"href":"https:\/\/diariodominicano.com\/index.php?rest_route=\/wp\/v2\/posts\/217812","targetHints":{"allow":["GET"]}}],"collection":[{"href":"https:\/\/diariodominicano.com\/index.php?rest_route=\/wp\/v2\/posts"}],"about":[{"href":"https:\/\/diariodominicano.com\/index.php?rest_route=\/wp\/v2\/types\/post"}],"author":[{"embeddable":true,"href":"https:\/\/diariodominicano.com\/index.php?rest_route=\/wp\/v2\/users\/3"}],"replies":[{"embeddable":true,"href":"https:\/\/diariodominicano.com\/index.php?rest_route=%2Fwp%2Fv2%2Fcomments&post=217812"}],"version-history":[{"count":0,"href":"https:\/\/diariodominicano.com\/index.php?rest_route=\/wp\/v2\/posts\/217812\/revisions"}],"wp:attachment":[{"href":"https:\/\/diariodominicano.com\/index.php?rest_route=%2Fwp%2Fv2%2Fmedia&parent=217812"}],"wp:term":[{"taxonomy":"category","embeddable":true,"href":"https:\/\/diariodominicano.com\/index.php?rest_route=%2Fwp%2Fv2%2Fcategories&post=217812"},{"taxonomy":"post_tag","embeddable":true,"href":"https:\/\/diariodominicano.com\/index.php?rest_route=%2Fwp%2Fv2%2Ftags&post=217812"}],"curies":[{"name":"wp","href":"https:\/\/api.w.org\/{rel}","templated":true}]}}