{"id":217811,"date":"2016-08-03T12:40:33","date_gmt":"2016-08-03T12:40:33","guid":{"rendered":"http:\/\/diariodominicano.ddns.net\/?p=217811"},"modified":"2016-08-03T12:40:33","modified_gmt":"2016-08-03T12:40:33","slug":"presidencia-reparte-ayudas-a-afectados-por-lluvias","status":"publish","type":"post","link":"https:\/\/diariodominicano.com\/?p=217811","title":{"rendered":"Presidencia reparte ayudas a afectados por lluvias"},"content":{"rendered":"<p><body><\/p>\n<p><img decoding=\"async\" src=\"img3\/plansocial3-8.jpg\" \/>  <\/p>\n<p><strong><span class=\"text1noticias\">Santo Domingo, R. D., 3 de agosto.- <\/span><\/strong><span class=\"text1noticias\">El Plan de Asistencia Social de la Presidencia, envi\u00f3 ayudas a familias afectadas por las lluvias provocadas por la reciente onda tropical que afect\u00f3 la Rep\u00fablica Dominicana.<\/span><\/p>\n<\/p>\n<p><span class=\"text1noticias\">La medida fue dispuesta por el ingeniero Cesar Prieto, director general de esta instituci\u00f3n que forma parte de la Comisi\u00f3n de Emergencias, tras sostener la reuni\u00f3n de los organismos de socorro e instituciones de auxilio que encabez\u00f3 el presidente de la Rep\u00fablica, Danilo Medina.<\/span><\/p>\n<\/p>\n<p><span class=\"text1noticias\">Las entregas se realizaron en comunidades de provincias que estuvieron en alerta como Pedernales y Barahona.<\/span><\/p>\n<\/p>\n<p><span class=\"text1noticias\">La asistencia consisti\u00f3 en el suministro de raciones de comida crudas y enlatados, as\u00ed como s\u00e1banas, mosquiteros y colchonetas.<\/span><\/p>\n<\/p>\n<p><span class=\"text1noticias\">Las ayudas llegan a los afectados a trav\u00e9s de personal de socorro del COE, las gobernaciones y las representaciones locales del Plan Social<\/span>.<\/p>\n<h6> 2016-08-03 12:40:33 <\/h6>\n<p><!--\n<link rel=\"stylesheet\" href=\"css\/bootstrap.min.css\">\n\n\n<ul class=\"pagination\">\n\t    \n\t\n\n<li >\n\t<a href='?page_no=12295'>Previous<\/a>\n\t<\/li>\n\n\n       \n    \n\n<li><a href='?page_no=1'>1<\/a><\/li>\n\n\n\n<li><a href='?page_no=2'>2<\/a><\/li>\n\n\n\n<li><a>...<\/a><\/li>\n\n\n\n<li><a href='?page_no=12294'>12294<\/a><\/li>\n\n\n\n<li><a href='?page_no=12295'>12295<\/a><\/li>\n\n\n\n<li class='active'><a>12296<\/a><\/li>\n\n\n\n<li><a href='?page_no=12297'>12297<\/a><\/li>\n\n\n\n<li><a href='?page_no=12298'>12298<\/a><\/li>\n\n\n\n<li><a>...<\/a><\/li>\n\n\n\n<li><a href='?page_no=56169'>56169<\/a><\/li>\n\n\n\n<li><a href='?page_no=56170'>56170<\/a><\/li>\n\n    \n\t\n\n<li >\n\t<a href='?page_no=12297'>Next<\/a>\n\t<\/li>\n\n\n    \n\n<li><a href='?page_no=56170'>Last &rsaquo;&rsaquo;<\/a><\/li>\n\n<\/ul>\n\n\n--><br \/>\n<\/body><\/p>\n","protected":false},"excerpt":{"rendered":"<p>Santo Domingo, R. D., 3 de agosto.- El Plan de Asistencia Social de la Presidencia, envi\u00f3 ayudas a familias afectadas por las lluvias provocadas por la reciente onda tropical que afect\u00f3 la Rep\u00fablica Dominicana. La medida fue dispuesta por el ingeniero Cesar Prieto, director general de esta instituci\u00f3n que forma parte de la Comisi\u00f3n de [&hellip;]<\/p>\n","protected":false},"author":3,"featured_media":0,"comment_status":"open","ping_status":"open","sticky":false,"template":"","format":"standard","meta":{"footnotes":""},"categories":[20],"tags":[],"class_list":["post-217811","post","type-post","status-publish","format-standard","hentry","category-dominicana-hoy"],"_links":{"self":[{"href":"https:\/\/diariodominicano.com\/index.php?rest_route=\/wp\/v2\/posts\/217811","targetHints":{"allow":["GET"]}}],"collection":[{"href":"https:\/\/diariodominicano.com\/index.php?rest_route=\/wp\/v2\/posts"}],"about":[{"href":"https:\/\/diariodominicano.com\/index.php?rest_route=\/wp\/v2\/types\/post"}],"author":[{"embeddable":true,"href":"https:\/\/diariodominicano.com\/index.php?rest_route=\/wp\/v2\/users\/3"}],"replies":[{"embeddable":true,"href":"https:\/\/diariodominicano.com\/index.php?rest_route=%2Fwp%2Fv2%2Fcomments&post=217811"}],"version-history":[{"count":0,"href":"https:\/\/diariodominicano.com\/index.php?rest_route=\/wp\/v2\/posts\/217811\/revisions"}],"wp:attachment":[{"href":"https:\/\/diariodominicano.com\/index.php?rest_route=%2Fwp%2Fv2%2Fmedia&parent=217811"}],"wp:term":[{"taxonomy":"category","embeddable":true,"href":"https:\/\/diariodominicano.com\/index.php?rest_route=%2Fwp%2Fv2%2Fcategories&post=217811"},{"taxonomy":"post_tag","embeddable":true,"href":"https:\/\/diariodominicano.com\/index.php?rest_route=%2Fwp%2Fv2%2Ftags&post=217811"}],"curies":[{"name":"wp","href":"https:\/\/api.w.org\/{rel}","templated":true}]}}