{"id":217810,"date":"2016-08-03T15:06:27","date_gmt":"2016-08-03T15:06:27","guid":{"rendered":"http:\/\/diariodominicano.ddns.net\/?p=217810"},"modified":"2016-08-03T15:06:27","modified_gmt":"2016-08-03T15:06:27","slug":"acuerdan-acciones-y-politicas-publicas-para-seguridad-alimentaria","status":"publish","type":"post","link":"https:\/\/diariodominicano.com\/?p=217810","title":{"rendered":"&#13;&#13;Acuerdan acciones y pol\u00edticas p\u00fablicas para seguridad alimentaria"},"content":{"rendered":"<p><body><\/p>\n<p><img decoding=\"async\" src=\"img3\/cncillercuadro.jpg\" \/><br \/><img decoding=\"async\" src=\"img3\/vicehablando.jpg\" \/><br \/><img decoding=\"async\" src=\"img3\/cancillerhablando.jpg\" \/>  <\/p>\n<p><strong> <\/strong><\/p>\n<p><strong> <\/strong><\/p>\n<p><strong> <\/strong><\/p>\n<p><strong>Santiago, RD, 03 de agosto  .- <\/strong> En  la reuni\u00f3n de trabajo  en la que se avanzaron propuestas para la implementaci\u00f3n del Plan para la Seguridad Alimentaria, Nutrici\u00f3n y Erradicaci\u00f3n del Hambre 2025- de la Comunidad de Estados Latinoamericanos y Caribe\u00f1os (PPT-CELAC),  se acord\u00f3 crear un espacio de reflexi\u00f3n sobre las acciones y pol\u00edticas p\u00fablicas que sean pertinentes, as\u00ed como compartir buenas pr\u00e1cticas entre los pa\u00edses miembros del organismo regional.<\/p>\n<\/p>\n<p>El acto de clausura fue encabezado \u00b4por  la vicepresidenta Margarita Cede\u00f1o de Fern\u00e1ndez, el canciller Andr\u00e9s Navarro, y el ministro de Agricultura, \u00c1ngel Est\u00e9vez<\/p>\n<\/p>\n<p>Hablando en nombre de la Presidencia Pro-T\u00e9mpore que ostenta la Rep\u00fablica Dominicana, el canciller Andr\u00e9s Navarro precis\u00f3 que con la aplicaci\u00f3n de los contenidos y la metodolog\u00eda de las diferentes sesiones y paneles de trabajo que fueron tratados por los pa\u00edses participantes de la CELAC, se acord\u00f3, adem\u00e1s, identificar las oportunidades de cooperaci\u00f3n Sur-Sur marcada por el intercambio de pr\u00e1cticas y experiencias entre las naciones que comparten la regi\u00f3n.<\/p>\n<\/p>\n<p>El  funcionario destac\u00f3 que se decidi\u00f3 socializar el Plan San-Celac 2025 con otros actores fundamentales en ese proceso de implementaci\u00f3n del plan, tales como empresarios, productores del campo, cooperativas, academias y las organizaciones de la sociedad civil.<\/p>\n<\/p>\n<p>Expuso que se espera obtener una relator\u00eda t\u00e9cnica que incluya los ejes tratados en las seis sesiones de trabajo, con las recomendaciones hechas de cara a los desaf\u00edos del cambio clim\u00e1tico para la seguridad alimentaria en Am\u00e9rica Latina y el Caribe, un documento que podr\u00e1 ser compartido con los pa\u00edses miembros en otro espacio de reuni\u00f3n de la CELAC, como podr\u00eda ser la pr\u00f3xima reuni\u00f3n de coordinadores nacionales programada para septiembre en la ciudad de Nueva York.<\/p>\n<\/p>\n<p>De su lado la vicepresidenta de la Rep\u00fablica, doctora Margarita Cede\u00f1o, asegur\u00f3 que la desnutrici\u00f3n y el hambre ser\u00e1n combatidas con \u00e9xito en la regi\u00f3n gracias a la solida integraci\u00f3n de los pa\u00edses que conforman la Comunidad de Estados Latinoamericanos y caribe\u00f1os (CELAC), y que el compromiso principal de los pa\u00edses que integran ese organismos es garantizar la seguridad alimentaria y sostenibilidad medioambiental de sus poblaciones a trav\u00e9s de pol\u00edticas y alianzas  p\u00fablico-privadas, sostuvo que ese compromiso es vital para asegurar el bienestar de las familias latinoamericanas. <\/p>\n<\/p>\n<p>\u00abLo que la ciudadan\u00eda espera de nosotros es que podamos satisfacer sus necesidades b\u00e1sicas y que le aseguremos los alimentos necesarios para que puedan ser parte del progreso econ\u00f3mico que beneficia a la regi\u00f3n\u00bb, enfatiz\u00f3 la tambi\u00e9n embajadora extraordinaria y plenipotenciaria de la FAO.<\/p>\n<\/p>\n<p>En ese sentido, asegur\u00f3 que el presidente Danilo Medina asumi\u00f3 ese compromiso con la integraci\u00f3n regional y la colaboraci\u00f3n productiva entre los pa\u00edses de Latino Am\u00e9rica.<\/p>\n<\/p>\n<p>\u00abLa CELAC se ha convertido en el espacio id\u00f3neo para el di\u00e1logo pol\u00edtico en LA y el Caribe por poner en el tapete los temas que m\u00e1s preocupan a las poblaciones que integran el organismo\u00bb, indic\u00f3.<\/p>\n<\/p>\n<p>\u00abVamos a cumplir el compromiso que hizo el Presidente Medina al asumir la Presidencia Pro-T\u00e9mpore de este organismo, de que al finalizar la misma, la CELAC ser\u00e1 un espacio \u00aba\u00fan m\u00e1s integrado, m\u00e1s operativo y a\u00fan m\u00e1s reconocido en la escena global\u00bb, manifest\u00f3.<\/p>\n<\/p>\n<p>Agreg\u00f3 que el hambre y la desnutrici\u00f3n es un problema \u00e9tico que averg\u00fcenza y lacera la dignidad humana.<\/p>\n<\/p>\n<p>La actividad que se celebr\u00f3 del 01 al 03 de Agosto en esta ciudad cibae\u00f1a, y que cont\u00f3 con la presencia de delegaciones de los 33 pa\u00edses miembros del organismo regional, participaron adem\u00e1s, la gobernadora de Santiago, Aura Toribio; Ra\u00fal Ben\u00edtez, subdirector general y representante regional de la Organizaci\u00f3n de las Naciones Unidas para la Alimentaci\u00f3n y la Agricultura (FAO); Pablo Rabczuk, subsecretario de cooperaci\u00f3n de la Asociaci\u00f3n Latinoamericana de Integraci\u00f3n (ALADI), Omar Ram\u00edrez, vicepresidente ejecutivo del Consejo Nacional para el Cambio Clim\u00e1tico y el Mecanismo de Desarrollo Limpio de la Rep\u00fablica Dominicana; Leandro Mercedes, viceministro de Agricultura de la Rep\u00fablica Dominicana; Ricardo Rapallo, Oficial de Seguridad Alimentaria\/Mesoam\u00e9rica sin Hambre; Luis Fidel Yanez, oficial de la CEPAL.<\/p>\n<\/p>\n<p>Durante la \u00faltima sesi\u00f3n de trabajo de la reuni\u00f3n Plan San Celac habl\u00f3 el se\u00f1or Antonio Prado, representante de la Comisi\u00f3n Econ\u00f3mica para Am\u00e9rica Latina (CEPAL), quien present\u00f3 el documento titulado \u00abSeguridad Alimentaria, Nutrici\u00f3n y Erradicaci\u00f3n del Hambre de la CELAC-2025: Elementos para el debate y la cooperaci\u00f3n regional\u00bb, un documento elaborado conjuntamente con la Organizaci\u00f3n de las Naciones Unidas para la Alimentaci\u00f3n (FAO) y ALADI, agencias que brindan su apoyo al referido organismo regional.<\/p>\n<\/p>\n<p>Prado reafirm\u00f3 que Plan San CELAC 2025, \u00abes una herramienta trascendental para el logro de los Objetivos de Desarrollo de la Agenda 2030\u00bb, por lo que alent\u00f3 a los pa\u00edses de la regi\u00f3n a que aumenten sus esfuerzos en la identificaci\u00f3n de las \u00e1reas clave de pol\u00edticas que permitan acelerar y consolidar el proceso de erradicaci\u00f3n del hambre y hacer frente a la doble carga de malnutrici\u00f3n, flagelo  al que se suman otros graves males como el sobrepeso y la obesidad.<\/p>\n<\/p>\n<p>Asimismo, durante la \u00faltima jornada de la reuni\u00f3n regional se desarroll\u00f3 la sesi\u00f3n \u00abAlianzas p\u00fablico privadas: un plan abierto a todos\u00bb, el cual se present\u00f3 como oportunidad para socializar y comunicar de forma amplia el alcance del Plan a otros sectores de la sociedad civil, con el inter\u00e9s de sumar a nuevos aliados que, con sus experiencias y dedicaci\u00f3n, coadyuven  a su efectiva implementaci\u00f3n.<\/p>\n<\/p>\n<p>\u00abEl compromiso pol\u00edtico en la lucha contra el hambre se traduce tambi\u00e9n en pol\u00edticas e inversiones. Para acelerar los progresos en la reducci\u00f3n de la inseguridad alimentaria son necesarias mayores inversiones en protecci\u00f3n social y desarrollo rural\u00bb, subraya el referido documento.<\/p>\n<\/p>\n<p>Sostiene que la mayor parte de la inversi\u00f3n proceder\u00eda normalmente del sector privado, especialmente los agricultores, y sin embargo,  las inversiones privadas deben complementarse con inversiones adicionales del sector p\u00fablico en infraestructura rural, transporte, salud y educaci\u00f3n.<\/p>\n<\/p>\n<p>Refiere que las oportunidades para mejorar la calidad de vida de la poblaci\u00f3n rural a trav\u00e9s de mayores inversiones pasa tambi\u00e9n porque \u00e9stas se realicen bajo determinados principios  que ayuden a que los resultados sean social, econ\u00f3mica y ambientalmente sostenibles.<\/p>\n<h6> 2016-08-03 15:06:27 <\/h6>\n<p><!--\n<link rel=\"stylesheet\" href=\"css\/bootstrap.min.css\">\n\n\n<ul class=\"pagination\">\n\t    \n\t\n\n<li >\n\t<a href='?page_no=12294'>Previous<\/a>\n\t<\/li>\n\n\n       \n    \n\n<li><a href='?page_no=1'>1<\/a><\/li>\n\n\n\n<li><a href='?page_no=2'>2<\/a><\/li>\n\n\n\n<li><a>...<\/a><\/li>\n\n\n\n<li><a href='?page_no=12293'>12293<\/a><\/li>\n\n\n\n<li><a href='?page_no=12294'>12294<\/a><\/li>\n\n\n\n<li class='active'><a>12295<\/a><\/li>\n\n\n\n<li><a href='?page_no=12296'>12296<\/a><\/li>\n\n\n\n<li><a href='?page_no=12297'>12297<\/a><\/li>\n\n\n\n<li><a>...<\/a><\/li>\n\n\n\n<li><a href='?page_no=56169'>56169<\/a><\/li>\n\n\n\n<li><a href='?page_no=56170'>56170<\/a><\/li>\n\n    \n\t\n\n<li >\n\t<a href='?page_no=12296'>Next<\/a>\n\t<\/li>\n\n\n    \n\n<li><a href='?page_no=56170'>Last &rsaquo;&rsaquo;<\/a><\/li>\n\n<\/ul>\n\n\n--><br \/>\n<\/body><\/p>\n","protected":false},"excerpt":{"rendered":"<p>Santiago, RD, 03 de agosto .- En la reuni\u00f3n de trabajo en la que se avanzaron propuestas para la implementaci\u00f3n del Plan para la Seguridad Alimentaria, Nutrici\u00f3n y Erradicaci\u00f3n del Hambre 2025- de la Comunidad de Estados Latinoamericanos y Caribe\u00f1os (PPT-CELAC), se acord\u00f3 crear un espacio de reflexi\u00f3n sobre las acciones y pol\u00edticas p\u00fablicas que [&hellip;]<\/p>\n","protected":false},"author":3,"featured_media":0,"comment_status":"open","ping_status":"open","sticky":false,"template":"","format":"standard","meta":{"footnotes":""},"categories":[20],"tags":[],"class_list":["post-217810","post","type-post","status-publish","format-standard","hentry","category-dominicana-hoy"],"_links":{"self":[{"href":"https:\/\/diariodominicano.com\/index.php?rest_route=\/wp\/v2\/posts\/217810","targetHints":{"allow":["GET"]}}],"collection":[{"href":"https:\/\/diariodominicano.com\/index.php?rest_route=\/wp\/v2\/posts"}],"about":[{"href":"https:\/\/diariodominicano.com\/index.php?rest_route=\/wp\/v2\/types\/post"}],"author":[{"embeddable":true,"href":"https:\/\/diariodominicano.com\/index.php?rest_route=\/wp\/v2\/users\/3"}],"replies":[{"embeddable":true,"href":"https:\/\/diariodominicano.com\/index.php?rest_route=%2Fwp%2Fv2%2Fcomments&post=217810"}],"version-history":[{"count":0,"href":"https:\/\/diariodominicano.com\/index.php?rest_route=\/wp\/v2\/posts\/217810\/revisions"}],"wp:attachment":[{"href":"https:\/\/diariodominicano.com\/index.php?rest_route=%2Fwp%2Fv2%2Fmedia&parent=217810"}],"wp:term":[{"taxonomy":"category","embeddable":true,"href":"https:\/\/diariodominicano.com\/index.php?rest_route=%2Fwp%2Fv2%2Fcategories&post=217810"},{"taxonomy":"post_tag","embeddable":true,"href":"https:\/\/diariodominicano.com\/index.php?rest_route=%2Fwp%2Fv2%2Ftags&post=217810"}],"curies":[{"name":"wp","href":"https:\/\/api.w.org\/{rel}","templated":true}]}}