{"id":217807,"date":"2016-08-04T10:16:23","date_gmt":"2016-08-04T10:16:23","guid":{"rendered":"http:\/\/diariodominicano.ddns.net\/?p=217807"},"modified":"2016-08-04T10:16:23","modified_gmt":"2016-08-04T10:16:23","slug":"fundacion-dona-medicamentos-al-billini","status":"publish","type":"post","link":"https:\/\/diariodominicano.com\/?p=217807","title":{"rendered":"Fundaci\u00f3n dona medicamentos al Billini"},"content":{"rendered":"<p><body><\/p>\n<p><img decoding=\"async\" src=\"img3\/donacion 4-8.jpg\" \/>  <\/p>\n<p><span class=\"text1noticias\">Santo Domingo, R. D., 4 de agosto.- La Fundaci\u00f3n Pacientes con Hepatitis B y C y otras enfermedades Inmunol\u00f3gicas en la Rep\u00fablica Dominicana don\u00f3 medicamentos al Hospital Docente Padre Billini.<\/span><\/p>\n<p><span class=\"text1noticias\"> <\/span><\/p>\n<p><span class=\"text1noticias\">La medicina entregada es para el tratamiento de la hepatitis B y ser\u00e1 incorporada al  Programa de Alto Costo de ese centro de salud.<\/span><\/p>\n<p><span class=\"text1noticias\"> <\/span><\/p>\n<p><span class=\"text1noticias\">La entrega de medicamentos fue hecha por la presidenta de la Fundaci\u00f3n Pacientes con Hepatitis B y C y otras enfermedades Inmunol\u00f3gicas en la Rep\u00fablica Dominicana, Luisa Paradas, conjuntamente con la asesora de la instituci\u00f3n Sandra Cabrera Febrillet.<\/span><\/p>\n<p><span class=\"text1noticias\"> <\/span><\/p>\n<p><span class=\"text1noticias\">Al recibir el donativo, la directora del Hospital Docente Padre Billini, doctora Ysabel Menual, agradeci\u00f3 el gesto y dijo que los medicamentos ser\u00e1n de mucha utilidad para los pacientes afectados de Hepatitis B, que acuden al centro asistencial.<\/span><\/p>\n<p><span class=\"text1noticias\"> <\/span><\/p>\n<p><span class=\"text1noticias\">En tanto que la presidenta de la Fundacion dijo que en la medida de las posibilidades har\u00e1 este tipo de colaboraci\u00f3n al Billini.<\/span><\/p>\n<p><span class=\"text1noticias\"> <\/span><\/p>\n<p><span class=\"text1noticias\"> <\/span><\/p>\n<p><span class=\"text1noticias\">La medicina donada al Hospital Docente Padre Billini fue suministrada por el presidente de CONAVHISIDA. Doctor V\u00edctor Terrer<\/span>o.<\/p>\n<\/p>\n<\/p>\n<h6> 2016-08-04 10:16:23 <\/h6>\n<p><!--\n<link rel=\"stylesheet\" href=\"css\/bootstrap.min.css\">\n\n\n<ul class=\"pagination\">\n\t    \n\t\n\n<li >\n\t<a href='?page_no=12291'>Previous<\/a>\n\t<\/li>\n\n\n       \n    \n\n<li><a href='?page_no=1'>1<\/a><\/li>\n\n\n\n<li><a href='?page_no=2'>2<\/a><\/li>\n\n\n\n<li><a>...<\/a><\/li>\n\n\n\n<li><a href='?page_no=12290'>12290<\/a><\/li>\n\n\n\n<li><a href='?page_no=12291'>12291<\/a><\/li>\n\n\n\n<li class='active'><a>12292<\/a><\/li>\n\n\n\n<li><a href='?page_no=12293'>12293<\/a><\/li>\n\n\n\n<li><a href='?page_no=12294'>12294<\/a><\/li>\n\n\n\n<li><a>...<\/a><\/li>\n\n\n\n<li><a href='?page_no=56169'>56169<\/a><\/li>\n\n\n\n<li><a href='?page_no=56170'>56170<\/a><\/li>\n\n    \n\t\n\n<li >\n\t<a href='?page_no=12293'>Next<\/a>\n\t<\/li>\n\n\n    \n\n<li><a href='?page_no=56170'>Last &rsaquo;&rsaquo;<\/a><\/li>\n\n<\/ul>\n\n\n--><br \/>\n<\/body><\/p>\n","protected":false},"excerpt":{"rendered":"<p>Santo Domingo, R. D., 4 de agosto.- La Fundaci\u00f3n Pacientes con Hepatitis B y C y otras enfermedades Inmunol\u00f3gicas en la Rep\u00fablica Dominicana don\u00f3 medicamentos al Hospital Docente Padre Billini. La medicina entregada es para el tratamiento de la hepatitis B y ser\u00e1 incorporada al Programa de Alto Costo de ese centro de salud. La [&hellip;]<\/p>\n","protected":false},"author":3,"featured_media":0,"comment_status":"open","ping_status":"open","sticky":false,"template":"","format":"standard","meta":{"footnotes":""},"categories":[20],"tags":[],"class_list":["post-217807","post","type-post","status-publish","format-standard","hentry","category-dominicana-hoy"],"_links":{"self":[{"href":"https:\/\/diariodominicano.com\/index.php?rest_route=\/wp\/v2\/posts\/217807","targetHints":{"allow":["GET"]}}],"collection":[{"href":"https:\/\/diariodominicano.com\/index.php?rest_route=\/wp\/v2\/posts"}],"about":[{"href":"https:\/\/diariodominicano.com\/index.php?rest_route=\/wp\/v2\/types\/post"}],"author":[{"embeddable":true,"href":"https:\/\/diariodominicano.com\/index.php?rest_route=\/wp\/v2\/users\/3"}],"replies":[{"embeddable":true,"href":"https:\/\/diariodominicano.com\/index.php?rest_route=%2Fwp%2Fv2%2Fcomments&post=217807"}],"version-history":[{"count":0,"href":"https:\/\/diariodominicano.com\/index.php?rest_route=\/wp\/v2\/posts\/217807\/revisions"}],"wp:attachment":[{"href":"https:\/\/diariodominicano.com\/index.php?rest_route=%2Fwp%2Fv2%2Fmedia&parent=217807"}],"wp:term":[{"taxonomy":"category","embeddable":true,"href":"https:\/\/diariodominicano.com\/index.php?rest_route=%2Fwp%2Fv2%2Fcategories&post=217807"},{"taxonomy":"post_tag","embeddable":true,"href":"https:\/\/diariodominicano.com\/index.php?rest_route=%2Fwp%2Fv2%2Ftags&post=217807"}],"curies":[{"name":"wp","href":"https:\/\/api.w.org\/{rel}","templated":true}]}}