{"id":217806,"date":"2016-08-04T11:26:50","date_gmt":"2016-08-04T11:26:50","guid":{"rendered":"http:\/\/diariodominicano.ddns.net\/?p=217806"},"modified":"2016-08-04T11:26:50","modified_gmt":"2016-08-04T11:26:50","slug":"al-paciente-que-llega-emergencia-marcelino-velez-esta-prohibido-cobrarle","status":"publish","type":"post","link":"https:\/\/diariodominicano.com\/?p=217806","title":{"rendered":"Al paciente que llega emergencia Marcelino V\u00e9lez, est\u00e1 prohibido cobrarle"},"content":{"rendered":"<p><body><\/p>\n<p><img decoding=\"async\" src=\"img3\/marcelino4-8.jpg\" \/>  <\/p>\n<p><span class=\"text1noticias\">Santo Domingo, 4 de agosto.- Al paciente pobre que llega a la emergencia del Hospital General Regional Marcelino V\u00e9lez Santana, ning\u00fan m\u00e9dico puede preguntarle si tiene dinero en los bolsillos, la prioridad es salvarle la vida.<\/span><\/p>\n<p><span class=\"text1noticias\"> <\/span><\/p>\n<p><span class=\"text1noticias\">As\u00ed lo expres\u00f3 el director de este centro asistencial p\u00fablico del tercer nivel, Danilo Pichardo, para quien el hospital, as\u00ed como el modelo de autogesti\u00f3n, deben replicarse en todo el pa\u00eds, al existir la posibilidad de contar siempre con un abastecimiento de medicinas, trabajar en condiciones \u00f3ptimas y ser referente en el trato a la poblaci\u00f3n con la salud vulnerada.<\/span><\/p>\n<p><span class=\"text1noticias\"> <\/span><\/p>\n<p><span class=\"text1noticias\">Los m\u00e9dicos que trabajan all\u00ed no est\u00e1n dizque porque los mand\u00f3 fulano<\/span><\/p>\n<p><span class=\"text1noticias\"> <\/span><\/p>\n<p><span class=\"text1noticias\">\u00ab\u00bfQu\u00e9 ventaja tiene el Marcelino desde que se inaugur\u00f3?, que los m\u00e9dicos que trabajan all\u00ed, no est\u00e1n dizque porque me mand\u00f3 fulano\u00bb, precis\u00f3 Pichardo, al puntualizar que los especialistas al llegar all\u00ed, son evaluados por los jefes de especialidades, quienes antes los eval\u00faan concienzudamente y luego hacen sus recomendaciones.<\/span><\/p>\n<p><span class=\"text1noticias\"> <\/span><\/p>\n<p><span class=\"text1noticias\">\u00abY entonces esta persona ingresa al Marcelino, igual las enfermeras o sea que all\u00ed no existe una palanca pol\u00edtica que te permita entrar directamente, porque te mand\u00f3 fulano\u00bb.<\/span><\/p>\n<p><span class=\"text1noticias\"> <\/span><\/p>\n<p><span class=\"text1noticias\">Satisfecho por personal m\u00e9dico: Guillian-Barr\u00e9<\/span><\/p>\n<p><span class=\"text1noticias\"> <\/span><\/p>\n<p><span class=\"text1noticias\">Indic\u00f3 que siente satisfecho de su personal m\u00e9dico y mencion\u00f3 a los intensivistas, los neur\u00f3logos, los m\u00e9dicos internistas por el logro de impedir que el Gillian- Barr\u00e9, con 62 casos solo haya fallecido uno directamente y que la mortalidad all\u00ed est\u00e9 por debajo de cifras internacionales.<\/span><\/p>\n<p><span class=\"text1noticias\"> <\/span><\/p>\n<p><span class=\"text1noticias\">Personal calificado para salvar vidas en todas las \u00e1reas<\/span><\/p>\n<p><span class=\"text1noticias\"> <\/span><\/p>\n<p><span class=\"text1noticias\">Entrevistado en el programa S\u00edntesis por Michael y Santiago Hazim, indic\u00f3 que una de las ventajas del Marcelino V\u00e9lez Santana es que cuenta con una Unidad de Cuidados Intensivos dotada de ocho camas, cada una de ellas con un ventilador funcionando; con monitores, con personal de intensivistas graduados que amanece all\u00ed.<\/span><\/p>\n<p><span class=\"text1noticias\"> <\/span><\/p>\n<p><span class=\"text1noticias\">\u00abAll\u00e1 tenemos una residencia de medicina familiar y comunitaria. Y esos residentes no son los responsables de las emergencias; los que amanecen de servicio en las emergencias son especialistas certificados. All\u00e1 amanecen dos gineco-obstetras, dos pediatras, un cirujano, anestesi\u00f3logo, un intensivista y al frente de la emergencia est\u00e1 un emergenci\u00f3logo o un m\u00e9dico internista\u00bb, resalt\u00f3.<\/span><\/p>\n<p><span class=\"text1noticias\"> <\/span><\/p>\n<p><span class=\"text1noticias\">Esto plantea que esos m\u00e9dicos est\u00e1n tranquilos haciendo su servicio, pues cuentan con todas las herramientas, los m\u00e9todos diagn\u00f3sticos; est\u00e1 en la emergencia, pero si hay que hacer una tomograf\u00eda, resonancia o cualquier necesidad, est\u00e1 cubierta.<\/span><\/p>\n<p><span class=\"text1noticias\"> <\/span><\/p>\n<p><span class=\"text1noticias\">Al paciente que llega a la emergencia est\u00e1 prohibido cobrarle dinero<\/span><\/p>\n<p><span class=\"text1noticias\"> <\/span><\/p>\n<p><span class=\"text1noticias\">\u00abAl paciente que llega a la emergencia, est\u00e1 prohibido cobrarle dinero, y fue una de las primeras medidas que tom\u00e9, luego de reunirme con los dirigentes comunitarios, que se quejaron de que los pacientes pobres que deb\u00edan ser hospitalizados ten\u00edan que hacer un dep\u00f3sito de 10 mil pesos\u00bb.<\/span><\/p>\n<p><span class=\"text1noticias\"> <\/span><\/p>\n<p><span class=\"text1noticias\">Dijo que tambi\u00e9n se quejaron de que si iban para la Unidad de Cuidados Intensivos, ten\u00edan que cobrar 20 mil pesos y, subray\u00f3 que: \u00abPaciente pobre que llegue al Marcelino, los m\u00e9dicos no pueden estar pregunt\u00e1ndole si tienen dinero en los bolsillos&#8230;estamos aqu\u00ed para dar atenci\u00f3n, estabilizarlos&#8230;\u00bb.<\/span><\/p>\n<p><span class=\"text1noticias\"> <\/span><\/p>\n<p><span class=\"text1noticias\">2 millones de pesos para cubrir a los pacientes m\u00e1s necesitados<\/span><\/p>\n<p><span class=\"text1noticias\"> <\/span><\/p>\n<p><span class=\"text1noticias\">Manifest\u00f3 que ese hospital cubre una inversi\u00f3n para pacientes que no pueden pagar, de entre 1.8 a 2 millones 200 mil pesos.<\/span><\/p>\n<p><span class=\"text1noticias\"> <\/span><\/p>\n<p><span class=\"text1noticias\">La autogesti\u00f3n la garantiza al paciente la atenci\u00f3n integral<\/span><\/p>\n<p><span class=\"text1noticias\"> <\/span><\/p>\n<p><span class=\"text1noticias\">A la pregunta de si ser\u00eda viable cambiar el sistema al modelo de la autogesti\u00f3n, respondi\u00f3:<\/span><\/p>\n<p><span class=\"text1noticias\"> <\/span><\/p>\n<p><span class=\"text1noticias\">\u00abA la hora que los hospitales tradicionales hagan acuerdos con las ARS, llegar\u00e1 un momento en que ser\u00e1n autogestionables y ser\u00eda lo ideal por el hecho de que eso da la oportunidad de que, por ejemplo si usted me inspecciona el Hospital Marcelino V\u00e9lez y vamos a almac\u00e9n para ver c\u00f3mo andamos en material gastable, yo le dir\u00eda que la \u00faltima inspecci\u00f3n determin\u00f3 que hab\u00eda 60 millones de pesos en medicamentos y material gastable\u00bb.<\/span><\/p>\n<p><span class=\"text1noticias\"> <\/span><\/p>\n<p><span class=\"text1noticias\">Signific\u00f3 que los hospitales de autogesti\u00f3n le garantizan al paciente no solo la calidad en los servicios sino la atenci\u00f3n integral.<\/span><\/p>\n<p><span class=\"text1noticias\"> <\/span><\/p>\n<p><span class=\"text1noticias\">Hospital del tercer nivel<\/span><\/p>\n<p><span class=\"text1noticias\"> <\/span><\/p>\n<p><span class=\"text1noticias\"> Este es un hospital general de tercer nivel de atenci\u00f3n, ubicado en el municipio de Santo Domingo Oeste. Es una instituci\u00f3n del Estado, descentralizada, organizada para articularse a la red p\u00fablica y privada de prestaci\u00f3n de Servicios de Salud, como lo establece el reglamento de provisi\u00f3n de las redes de los Servicios P\u00fablicos de Salud, que inici\u00f3 sus servicios el 13 de Enero del a\u00f1o 2003.<\/span><\/p>\n<h6> 2016-08-04 11:26:50 <\/h6>\n<p><!--\n<link rel=\"stylesheet\" href=\"css\/bootstrap.min.css\">\n\n\n<ul class=\"pagination\">\n\t    \n\t\n\n<li >\n\t<a href='?page_no=12290'>Previous<\/a>\n\t<\/li>\n\n\n       \n    \n\n<li><a href='?page_no=1'>1<\/a><\/li>\n\n\n\n<li><a href='?page_no=2'>2<\/a><\/li>\n\n\n\n<li><a>...<\/a><\/li>\n\n\n\n<li><a href='?page_no=12289'>12289<\/a><\/li>\n\n\n\n<li><a href='?page_no=12290'>12290<\/a><\/li>\n\n\n\n<li class='active'><a>12291<\/a><\/li>\n\n\n\n<li><a href='?page_no=12292'>12292<\/a><\/li>\n\n\n\n<li><a href='?page_no=12293'>12293<\/a><\/li>\n\n\n\n<li><a>...<\/a><\/li>\n\n\n\n<li><a href='?page_no=56169'>56169<\/a><\/li>\n\n\n\n<li><a href='?page_no=56170'>56170<\/a><\/li>\n\n    \n\t\n\n<li >\n\t<a href='?page_no=12292'>Next<\/a>\n\t<\/li>\n\n\n    \n\n<li><a href='?page_no=56170'>Last &rsaquo;&rsaquo;<\/a><\/li>\n\n<\/ul>\n\n\n--><br \/>\n<\/body><\/p>\n","protected":false},"excerpt":{"rendered":"<p>Santo Domingo, 4 de agosto.- Al paciente pobre que llega a la emergencia del Hospital General Regional Marcelino V\u00e9lez Santana, ning\u00fan m\u00e9dico puede preguntarle si tiene dinero en los bolsillos, la prioridad es salvarle la vida. As\u00ed lo expres\u00f3 el director de este centro asistencial p\u00fablico del tercer nivel, Danilo Pichardo, para quien el hospital, [&hellip;]<\/p>\n","protected":false},"author":3,"featured_media":0,"comment_status":"open","ping_status":"open","sticky":false,"template":"","format":"standard","meta":{"footnotes":""},"categories":[20],"tags":[],"class_list":["post-217806","post","type-post","status-publish","format-standard","hentry","category-dominicana-hoy"],"_links":{"self":[{"href":"https:\/\/diariodominicano.com\/index.php?rest_route=\/wp\/v2\/posts\/217806","targetHints":{"allow":["GET"]}}],"collection":[{"href":"https:\/\/diariodominicano.com\/index.php?rest_route=\/wp\/v2\/posts"}],"about":[{"href":"https:\/\/diariodominicano.com\/index.php?rest_route=\/wp\/v2\/types\/post"}],"author":[{"embeddable":true,"href":"https:\/\/diariodominicano.com\/index.php?rest_route=\/wp\/v2\/users\/3"}],"replies":[{"embeddable":true,"href":"https:\/\/diariodominicano.com\/index.php?rest_route=%2Fwp%2Fv2%2Fcomments&post=217806"}],"version-history":[{"count":0,"href":"https:\/\/diariodominicano.com\/index.php?rest_route=\/wp\/v2\/posts\/217806\/revisions"}],"wp:attachment":[{"href":"https:\/\/diariodominicano.com\/index.php?rest_route=%2Fwp%2Fv2%2Fmedia&parent=217806"}],"wp:term":[{"taxonomy":"category","embeddable":true,"href":"https:\/\/diariodominicano.com\/index.php?rest_route=%2Fwp%2Fv2%2Fcategories&post=217806"},{"taxonomy":"post_tag","embeddable":true,"href":"https:\/\/diariodominicano.com\/index.php?rest_route=%2Fwp%2Fv2%2Ftags&post=217806"}],"curies":[{"name":"wp","href":"https:\/\/api.w.org\/{rel}","templated":true}]}}