{"id":217805,"date":"2016-08-04T14:50:40","date_gmt":"2016-08-04T14:50:40","guid":{"rendered":"http:\/\/diariodominicano.ddns.net\/?p=217805"},"modified":"2016-08-04T14:50:40","modified_gmt":"2016-08-04T14:50:40","slug":"congreso-nacional-se-prepara-para-toma-de-posesion-danilo-medina-y-margarita-cedeno","status":"publish","type":"post","link":"https:\/\/diariodominicano.com\/?p=217805","title":{"rendered":"&#13;Congreso Nacional se prepara para toma de posesi\u00f3n Danilo Medina y Margarita Cede\u00f1o"},"content":{"rendered":"<p><body><\/p>\n<p><img decoding=\"async\" src=\"img3\/SENADORES.jpg\" \/><br \/><img decoding=\"async\" src=\"img3\/restaurantesenado.jpg\" \/>  <\/p>\n<\/p>\n<p><span class=\"text1noticias\"> <\/span><\/p>\n<p><span class=\"text1noticias\"><strong>Santo Domingo, RD, 04 de agosto.-<\/strong> En el Congreso Nacional, aceleran los trabajos con miras a  los actos de  toma de posesi\u00f3n  del licenciado Danilo Medina S\u00e1nchez como Presidente de la Rep\u00fablica y la doctora Margarita Cede\u00f1o de Fern\u00e1ndez, como Vicepresidenta.<\/span><\/p>\n<\/p>\n<p><span class=\"text1noticias\">La presidenta del Senado, Cristina Lizardo, encabez\u00f3 este jueves la primera reuni\u00f3n con  encargados departamentales con el objetivo de coordinar  los trabajos preparativos de los actos solemnes  de este 16 de agosto, fecha en que tomaran juramento ante la Asamblea Nacional, el licenciado Danilo Medina S\u00e1nchez y Margarita Cede\u00f1o de Fern\u00e1ndez, como Presidente y Vicepresidenta de la Rep\u00fablica, para el per\u00edodo constitucional  2016-2020.<\/span><\/p>\n<\/p>\n<p><span class=\"text1noticias\">Al acto solemne y en ocasi\u00f3n del 153 aniversario de la Restauraci\u00f3n de la Rep\u00fablica, asistir\u00e1n varios jefes de estado y de gobierno, primeros ministros, representantes diplom\u00e1ticos, funcionarios civiles y militares y otros invitados especiales.<\/span><\/p>\n<\/p>\n<p><span class=\"text1noticias\">Empleados del Congreso Nacional  trabajan  en el acondicionamiento del Sal\u00f3n de la Asamblea Nacional, as\u00ed como el \u00e1rea  que servir\u00e1 de sal\u00f3n de prensa, para los medios nacionales e internacionales que dar\u00e1n cobertura al solemne acto.<\/span><\/p>\n<\/p>\n<p><span class=\"text1noticias\">Tambi\u00e9n se trabaja en la parte frontal del edificio, donde ser\u00e1n recibidos y se les rendir\u00e1n honores militares al Presidente y Vicepresidenta de la Rep\u00fablica.<\/span><\/p>\n<\/p>\n<p><span class=\"text1noticias\">Los departamentos de Prensa, Inform\u00e1tica y Seguridad  del Senado, agilizan el proceso de acreditaci\u00f3n del personal de los diferentes medios de prensa que cubrir\u00e1n los actos solemnes de este 16 de agosto.<\/span><\/p>\n<\/p>\n<p><span class=\"text1noticias\">Un total de 72 medios, ya se han acreditado, entre estos, ocho internacionales.<\/span><\/p>\n<\/p>\n<p><span class=\"text1noticias\">Prestigiosas agencias de prensa  como; CNN en espa\u00f1ol, Francesa de Prensa(AFP) Telemundo, Reuters y Univisi\u00f3n entre otras estar\u00e1n dando cobertura a la toma de posesi\u00f3n del presidente Danilo Medina y Margarita Cede\u00f1o de Fern\u00e1ndez.<\/span><\/p>\n<\/p>\n<p><span class=\"text1noticias\">Senado se prepara para toma de posesi\u00f3n Danilo Medina y Margarita Cede\u00f1o<\/span><\/p>\n<p><span class=\"text1noticias\"> <\/span><\/p>\n<p><span class=\"text1noticias\">Santo Domingo, RD, 04 de agosto.- En el Congreso Nacional, aceleran los trabajos con miras a  los actos de  toma de posesi\u00f3n  del licenciado Danilo Medina S\u00e1nchez como Presidente de la Rep\u00fablica y la doctora Margarita Cede\u00f1o de Fern\u00e1ndez, como Vicepresidenta.<\/span><\/p>\n<\/p>\n<p><span class=\"text1noticias\">La presidenta del Senado, Cristina Lizardo, encabez\u00f3 este jueves la primera reuni\u00f3n con  encargados departamentales con el objetivo de coordinar  los trabajos preparativos de los actos solemnes  de este 16 de agosto, fecha en que tomaran juramento ante la Asamblea Nacional, el licenciado Danilo Medina S\u00e1nchez y Margarita Cede\u00f1o de Fern\u00e1ndez, como Presidente y Vicepresidenta de la Rep\u00fablica, para el per\u00edodo constitucional  2016-2020.<\/span><\/p>\n<\/p>\n<p><span class=\"text1noticias\">Al acto solemne y en ocasi\u00f3n del 153 aniversario de la Restauraci\u00f3n de la Rep\u00fablica, asistir\u00e1n varios jefes de estado y de gobierno, primeros ministros, representantes diplom\u00e1ticos, funcionarios civiles y militares y otros invitados especiales.<\/span><\/p>\n<\/p>\n<p><span class=\"text1noticias\">Empleados del Congreso Nacional  trabajan  en el acondicionamiento del Sal\u00f3n de la Asamblea Nacional, as\u00ed como el \u00e1rea  que servir\u00e1 de sal\u00f3n de prensa, para los medios nacionales e internacionales que dar\u00e1n cobertura al solemne acto.<\/span><\/p>\n<\/p>\n<p><span class=\"text1noticias\">Tambi\u00e9n se trabaja en la parte frontal del edificio, donde ser\u00e1n recibidos y se les rendir\u00e1n honores militares al Presidente y Vicepresidenta de la Rep\u00fablica.<\/span><\/p>\n<\/p>\n<p><span class=\"text1noticias\">Los departamentos de Prensa, Inform\u00e1tica y Seguridad  del Senado, agilizan el proceso de acreditaci\u00f3n del personal de los diferentes medios de prensa que cubrir\u00e1n los actos solemnes de este 16 de agosto.<\/span><\/p>\n<\/p>\n<p><span class=\"text1noticias\">Un total de 72 medios, ya se han acreditado, entre estos, ocho internacionales.<\/span><\/p>\n<\/p>\n<p><span class=\"text1noticias\">Prestigiosas agencias de prensa  como; CNN en espa\u00f1ol, Francesa de Prensa(AFP) Telemundo, Reuters y Univisi\u00f3n entre otras estar\u00e1n dando cobertura a la toma de posesi\u00f3n del presidente Danilo Medina y Margarita Cede\u00f1o de Fern\u00e1ndez.<\/span><\/p>\n<h6> 2016-08-04 14:50:40 <\/h6>\n<p><!--\n<link rel=\"stylesheet\" href=\"css\/bootstrap.min.css\">\n\n\n<ul class=\"pagination\">\n\t    \n\t\n\n<li >\n\t<a href='?page_no=12289'>Previous<\/a>\n\t<\/li>\n\n\n       \n    \n\n<li><a href='?page_no=1'>1<\/a><\/li>\n\n\n\n<li><a href='?page_no=2'>2<\/a><\/li>\n\n\n\n<li><a>...<\/a><\/li>\n\n\n\n<li><a href='?page_no=12288'>12288<\/a><\/li>\n\n\n\n<li><a href='?page_no=12289'>12289<\/a><\/li>\n\n\n\n<li class='active'><a>12290<\/a><\/li>\n\n\n\n<li><a href='?page_no=12291'>12291<\/a><\/li>\n\n\n\n<li><a href='?page_no=12292'>12292<\/a><\/li>\n\n\n\n<li><a>...<\/a><\/li>\n\n\n\n<li><a href='?page_no=56169'>56169<\/a><\/li>\n\n\n\n<li><a href='?page_no=56170'>56170<\/a><\/li>\n\n    \n\t\n\n<li >\n\t<a href='?page_no=12291'>Next<\/a>\n\t<\/li>\n\n\n    \n\n<li><a href='?page_no=56170'>Last &rsaquo;&rsaquo;<\/a><\/li>\n\n<\/ul>\n\n\n--><br \/>\n<\/body><\/p>\n","protected":false},"excerpt":{"rendered":"<p>Santo Domingo, RD, 04 de agosto.- En el Congreso Nacional, aceleran los trabajos con miras a los actos de toma de posesi\u00f3n del licenciado Danilo Medina S\u00e1nchez como Presidente de la Rep\u00fablica y la doctora Margarita Cede\u00f1o de Fern\u00e1ndez, como Vicepresidenta. La presidenta del Senado, Cristina Lizardo, encabez\u00f3 este jueves la primera reuni\u00f3n con encargados [&hellip;]<\/p>\n","protected":false},"author":3,"featured_media":0,"comment_status":"open","ping_status":"open","sticky":false,"template":"","format":"standard","meta":{"footnotes":""},"categories":[20],"tags":[],"class_list":["post-217805","post","type-post","status-publish","format-standard","hentry","category-dominicana-hoy"],"_links":{"self":[{"href":"https:\/\/diariodominicano.com\/index.php?rest_route=\/wp\/v2\/posts\/217805","targetHints":{"allow":["GET"]}}],"collection":[{"href":"https:\/\/diariodominicano.com\/index.php?rest_route=\/wp\/v2\/posts"}],"about":[{"href":"https:\/\/diariodominicano.com\/index.php?rest_route=\/wp\/v2\/types\/post"}],"author":[{"embeddable":true,"href":"https:\/\/diariodominicano.com\/index.php?rest_route=\/wp\/v2\/users\/3"}],"replies":[{"embeddable":true,"href":"https:\/\/diariodominicano.com\/index.php?rest_route=%2Fwp%2Fv2%2Fcomments&post=217805"}],"version-history":[{"count":0,"href":"https:\/\/diariodominicano.com\/index.php?rest_route=\/wp\/v2\/posts\/217805\/revisions"}],"wp:attachment":[{"href":"https:\/\/diariodominicano.com\/index.php?rest_route=%2Fwp%2Fv2%2Fmedia&parent=217805"}],"wp:term":[{"taxonomy":"category","embeddable":true,"href":"https:\/\/diariodominicano.com\/index.php?rest_route=%2Fwp%2Fv2%2Fcategories&post=217805"},{"taxonomy":"post_tag","embeddable":true,"href":"https:\/\/diariodominicano.com\/index.php?rest_route=%2Fwp%2Fv2%2Ftags&post=217805"}],"curies":[{"name":"wp","href":"https:\/\/api.w.org\/{rel}","templated":true}]}}