{"id":217803,"date":"2016-08-04T20:22:44","date_gmt":"2016-08-04T20:22:44","guid":{"rendered":"http:\/\/diariodominicano.ddns.net\/?p=217803"},"modified":"2016-08-04T20:22:44","modified_gmt":"2016-08-04T20:22:44","slug":"presidente-medina-inaugura-simultaneamente-33-escuelas","status":"publish","type":"post","link":"https:\/\/diariodominicano.com\/?p=217803","title":{"rendered":"Presidente Medina inaugura simult\u00e1neamente 33 escuelas"},"content":{"rendered":"<p><body><\/p>\n<p><img decoding=\"async\" src=\"img3\/ACM_5830.JPG\" \/><br \/><img decoding=\"async\" src=\"img3\/ACM_5639.JPG\" \/><br \/><img decoding=\"async\" src=\"img3\/ACM_5526.JPG\" \/>  <\/p>\n<p><strong><span class=\"text1noticias\">693 nuevas aulas y una inversi\u00f3n de 1,704 millones<\/span><\/strong><\/p>\n<p><strong><span class=\"text1noticias\">Los polit\u00e9cnicos inaugurados son Arquides Calder\u00f3n, en Moca; Profesor Juan Bosch (Polit\u00e9cnico Gregorio Luper\u00f3n), en Gaspar Hern\u00e1ndez; Centro Educativo Manuel Acevedo Cerrano Fe y Alegr\u00eda, en Cutup\u00fa, La Vega; Profesor Pedro Antonio Fr\u00edas, en Ca\u00f1o Grande, Juma, Bonao,  y Juan Pablo Segundo, en Mata Mam\u00f3n, La Victoria, Santo Domingo Norte.<\/span><\/strong><\/p>\n<\/p>\n<p><strong><span class=\"text1noticias\"> <\/span><\/strong><\/p>\n<p><strong><span class=\"text1noticias\">MOCA, RD, 4 de Agosto de 2016.- <\/span><\/strong><span class=\"text1noticias\">El presidente Danilo Medina inaugur\u00f3 desde aqu\u00ed en una ceremonia simult\u00e1nea 33 nuevos centros de estudios, que incluyen cinco polit\u00e9cnicos, nueve liceos y escuelas de los niveles inicial, b\u00e1sico y medio levantadas en distintos puntos del pa\u00eds, que suman 693 nuevas aulas o espacios docentes y en cuya construcci\u00f3n fueron invertidos mil 704 millones 993 mil 850 pesos con 65 centavos.<\/span><\/p>\n<\/p>\n<p><span class=\"text1noticias\">Los polit\u00e9cnicos inaugurados son Arquides Calder\u00f3n, en Moca; Profesor Juan Bosch (Polit\u00e9cnico Gregorio Luper\u00f3n), en Gaspar Hern\u00e1ndez; Centro Educativo Manuel Acevedo Cerrano Fe y Alegr\u00eda, en Cutup\u00fa, La Vega; Profesor Pedro Antonio Fr\u00edas, en Ca\u00f1o Grande, Juma, Bonao,  y Juan Pablo Segundo, en Mata Mam\u00f3n, La Victoria, Santo Domingo Norte.<\/span><\/p>\n<\/p>\n<p><span class=\"text1noticias\">Los liceos puestos en funcionamiento por el presidente Medina son Jos\u00e9 Miguel Remigio, en Jamao al Norte; Chacuey Sabana Larga, en Dajab\u00f3n; Liceo Cienfuegos 4, en Cienfuegos, Santiago; Eugenio de Jes\u00fas Marcano, en Los Polanco, Tamboril; Liceo Peralta, en Peralta; Gregorio Billini, en Villa V\u00e1squez; Pedro Nolasco Valcez, en Casta\u00f1uela; Profesor Juan Bosch, en San Francisco de Macor\u00eds, y Profesor Andr\u00e9s Medrano (Liceo Bayona 2), en Santo Domingo Oeste.<\/span><\/p>\n<\/p>\n<p><span class=\"text1noticias\">En el discurso central, el ministro de Educaci\u00f3n expres\u00f3 que en todas partes del mundo, los polit\u00e9cnicos est\u00e1n vinculados al desarrollo nacional de sus respectivos pa\u00edses, e indic\u00f3 que en el caso de Rep\u00fablica dominicana, no pod\u00eda ser la excepci\u00f3n.<\/span><\/p>\n<\/p>\n<p><span class=\"text1noticias\">Indic\u00f3 que el polit\u00e9cnico de Moca cuenta con 48 aulas en su primera etapa. Al lado se construye la segunda etapa, donde estar\u00e1n instalados los talleres de formaci\u00f3n t\u00e9cnica de los alumnos y alumnas.<\/span><\/p>\n<\/p>\n<p><span class=\"text1noticias\">Inform\u00f3 que se abrir\u00e1n dos cursos, uno en el que se podr\u00e1n inscribir 600 alumnos y otro en el que habr\u00e1 cupo para 400 estudiantes, \u00ab\u00b4porque no podemos abarrotar todos los cursos\u00bb. Afirm\u00f3 que el polit\u00e9cnico de Moca, en el que podr\u00e1n estudiar alumnos de otras comunidades que llenen los requisitos acad\u00e9micos, tendr\u00e1 que brillar por su excelencia, no s\u00f3lo en Moca, sino tambi\u00e9n en todo el pa\u00eds.<\/span><\/p>\n<\/p>\n<p><span class=\"text1noticias\">Tres a\u00f1os para la formaci\u00f3n t\u00e9cnico profesional y los que ya est\u00e1n cursando una carrera t\u00e9cnica podr\u00e1n hacerlo bajo la nueva modalidad, que son dos a\u00f1os. Se podr\u00e1n cursar carreras t\u00e9cnicas en las \u00e1reas de la agropecuaria, industria alimentaria, confecci\u00f3n de vestuario, tapizado y confecci\u00f3n para decoraci\u00f3n, inform\u00e1tica, equipos de climatizaci\u00f3n e instalaciones el\u00e9ctricas, telecomunicaciones en edificaciones, carrocer\u00eda de veh\u00edculos, plomer\u00eda, aire acondicionado y promoci\u00f3n e iniciaci\u00f3n deportiva y recreativa, entre otras.<\/span><\/p>\n<\/p>\n<p><span class=\"text1noticias\">\u00abNecesitamos una fuerza laboral con las competencias t\u00e9cnicas necesarias, y eso es lo que va a salir de este polit\u00e9cnico: j\u00f3venes bien formados en todas las \u00e1reas t\u00e9cnicas\u00bb.<\/span><\/p>\n<\/p>\n<p><span class=\"text1noticias\">Resalt\u00f3 que Moca y sus municipios son claves para la seguridad alimentaria, produci\u00e9ndose 84 millones de huevos y el 25 por ciento de pollos y es el mayor productor de cerdo, la mejor yuca del mundo y 40 mil tareas produciendo m\u00e1s de 700 mil quintales por a\u00f1o, y 172 mil tareas sembradas de pl\u00e1tanos y cuentan con una moderna producci\u00f3n de invernadero que producen cinco millones de libras de vegetales por a\u00f1o, y un cacao org\u00e1nico con mucha demanda en el extranjero, sembradas en 40 mil tareas.<\/span><\/p>\n<\/p>\n<p><span class=\"text1noticias\">Asegur\u00f3 que en Espaillat se cubren todas las \u00e1reas de la producci\u00f3n, desde alimentos hasta productos qu\u00edmicos. \u00abSomos una sociedad pujante en todos los \u00f3rdenes. Por eso este polit\u00e9cnico viene a llenar  una importante necesidad\u00bb, agreg\u00f3 Amarante Baret.<\/span><\/p>\n<\/p>\n<p><span class=\"text1noticias\">Afirm\u00f3 que el polit\u00e9cnico de Moca y los dem\u00e1s planteles inaugurados este jueves fueron construidos en el marco de la Revoluci\u00f3n Educativa, la cual se consolidar\u00e1 en los pr\u00f3ximos cuatro a\u00f1os.<\/span><\/p>\n<\/p>\n<p><strong><span class=\"text1noticias\">Centros en distintos puntos del pa\u00eds<\/span><\/strong><\/p>\n<\/p>\n<p><span class=\"text1noticias\">Las escuelas de los distintos niveles de la educaci\u00f3n, est\u00e1n diseminadas en La Vega, Imbert, Puerto Plata, Santiago, Tamboril, Monci\u00f3n, Padre Las Casas, San Pedro de Macor\u00eds, El Valle, Hato Mayor, Macao, Hig\u00fcey; Mao, Nagua, San Francisco de Macor\u00eds, Boca chica, Santo Domingo Este y Los Alcarrizos.<\/span><\/p>\n<\/p>\n<p><span class=\"text1noticias\">En el discurso de bienvenida, el Director del Distrito Educativo 06-06, Fl\u00e9rido Mart\u00ednez, quien agradeci\u00f3 al presidente Danilo Medina haber incluido a Moca y a toda la provincia Espaillat en sus planes de desarrollo de la educaci\u00f3n dominicana.<\/span><\/p>\n<\/p>\n<p><span class=\"text1noticias\">Lourdes Marisol Lizardo, quien agradeci\u00f3 a nombre de los estudiantes, valor\u00f3 el esfuerzo del presidente Danilo Medina y al Ministro Carlos Amarante Baret por abrirles las puertas a millares de j\u00f3venes de todo el pa\u00eds para viabilizar su desarrollo a trav\u00e9s del estudio.<\/span><\/p>\n<\/p>\n<p><span class=\"text1noticias\">Dijo que gracias a la construcci\u00f3n del polit\u00e9cnico profesor Arquides Calder\u00f3n, la juventud de Moca y ciudades cercanas obtendr\u00e1n las herramientas y conocimientos t\u00e9cnicos para encaminarse a un futuro productivo.<\/span><\/p>\n<\/p>\n<p><strong><span class=\"text1noticias\">Polit\u00e9cnico de Moca<\/span><\/strong><\/p>\n<\/p>\n<p><span class=\"text1noticias\">En los terrenos donde fue construido el polit\u00e9cnico Profesor Arquides Calder\u00f3n funcionaba la antigua c\u00e1rcel de Moca. Cuenta con 48 aulas y en su construcci\u00f3n fueron invertidos 672 millones 417 mil 951 pesos con 15 centavos, para acoger a unos 1,300 estudiantes que se formar\u00e1n en diversas carreras t\u00e9cnicas.<\/span><\/p>\n<\/p>\n<p><span class=\"text1noticias\">La edificaci\u00f3n, levantada en un \u00e1rea de m\u00e1s de 24 mil metros cuadrados, fue levantada en los terrenos donde funcionaba la antigua c\u00e1rcel de la Fortaleza 2 de mayo.<\/span><\/p>\n<\/p>\n<p><span class=\"text1noticias\">Al pronunciar el discurso central, Amarante Baret destac\u00f3 que en su primera etapa, el Polit\u00e9cnico contar\u00e1 con 10 talleres para la formaci\u00f3n de j\u00f3venes de la provincia Espaillat y su entorno, una cancha para uso com\u00fan por el MINERD y el Ej\u00e9rcito Nacional. <\/span><\/p>\n<\/p>\n<p><span class=\"text1noticias\">El \u00e1rea acad\u00e9mica construida abarca una superficie de 24 mil 418.33 metros cuadrados. <\/span><\/p>\n<\/p>\n<p><span class=\"text1noticias\">El Ministro de Educaci\u00f3n inform\u00f3 que simult\u00e1neamente, unos 1,300 j\u00f3venes recibir\u00e1n instrucci\u00f3n t\u00e9cnico profesional en Ciencias Agr\u00edcolas, Producci\u00f3n Agropecuaria, Dise\u00f1o y Confecci\u00f3n de modas, mec\u00e1nica automotriz y diesel, mecatr\u00f3nica, electr\u00f3nica, y otras carreras que les permitir\u00e1 insertarse en el mercado laboral. Tendr\u00e1 tambi\u00e9n sal\u00f3n de reuniones, sal\u00f3n para profesores, bibliotecas.<\/span><\/p>\n<\/p>\n<p><span class=\"text1noticias\">En el corte de cinta y en la mesa principal acompa\u00f1aron al presidente Medina, adem\u00e1s, Jos\u00e9 Ram\u00f3n Peralta, Ministro Administrativo de la Presidencia, Andr\u00e9s Dilon\u00e9 Ovalle, Gobernador de la Provincia, los diputados  V\u00edctor Luis Lasose, Orfalida Almonte, Carlos Garc\u00eda, No\u00e9 Camacho, y el diputado electo Carlos Alberto Amarante Garc\u00eda. La ceremonia fue bendecida por el padre Kelvin Turb\u00ed, de la  Parroquia Nuestra Se\u00f1ora del Rosario.<\/span><\/p>\n<p><span class=\"text1noticias\">  <\/span><\/p>\n<\/p>\n<\/p>\n<\/p>\n<h6> 2016-08-04 20:22:44 <\/h6>\n<p><!--\n<link rel=\"stylesheet\" href=\"css\/bootstrap.min.css\">\n\n\n<ul class=\"pagination\">\n\t    \n\t\n\n<li >\n\t<a href='?page_no=12288'>Previous<\/a>\n\t<\/li>\n\n\n       \n    \n\n<li><a href='?page_no=1'>1<\/a><\/li>\n\n\n\n<li><a href='?page_no=2'>2<\/a><\/li>\n\n\n\n<li><a>...<\/a><\/li>\n\n\n\n<li><a href='?page_no=12287'>12287<\/a><\/li>\n\n\n\n<li><a href='?page_no=12288'>12288<\/a><\/li>\n\n\n\n<li class='active'><a>12289<\/a><\/li>\n\n\n\n<li><a href='?page_no=12290'>12290<\/a><\/li>\n\n\n\n<li><a href='?page_no=12291'>12291<\/a><\/li>\n\n\n\n<li><a>...<\/a><\/li>\n\n\n\n<li><a href='?page_no=56169'>56169<\/a><\/li>\n\n\n\n<li><a href='?page_no=56170'>56170<\/a><\/li>\n\n    \n\t\n\n<li >\n\t<a href='?page_no=12290'>Next<\/a>\n\t<\/li>\n\n\n    \n\n<li><a href='?page_no=56170'>Last &rsaquo;&rsaquo;<\/a><\/li>\n\n<\/ul>\n\n\n--><br \/>\n<\/body><\/p>\n","protected":false},"excerpt":{"rendered":"<p>693 nuevas aulas y una inversi\u00f3n de 1,704 millones Los polit\u00e9cnicos inaugurados son Arquides Calder\u00f3n, en Moca; Profesor Juan Bosch (Polit\u00e9cnico Gregorio Luper\u00f3n), en Gaspar Hern\u00e1ndez; Centro Educativo Manuel Acevedo Cerrano Fe y Alegr\u00eda, en Cutup\u00fa, La Vega; Profesor Pedro Antonio Fr\u00edas, en Ca\u00f1o Grande, Juma, Bonao, y Juan Pablo Segundo, en Mata Mam\u00f3n, La [&hellip;]<\/p>\n","protected":false},"author":3,"featured_media":0,"comment_status":"open","ping_status":"open","sticky":false,"template":"","format":"standard","meta":{"footnotes":""},"categories":[20],"tags":[],"class_list":["post-217803","post","type-post","status-publish","format-standard","hentry","category-dominicana-hoy"],"_links":{"self":[{"href":"https:\/\/diariodominicano.com\/index.php?rest_route=\/wp\/v2\/posts\/217803","targetHints":{"allow":["GET"]}}],"collection":[{"href":"https:\/\/diariodominicano.com\/index.php?rest_route=\/wp\/v2\/posts"}],"about":[{"href":"https:\/\/diariodominicano.com\/index.php?rest_route=\/wp\/v2\/types\/post"}],"author":[{"embeddable":true,"href":"https:\/\/diariodominicano.com\/index.php?rest_route=\/wp\/v2\/users\/3"}],"replies":[{"embeddable":true,"href":"https:\/\/diariodominicano.com\/index.php?rest_route=%2Fwp%2Fv2%2Fcomments&post=217803"}],"version-history":[{"count":0,"href":"https:\/\/diariodominicano.com\/index.php?rest_route=\/wp\/v2\/posts\/217803\/revisions"}],"wp:attachment":[{"href":"https:\/\/diariodominicano.com\/index.php?rest_route=%2Fwp%2Fv2%2Fmedia&parent=217803"}],"wp:term":[{"taxonomy":"category","embeddable":true,"href":"https:\/\/diariodominicano.com\/index.php?rest_route=%2Fwp%2Fv2%2Fcategories&post=217803"},{"taxonomy":"post_tag","embeddable":true,"href":"https:\/\/diariodominicano.com\/index.php?rest_route=%2Fwp%2Fv2%2Ftags&post=217803"}],"curies":[{"name":"wp","href":"https:\/\/api.w.org\/{rel}","templated":true}]}}