{"id":217801,"date":"2016-08-05T09:54:24","date_gmt":"2016-08-05T09:54:24","guid":{"rendered":"http:\/\/diariodominicano.ddns.net\/?p=217801"},"modified":"2016-08-05T09:54:24","modified_gmt":"2016-08-05T09:54:24","slug":"911-recibe-visita-de-policias-de-nueva-york","status":"publish","type":"post","link":"https:\/\/diariodominicano.com\/?p=217801","title":{"rendered":"911 recibe visita de polic\u00edas de Nueva York"},"content":{"rendered":"<p><body><\/p>\n<p><img decoding=\"async\" src=\"img3\/911policiasyork5-8.jpg\" \/>  <\/p>\n<p><span class=\"text1noticias\">Santo Domingo, R. D., 5 de agosto.- Altos mandos del Departamento de Polic\u00eda de Nueva York (NYPD) visitaron la sede del Sistema Nacional de Atenci\u00f3n a Emergencias y Seguridad 911 para conocer su funcionamiento y su operativa diaria.<\/span><\/p>\n<p><span class=\"text1noticias\"> <\/span><\/p>\n<p><span class=\"text1noticias\">Esta visita se enmarca en el acuerdo de cooperaci\u00f3n entre el Ministerio de Interior y Polic\u00eda (MIP) y el NYPD  que busca combatir el crimen transnacional y que contempla un intercambio de experiencias e informaciones que robustecer\u00e1n las capacidades y lazos institucionales en el combate de delito.<\/span><\/p>\n<p><span class=\"text1noticias\"> <\/span><\/p>\n<p><span class=\"text1noticias\">Al 911 ser el servicio a disposici\u00f3n de la ciudadan\u00eda para la atenci\u00f3n de casos que requieren atenci\u00f3n inmediata, el Ministerio de Interior y Polic\u00eda junto al Ministerio de la Presidencia, hicieron posible el encuentro entre la Direcci\u00f3n del Sistema 911 con los representantes del Departamento de Polic\u00eda de la ciudad de Nueva York.<\/span><\/p>\n<p><span class=\"text1noticias\"> <\/span><\/p>\n<p><span class=\"text1noticias\">La visita inici\u00f3 con una reuni\u00f3n donde los directivos del Sistema 911 presentaron a los invitados c\u00f3mo funciona el Sistema 911, los or\u00edgenes del mismo y los logros alcanzados en estos dos a\u00f1os de operaciones.<\/span><\/p>\n<p><span class=\"text1noticias\"> <\/span><\/p>\n<p><span class=\"text1noticias\">Por parte del NYPD participaron el  jefe de Inteligencia, Thomas Galatti, as\u00ed como el jefe de Asuntos Internacionales, teniente John Mirdreich y el detective Fausto Garc\u00eda, este \u00faltimo responsable del enlace entre el MIP y el NYPD.<\/span><\/p>\n<p><span class=\"text1noticias\"> <\/span><\/p>\n<p><span class=\"text1noticias\">En representaci\u00f3n del MIP, asisti\u00f3 una delegaci\u00f3n encabezada por el general Ricardo L. Rosa Chupany, viceministro y director del gabinete ministerial.<\/span><\/p>\n<p><span class=\"text1noticias\"> <\/span><\/p>\n<p><span class=\"text1noticias\">En tanto que en representaci\u00f3n del Sistema 911 estuvo su director de Operaciones, Luis Ferrand; el director de Tecnolog\u00eda, Welvis Beltr\u00e1n y el encargado de Seguridad F\u00edsica, coronel Richard Pichardo.<\/span><\/p>\n<p><span class=\"text1noticias\"> <\/span><\/p>\n<p><span class=\"text1noticias\">Tras culminar el encuentro, que sirvi\u00f3 para el intercambio de informaciones sustanciales enfocadas en la mejora continua del Sistema, se procedi\u00f3 a mostrar las operaciones, a trav\u00e9s de un recorrido por las instalaciones del 911, exponiendo el funcionamiento integral de cada una de las unidades que conforman la insti<\/span>tuci\u00f3n.<\/p>\n<h6> 2016-08-05 09:54:24 <\/h6>\n<p><!--\n<link rel=\"stylesheet\" href=\"css\/bootstrap.min.css\">\n\n\n<ul class=\"pagination\">\n\t    \n\t\n\n<li >\n\t<a href='?page_no=12286'>Previous<\/a>\n\t<\/li>\n\n\n       \n    \n\n<li><a href='?page_no=1'>1<\/a><\/li>\n\n\n\n<li><a href='?page_no=2'>2<\/a><\/li>\n\n\n\n<li><a>...<\/a><\/li>\n\n\n\n<li><a href='?page_no=12285'>12285<\/a><\/li>\n\n\n\n<li><a href='?page_no=12286'>12286<\/a><\/li>\n\n\n\n<li class='active'><a>12287<\/a><\/li>\n\n\n\n<li><a href='?page_no=12288'>12288<\/a><\/li>\n\n\n\n<li><a href='?page_no=12289'>12289<\/a><\/li>\n\n\n\n<li><a>...<\/a><\/li>\n\n\n\n<li><a href='?page_no=56169'>56169<\/a><\/li>\n\n\n\n<li><a href='?page_no=56170'>56170<\/a><\/li>\n\n    \n\t\n\n<li >\n\t<a href='?page_no=12288'>Next<\/a>\n\t<\/li>\n\n\n    \n\n<li><a href='?page_no=56170'>Last &rsaquo;&rsaquo;<\/a><\/li>\n\n<\/ul>\n\n\n--><br \/>\n<\/body><\/p>\n","protected":false},"excerpt":{"rendered":"<p>Santo Domingo, R. D., 5 de agosto.- Altos mandos del Departamento de Polic\u00eda de Nueva York (NYPD) visitaron la sede del Sistema Nacional de Atenci\u00f3n a Emergencias y Seguridad 911 para conocer su funcionamiento y su operativa diaria. Esta visita se enmarca en el acuerdo de cooperaci\u00f3n entre el Ministerio de Interior y Polic\u00eda (MIP) [&hellip;]<\/p>\n","protected":false},"author":3,"featured_media":0,"comment_status":"open","ping_status":"open","sticky":false,"template":"","format":"standard","meta":{"footnotes":""},"categories":[20],"tags":[],"class_list":["post-217801","post","type-post","status-publish","format-standard","hentry","category-dominicana-hoy"],"_links":{"self":[{"href":"https:\/\/diariodominicano.com\/index.php?rest_route=\/wp\/v2\/posts\/217801","targetHints":{"allow":["GET"]}}],"collection":[{"href":"https:\/\/diariodominicano.com\/index.php?rest_route=\/wp\/v2\/posts"}],"about":[{"href":"https:\/\/diariodominicano.com\/index.php?rest_route=\/wp\/v2\/types\/post"}],"author":[{"embeddable":true,"href":"https:\/\/diariodominicano.com\/index.php?rest_route=\/wp\/v2\/users\/3"}],"replies":[{"embeddable":true,"href":"https:\/\/diariodominicano.com\/index.php?rest_route=%2Fwp%2Fv2%2Fcomments&post=217801"}],"version-history":[{"count":0,"href":"https:\/\/diariodominicano.com\/index.php?rest_route=\/wp\/v2\/posts\/217801\/revisions"}],"wp:attachment":[{"href":"https:\/\/diariodominicano.com\/index.php?rest_route=%2Fwp%2Fv2%2Fmedia&parent=217801"}],"wp:term":[{"taxonomy":"category","embeddable":true,"href":"https:\/\/diariodominicano.com\/index.php?rest_route=%2Fwp%2Fv2%2Fcategories&post=217801"},{"taxonomy":"post_tag","embeddable":true,"href":"https:\/\/diariodominicano.com\/index.php?rest_route=%2Fwp%2Fv2%2Ftags&post=217801"}],"curies":[{"name":"wp","href":"https:\/\/api.w.org\/{rel}","templated":true}]}}