{"id":217799,"date":"2016-08-06T16:30:16","date_gmt":"2016-08-06T16:30:16","guid":{"rendered":"http:\/\/diariodominicano.ddns.net\/?p=217799"},"modified":"2016-08-06T16:30:16","modified_gmt":"2016-08-06T16:30:16","slug":"amet-reporta-10-heridos-al-accidentarse-autobus-en-autopista-6-de-noviembre","status":"publish","type":"post","link":"https:\/\/diariodominicano.com\/?p=217799","title":{"rendered":"&#13;&#13;AMET reporta 10 heridos al accidentarse autob\u00fas en autopista 6 de Noviembre"},"content":{"rendered":"<p><body><\/p>\n<p><img decoding=\"async\" src=\"img3\/guagua.jpg\" \/>  <\/p>\n<\/p>\n<p>Santo Domingo, RD, 06 de agosto.- La Autoridad Metropolitana de Transporte (AMET) inform\u00f3 que diez personas resultaron heridas al accidentarse un autob\u00fas a la altura del kil\u00f3metro 16 de la autopista 6 de Noviembre, en direcci\u00f3n San Crist\u00f3bal-Santo Domingo.<\/p>\n<\/p>\n<p>El autob\u00fas accidentado es el marca Hyundai, rojo, placa I074078, conducido por el se\u00f1or Wilfredo B\u00e1ez, quien result\u00f3 ileso. Cubr\u00eda la ruta Azua-Santo Domingo.<\/p>\n<\/p>\n<p>Mientras que los lesionados son Marcial D\u00edaz, Mar\u00eda Gonz\u00e1lez, Querido Ram\u00edrez, Luis S\u00e1nchez, Fkanklin D\u00edaz, Minier Ram\u00edrez, Robert Acevedo, Eddy Acevedo, Miguel Matos y Belkis M\u00e9ndez.<\/p>\n<\/p>\n<p>Todos fueron traslados a distintos centros de salud por ambulancias que acudieron al lugar minutos despu\u00e9s de ser reportado el accidente del referido autob\u00fas que tiene una capacidad para 54 pasajeros.<\/p>\n<p>Reporte preliminar<\/p>\n<\/p>\n<p>El reporte preliminar del accidente indica que uno de los neum\u00e1ticos sufri\u00f3 una ponchadura por lo que el conductor del autob\u00fas perdi\u00f3 el control, provocando la volcadura.<\/p>\n<\/p>\n<p>Personal de la AMET asumi\u00f3 las investigaciones, por lo que oportunamente ofrecer\u00e1 mayores detalles.<\/p>\n<h6> 2016-08-06 16:30:16 <\/h6>\n<p><!--\n<link rel=\"stylesheet\" href=\"css\/bootstrap.min.css\">\n\n\n<ul class=\"pagination\">\n\t    \n\t\n\n<li >\n\t<a href='?page_no=12284'>Previous<\/a>\n\t<\/li>\n\n\n       \n    \n\n<li><a href='?page_no=1'>1<\/a><\/li>\n\n\n\n<li><a href='?page_no=2'>2<\/a><\/li>\n\n\n\n<li><a>...<\/a><\/li>\n\n\n\n<li><a href='?page_no=12283'>12283<\/a><\/li>\n\n\n\n<li><a href='?page_no=12284'>12284<\/a><\/li>\n\n\n\n<li class='active'><a>12285<\/a><\/li>\n\n\n\n<li><a href='?page_no=12286'>12286<\/a><\/li>\n\n\n\n<li><a href='?page_no=12287'>12287<\/a><\/li>\n\n\n\n<li><a>...<\/a><\/li>\n\n\n\n<li><a href='?page_no=56169'>56169<\/a><\/li>\n\n\n\n<li><a href='?page_no=56170'>56170<\/a><\/li>\n\n    \n\t\n\n<li >\n\t<a href='?page_no=12286'>Next<\/a>\n\t<\/li>\n\n\n    \n\n<li><a href='?page_no=56170'>Last &rsaquo;&rsaquo;<\/a><\/li>\n\n<\/ul>\n\n\n--><br \/>\n<\/body><\/p>\n","protected":false},"excerpt":{"rendered":"<p>Santo Domingo, RD, 06 de agosto.- La Autoridad Metropolitana de Transporte (AMET) inform\u00f3 que diez personas resultaron heridas al accidentarse un autob\u00fas a la altura del kil\u00f3metro 16 de la autopista 6 de Noviembre, en direcci\u00f3n San Crist\u00f3bal-Santo Domingo. El autob\u00fas accidentado es el marca Hyundai, rojo, placa I074078, conducido por el se\u00f1or Wilfredo B\u00e1ez, [&hellip;]<\/p>\n","protected":false},"author":3,"featured_media":0,"comment_status":"open","ping_status":"open","sticky":false,"template":"","format":"standard","meta":{"footnotes":""},"categories":[20],"tags":[],"class_list":["post-217799","post","type-post","status-publish","format-standard","hentry","category-dominicana-hoy"],"_links":{"self":[{"href":"https:\/\/diariodominicano.com\/index.php?rest_route=\/wp\/v2\/posts\/217799","targetHints":{"allow":["GET"]}}],"collection":[{"href":"https:\/\/diariodominicano.com\/index.php?rest_route=\/wp\/v2\/posts"}],"about":[{"href":"https:\/\/diariodominicano.com\/index.php?rest_route=\/wp\/v2\/types\/post"}],"author":[{"embeddable":true,"href":"https:\/\/diariodominicano.com\/index.php?rest_route=\/wp\/v2\/users\/3"}],"replies":[{"embeddable":true,"href":"https:\/\/diariodominicano.com\/index.php?rest_route=%2Fwp%2Fv2%2Fcomments&post=217799"}],"version-history":[{"count":0,"href":"https:\/\/diariodominicano.com\/index.php?rest_route=\/wp\/v2\/posts\/217799\/revisions"}],"wp:attachment":[{"href":"https:\/\/diariodominicano.com\/index.php?rest_route=%2Fwp%2Fv2%2Fmedia&parent=217799"}],"wp:term":[{"taxonomy":"category","embeddable":true,"href":"https:\/\/diariodominicano.com\/index.php?rest_route=%2Fwp%2Fv2%2Fcategories&post=217799"},{"taxonomy":"post_tag","embeddable":true,"href":"https:\/\/diariodominicano.com\/index.php?rest_route=%2Fwp%2Fv2%2Ftags&post=217799"}],"curies":[{"name":"wp","href":"https:\/\/api.w.org\/{rel}","templated":true}]}}