{"id":217798,"date":"2016-08-06T22:50:11","date_gmt":"2016-08-06T22:50:11","guid":{"rendered":"http:\/\/diariodominicano.ddns.net\/?p=217798"},"modified":"2016-08-06T22:50:11","modified_gmt":"2016-08-06T22:50:11","slug":"experto-dice-en-la-uapa-la-rd-tiene-cultura-del-miedo-a-los-huracanes","status":"publish","type":"post","link":"https:\/\/diariodominicano.com\/?p=217798","title":{"rendered":"Experto dice en la UAPA la RD tiene cultura del miedo a los huracanes"},"content":{"rendered":"<p><body><\/p>\n<p><img decoding=\"async\" src=\"img3\/IMG_0182.JPG\" \/><br \/><img decoding=\"async\" src=\"img3\/silvio0.jpg\" \/><br \/><img decoding=\"async\" src=\"img3\/IMG_0175.JPG\" \/>  <\/p>\n<p><strong>El especialista y director de la Unidad del Agua, en la PUCMM, dijo que los dominicanos se asustan desde que escuchan las noticias referentes a posibles huracanes que puedan tocar el pa\u00eds; sin tener la conciencia de que \u00e9stos son los generadores de una gran cantidad de agua a trav\u00e9s de las lluvias y de abastecimiento a los r\u00edos;\u00b4\u00b4 despu\u00e9s nos quejamos de la falta de agua\u00b4\u00b4.<\/strong><\/p>\n<\/p>\n<p><strong> SANTIAGO DE LOS CABALLEROS, 7 de Agosto.- <\/strong> El exdirector del INDHRI, Silvio Carrasco, sostuvo que el mayor reto que tiene el pa\u00eds para enfrentar la situaci\u00f3n del agua es eliminar la cultura del miedo hacia los huracanes y tormentas, al tiempo de  que urge la creaci\u00f3n de pol\u00edticas p\u00fablicas y un  plan de educaci\u00f3n ciudadana, para que los dominicanos  del presente y hacia el futuro puedan disfrutar del preciado liquido; \u00b4\u00b4hace diez a\u00f1os que aqu\u00ed no sabemos los que es un cicl\u00f3n y por eso es que estamos tan afectado de la sequ\u00eda\u00b4\u00b4.<\/p>\n<\/p>\n<p>El especialista y director de la Unidad del Agua, en la PUCMM, dijo que los dominicanos se asustan desde que escuchan las noticias referentes a posibles huracanes que puedan tocar el pa\u00eds; sin tener la conciencia de que \u00e9stos son los generadores de una gran cantidad de agua a trav\u00e9s de las lluvias y de abastecimiento a los r\u00edos;\u00b4\u00b4 despu\u00e9s nos quejamos de la falta de agua\u00b4\u00b4.<\/p>\n<\/p>\n<p>Agreg\u00f3 que a los gobiernos solo les ha interesado invertir en hidroel\u00e9ctricas porque estas generan  dinero, contrario al agua que no produce ese tipo de beneficio.<\/p>\n<p>Indic\u00f3 que los Estados Unidos sus habitantes disfrutan de la temporada de nieve, porque estas contribuye a un mejor verano y a la producci\u00f3n de agua,  que necesita esa naci\u00f3n.<\/p>\n<p>Durante su disertaci\u00f3n en la Universidad Abierta para Adultos, el acad\u00e9mico sostuvo que otros  retos que tiene la naci\u00f3n: son aprender a manejar los ciclones y a llenar el pa\u00eds de presas, si se quiere tener el preciado l\u00edquido en cantidades que puedan ser utilizadas en tiempo de sequ\u00eda.<\/p>\n<\/p>\n<p>A\u00f1adi\u00f3 que el pa\u00eds nunca se ha preparado para enfrentar fen\u00f3menos naturales, ni con  las lluvias y mucho menos  con las situaciones de las casas cuando ocurren estas fuertes precipitaci\u00f3n.<\/p>\n<\/p>\n<p> El acad\u00e9mico, record\u00f3 que hace muchos a\u00f1os que en la Rep\u00fablica Dominicana se construy\u00f3 la ultima presa que es la de  Monci\u00f3n y que dentro de los  desaf\u00edos del agua,  est\u00e1 el recurso, servicio y agua-pa\u00eds, para controlar su uso racional.<\/p>\n<\/p>\n<p>En la conferencia efectuada en el Auditorio del Edificio de Postgrado del campus universitario, las directivas Magdalena Cruz y Wendy Fr\u00edas; vicerrectora de Investigaci\u00f3n y Servicios a los Participantes, ponderan el encuentro de sensibilizaci\u00f3n para los futuros profesionales, en el marco de la celebraci\u00f3n del  Fin de Semana Verde.<\/p>\n<p>Al cierre de su ponencia, las directivas le entregaron ejemplares de Ediciones UAPA.-<\/p>\n<\/p>\n<h6> 2016-08-06 22:50:11 <\/h6>\n<p><!--\n<link rel=\"stylesheet\" href=\"css\/bootstrap.min.css\">\n\n\n<ul class=\"pagination\">\n\t    \n\t\n\n<li >\n\t<a href='?page_no=12283'>Previous<\/a>\n\t<\/li>\n\n\n       \n    \n\n<li><a href='?page_no=1'>1<\/a><\/li>\n\n\n\n<li><a href='?page_no=2'>2<\/a><\/li>\n\n\n\n<li><a>...<\/a><\/li>\n\n\n\n<li><a href='?page_no=12282'>12282<\/a><\/li>\n\n\n\n<li><a href='?page_no=12283'>12283<\/a><\/li>\n\n\n\n<li class='active'><a>12284<\/a><\/li>\n\n\n\n<li><a href='?page_no=12285'>12285<\/a><\/li>\n\n\n\n<li><a href='?page_no=12286'>12286<\/a><\/li>\n\n\n\n<li><a>...<\/a><\/li>\n\n\n\n<li><a href='?page_no=56169'>56169<\/a><\/li>\n\n\n\n<li><a href='?page_no=56170'>56170<\/a><\/li>\n\n    \n\t\n\n<li >\n\t<a href='?page_no=12285'>Next<\/a>\n\t<\/li>\n\n\n    \n\n<li><a href='?page_no=56170'>Last &rsaquo;&rsaquo;<\/a><\/li>\n\n<\/ul>\n\n\n--><br \/>\n<\/body><\/p>\n","protected":false},"excerpt":{"rendered":"<p>El especialista y director de la Unidad del Agua, en la PUCMM, dijo que los dominicanos se asustan desde que escuchan las noticias referentes a posibles huracanes que puedan tocar el pa\u00eds; sin tener la conciencia de que \u00e9stos son los generadores de una gran cantidad de agua a trav\u00e9s de las lluvias y de [&hellip;]<\/p>\n","protected":false},"author":3,"featured_media":0,"comment_status":"open","ping_status":"open","sticky":false,"template":"","format":"standard","meta":{"footnotes":""},"categories":[20],"tags":[],"class_list":["post-217798","post","type-post","status-publish","format-standard","hentry","category-dominicana-hoy"],"_links":{"self":[{"href":"https:\/\/diariodominicano.com\/index.php?rest_route=\/wp\/v2\/posts\/217798","targetHints":{"allow":["GET"]}}],"collection":[{"href":"https:\/\/diariodominicano.com\/index.php?rest_route=\/wp\/v2\/posts"}],"about":[{"href":"https:\/\/diariodominicano.com\/index.php?rest_route=\/wp\/v2\/types\/post"}],"author":[{"embeddable":true,"href":"https:\/\/diariodominicano.com\/index.php?rest_route=\/wp\/v2\/users\/3"}],"replies":[{"embeddable":true,"href":"https:\/\/diariodominicano.com\/index.php?rest_route=%2Fwp%2Fv2%2Fcomments&post=217798"}],"version-history":[{"count":0,"href":"https:\/\/diariodominicano.com\/index.php?rest_route=\/wp\/v2\/posts\/217798\/revisions"}],"wp:attachment":[{"href":"https:\/\/diariodominicano.com\/index.php?rest_route=%2Fwp%2Fv2%2Fmedia&parent=217798"}],"wp:term":[{"taxonomy":"category","embeddable":true,"href":"https:\/\/diariodominicano.com\/index.php?rest_route=%2Fwp%2Fv2%2Fcategories&post=217798"},{"taxonomy":"post_tag","embeddable":true,"href":"https:\/\/diariodominicano.com\/index.php?rest_route=%2Fwp%2Fv2%2Ftags&post=217798"}],"curies":[{"name":"wp","href":"https:\/\/api.w.org\/{rel}","templated":true}]}}