{"id":217797,"date":"2016-08-07T07:21:29","date_gmt":"2016-08-07T07:21:29","guid":{"rendered":"http:\/\/diariodominicano.ddns.net\/?p=217797"},"modified":"2016-08-07T07:21:29","modified_gmt":"2016-08-07T07:21:29","slug":"despacho-de-la-primera-dama-promueve-la-lactancia-materna","status":"publish","type":"post","link":"https:\/\/diariodominicano.com\/?p=217797","title":{"rendered":"Despacho de la primera Dama promueve la lactancia materna"},"content":{"rendered":"<p><body><\/p>\n<p><img decoding=\"async\" src=\"http:\/\/10.0.0.82:8080\/img3\/SANTO%20DOMINGO,%20RD,%207%20de%20Agosto%20de%202016.-%20El%20despacho%20de%20la%20Primera%20Dama%20ponder%C3%83%C2%B3%20la%20conciencia%20que%20e\" \/><br \/><img decoding=\"async\" src=\"img3\/698A0170.JPG\" \/><br \/><img decoding=\"async\" src=\"img3\/698A0145.JPG\" \/>  <\/p>\n<p><strong>Es en consonancia con este componente que el Despacho de la Primera Dama apoya cada a\u00f1o, La semana Mundial de la Lactancia Materna, evento que se celebra en todo el mundo y en nuestro pa\u00eds est\u00e1 a cargo de la Liga de la Leche que realiza diversas actividades de promoci\u00f3n, fomento, capacitaci\u00f3n, apoyo e incidencia en la Lactancia Materna.<\/strong><\/p>\n<\/p>\n<\/p>\n<p><strong>SANTO DOMINGO, RD, 7 de Agosto de 2016.- <\/strong>El despacho de la Primera Dama ponder\u00f3 la conciencia que est\u00e1 adquiriendo la poblaci\u00f3n dominicana sobre la importancia de alimentar a los reci\u00e9n nacido, exclusivamente con leche materna hasta los 6 meses de edad.<\/p>\n<\/p>\n<p>Mary Concepci\u00f3n, encargada del componente <strong>Por un Comienzo Positivo del Despacho de la Primera Dama,<\/strong> considera como un acto de amor y responsabilidadimplementar accionesque le permitan,asegurar buena salud para los hijos desde el momento del nacimiento, lo cual se traduce en familias felices con hijos sanos.<\/p>\n<\/p>\n<p>Concepci\u00f3n, se refiri\u00f3 en esos t\u00e9rminos, durante su participaci\u00f3n en la Semana Mundial de la Lactancia Materna que se realizadel 1 al 7 de agosto de cada a\u00f1ocon el objetivo de reiterar la importancia del amamantamiento en el pa\u00eds, lo cual beneficialas defensas del reci\u00e9n nacido reduce sustancialmente las enfermedades, fortalece el v\u00ednculo emocional madre-beb\u00e9, entre otros beneficios.<\/p>\n<\/p>\n<p>Por un Comienzo Positivo es un componente del programa Comunidades Inteligente del Despacho de la Primera Dama que se desarrolla en la Maternidad Nuestra Se\u00f1ora de la Altagracia y el Hospital de la Mujer Dominicana apoyando a las embarazadas a trav\u00e9s de charlas Educativas e interactivas, talleres de psicoprofilaxis del embarazo y el parto y apoyo al Parto humanizado.<\/p>\n<\/p>\n<p>Es en consonancia con este componente que el Despacho de la Primera Dama apoya cada a\u00f1o, La semana Mundial de la Lactancia Materna, evento que se celebra en todo el mundo y en nuestro pa\u00eds est\u00e1 a cargo de la Liga de la Leche que realiza diversas actividades de promoci\u00f3n, fomento, capacitaci\u00f3n, apoyo e incidencia en la Lactancia Materna.<\/p>\n<\/p>\n<p>Yanet Olivares  L\u00edder de La Leche League International yMiembro Comisi\u00f3n Nacional Lactancia materna en Rep\u00fablicaDominicana encabez\u00f3 la actividad en la que decenas de madres se dieron cita para presenciar, testimoniar y participar de lo que llam\u00f3 la fiesta de la lactancia en el pa\u00eds .<\/p>\n<\/p>\n<p>Como de costumbre, se llev\u00f3 a cabo la jornada\u00bbLactancia Sincronizada\u00bb, que esta vez, se realiz\u00f3 simult\u00e1neamente en Santo Domingo, Santiago, Azua, B\u00e1varo y Puerto Plata yque consiste en la exposici\u00f3n, durante unos minutos, de decenas de madres amamantando a sus hijos de manera simult\u00e1nea y espont\u00e1nea.<\/p>\n<\/p>\n<p>Madres lactando a sus bebes y embarazadas del componente Por Un Comienzo Positivo participaron masivamente en esta lactancia, algunas de las cuales aportaron valiosos testimonios sobre los beneficios de la lactancia.<\/p>\n<\/p>\n<p>\u00abAmamantar es amar, es lo mejor que le puede pasar a cualquier madre y por dem\u00e1s es muy conveniente por los cuantiosos beneficios que ofrece a madres e hijos\u00bb dijo visiblemente emocionada la se\u00f1ora Vilma Batista, una madre lactante que participo en la actividad.<\/p>\n<p>El lema de la jornada de este a\u00f1o es \u00abLactancia Materna: Clave para el desarrollo sostenible\u00bb, el cual se centra en los 17 Objetivos de Desarrollo Sostenible, que los gobiernos del mundo acordaron, durante una plenaria en la Organizaci\u00f3n de las Naciones Unidas, los temas que deben lograr para el a\u00f1o 2030, a fin de ir superando las situaciones de desigualdad.<\/p>\n<\/p>\n<p>Mari concepci\u00f3n manifest\u00f3 que la Primera Dama, C\u00e1ndida Montilla de Medinamantiene unapoyo continuo al fomento de la lactancia maternaa fin elevar l tasa de lactancia en la Rep\u00fablica Dominicana, en beneficio de madres y ni\u00f1os de sectores vulnerables.<\/p>\n<\/p>\n<p>Durante la actividad hubo un panel con orientaciones a las embarazadas y lactantes, ofrecido por losdoctores. Antonio Selman, Santiago Mart\u00ednez, Clavel S\u00e1nchez, la licenciada Natalia Nin y La consultora certificada en lactancia materna Yanet Olivares, entre otros.<\/p>\n<h6> 2016-08-07 07:21:29 <\/h6>\n<p><!--\n<link rel=\"stylesheet\" href=\"css\/bootstrap.min.css\">\n\n\n<ul class=\"pagination\">\n\t    \n\t\n\n<li >\n\t<a href='?page_no=12282'>Previous<\/a>\n\t<\/li>\n\n\n       \n    \n\n<li><a href='?page_no=1'>1<\/a><\/li>\n\n\n\n<li><a href='?page_no=2'>2<\/a><\/li>\n\n\n\n<li><a>...<\/a><\/li>\n\n\n\n<li><a href='?page_no=12281'>12281<\/a><\/li>\n\n\n\n<li><a href='?page_no=12282'>12282<\/a><\/li>\n\n\n\n<li class='active'><a>12283<\/a><\/li>\n\n\n\n<li><a href='?page_no=12284'>12284<\/a><\/li>\n\n\n\n<li><a href='?page_no=12285'>12285<\/a><\/li>\n\n\n\n<li><a>...<\/a><\/li>\n\n\n\n<li><a href='?page_no=56169'>56169<\/a><\/li>\n\n\n\n<li><a href='?page_no=56170'>56170<\/a><\/li>\n\n    \n\t\n\n<li >\n\t<a href='?page_no=12284'>Next<\/a>\n\t<\/li>\n\n\n    \n\n<li><a href='?page_no=56170'>Last &rsaquo;&rsaquo;<\/a><\/li>\n\n<\/ul>\n\n\n--><br \/>\n<\/body><\/p>\n","protected":false},"excerpt":{"rendered":"<p>Es en consonancia con este componente que el Despacho de la Primera Dama apoya cada a\u00f1o, La semana Mundial de la Lactancia Materna, evento que se celebra en todo el mundo y en nuestro pa\u00eds est\u00e1 a cargo de la Liga de la Leche que realiza diversas actividades de promoci\u00f3n, fomento, capacitaci\u00f3n, apoyo e incidencia [&hellip;]<\/p>\n","protected":false},"author":3,"featured_media":0,"comment_status":"open","ping_status":"open","sticky":false,"template":"","format":"standard","meta":{"footnotes":""},"categories":[20],"tags":[],"class_list":["post-217797","post","type-post","status-publish","format-standard","hentry","category-dominicana-hoy"],"_links":{"self":[{"href":"https:\/\/diariodominicano.com\/index.php?rest_route=\/wp\/v2\/posts\/217797","targetHints":{"allow":["GET"]}}],"collection":[{"href":"https:\/\/diariodominicano.com\/index.php?rest_route=\/wp\/v2\/posts"}],"about":[{"href":"https:\/\/diariodominicano.com\/index.php?rest_route=\/wp\/v2\/types\/post"}],"author":[{"embeddable":true,"href":"https:\/\/diariodominicano.com\/index.php?rest_route=\/wp\/v2\/users\/3"}],"replies":[{"embeddable":true,"href":"https:\/\/diariodominicano.com\/index.php?rest_route=%2Fwp%2Fv2%2Fcomments&post=217797"}],"version-history":[{"count":0,"href":"https:\/\/diariodominicano.com\/index.php?rest_route=\/wp\/v2\/posts\/217797\/revisions"}],"wp:attachment":[{"href":"https:\/\/diariodominicano.com\/index.php?rest_route=%2Fwp%2Fv2%2Fmedia&parent=217797"}],"wp:term":[{"taxonomy":"category","embeddable":true,"href":"https:\/\/diariodominicano.com\/index.php?rest_route=%2Fwp%2Fv2%2Fcategories&post=217797"},{"taxonomy":"post_tag","embeddable":true,"href":"https:\/\/diariodominicano.com\/index.php?rest_route=%2Fwp%2Fv2%2Ftags&post=217797"}],"curies":[{"name":"wp","href":"https:\/\/api.w.org\/{rel}","templated":true}]}}