{"id":217795,"date":"2016-08-08T00:14:11","date_gmt":"2016-08-08T00:14:11","guid":{"rendered":"http:\/\/diariodominicano.ddns.net\/?p=217795"},"modified":"2016-08-08T00:14:11","modified_gmt":"2016-08-08T00:14:11","slug":"presidente-danilo-medina-inaugura-elevado-de-boca-chica","status":"publish","type":"post","link":"https:\/\/diariodominicano.com\/?p=217795","title":{"rendered":"Presidente Danilo Medina inaugura elevado de Boca Chica"},"content":{"rendered":"<p><body><\/p>\n<p><img decoding=\"async\" src=\"img3\/3ro_p_1_0.jpg\" \/><br \/><img decoding=\"async\" src=\"img3\/9no_p_4_0.jpg\" \/><br \/><img decoding=\"async\" src=\"img3\/11vo_p_4_0.jpg\" \/>  <\/p>\n<p><span class=\"text1noticias\">La nueva obra mejorar\u00e1 de manera significativa la circulaci\u00f3n del tr\u00e1nsito al  Este del pa\u00eds, contribuyendo,  a dinamizar la econom\u00eda local de las comunidades de este municipio, as\u00ed como el turismo en la zona.<\/span><\/p>\n<p><span class=\"text1noticias\"> <\/span><\/p>\n<p><span class=\"text1noticias\"> <\/span><\/p>\n<p><span class=\"text1noticias\"> <\/span><\/p>\n<p><span class=\"text1noticias\"> <\/span><\/p>\n<p><span class=\"text1noticias\">BOCA CHICA, RD, 7 de Agosto de 2016.- El presidente Danilo Medina inaugur\u00f3 este domingo el elevado de Boca Chica, obra que forma parte del proyecto de reconstrucci\u00f3n y ampliaci\u00f3n del tramo La Caleta-Boca Chica, de la autopista Las Am\u00e9ricas.<\/span><\/p>\n<p><span class=\"text1noticias\"> <\/span><\/p>\n<p><span class=\"text1noticias\">La nueva obra mejorar\u00e1 de manera significativa la circulaci\u00f3n del tr\u00e1nsito al  Este del pa\u00eds, contribuyendo,  a dinamizar la econom\u00eda local de las comunidades de este municipio, as\u00ed como el turismo en la zona.<\/span><\/p>\n<p><span class=\"text1noticias\"> <\/span><\/p>\n<p><span class=\"text1noticias\">Con la reconstrucci\u00f3n de este elevado ser\u00e1n beneficiados sectores productivos del pa\u00eds.<\/span><\/p>\n<p><span class=\"text1noticias\">El ministro de Obras P\u00fablicas, Gonzalo Castillo, dijo que el presidente Danilo Medina, con su monumental y gigantesca obra de gobierno, ha llevado a la Rep\u00fablica Dominicana a ser el pa\u00eds n\u00famero uno en crecimiento econ\u00f3mico, y el m\u00e1s admirado de toda Am\u00e9rica Latina.<\/span><\/p>\n<p><span class=\"text1noticias\"> <\/span><\/p>\n<p><span class=\"text1noticias\">Respecto al elevado, destac\u00f3 que representa para la comunidad de Boca Chica y para todo el pa\u00eds, un paso importante, que le permitir\u00e1 continuar con el crecimiento integral de las zonas norte-sur, as\u00ed como apuntalar el desarrollo tur\u00edstico de toda la zona Este.<\/span><\/p>\n<p><span class=\"text1noticias\"> <\/span><\/p>\n<p><span class=\"text1noticias\">\u00abDe igual forma, este elevado, es un componente m\u00e1s, del Circuito Vial del Este,  y se convierte en un aporte de fundamental importancia para la infraestructura de nuestro pa\u00eds, el comercio y la industria\u00bb.<\/span><\/p>\n<p><span class=\"text1noticias\"> <\/span><\/p>\n<p><span class=\"text1noticias\"> Gonzalo Castillo dijo que esta obra promueve el desarrollo y fortalece la confianza en un gobierno.<\/span><\/p>\n<p><span class=\"text1noticias\">Explic\u00f3 que las caracter\u00edsticas t\u00e9cnicas de este imponente e impresionante elevado, construido de hormig\u00f3n, con sus  4 carriles, y velocidad de dise\u00f1o de 80 a 100 kil\u00f3metros por hora, confirma que la ingenier\u00eda dominicana, ha alcanzado los m\u00e1s altos niveles t\u00e9cnicos en la materia, asemej\u00e1ndose, o en muchos casos igual\u00e1ndose a los niveles de pa\u00edses de pleno desarrollo.    <\/span><\/p>\n<p><span class=\"text1noticias\"> <\/span><\/p>\n<p><span class=\"text1noticias\">Se\u00f1al\u00f3 que  son m\u00faltiples beneficios que esta y otras obras ya inauguradas de infraestructura dar\u00e1n como resultado al pa\u00eds y a la poblaci\u00f3n que transitar\u00e1 diariamente por esta v\u00eda, entre los que cit\u00f3 el ahorro de combustible, el impacto positivo al medio ambiente, al reducir las emisiones de Co2, disminuci\u00f3n de costos de fletes y el impacto positivo al turismo.<\/span><\/p>\n<p><span class=\"text1noticias\"> <\/span><\/p>\n<p><span class=\"text1noticias\">Al hablar en el acto, la  senadora de la provincia Santo Domingo, Cristina Lizardo, dijo que esta obra forma parte del proyecto de expansi\u00f3n y adecuaci\u00f3n funcional, todo ello en atenci\u00f3n al mandato del Presidente hist\u00f3rico de todos los dominicanos y las dominicanas.<\/span><\/p>\n<p><span class=\"text1noticias\"> <\/span><\/p>\n<p><span class=\"text1noticias\">\u00abSeg\u00fan se expone en las referencias de sustentaci\u00f3n de este proyecto y como resulta evidente, la obra redundar\u00e1 en beneficio de los miles y miles de conductores que se desplazan por este espacio\u00bb.<\/span><\/p>\n<p><span class=\"text1noticias\"> <\/span><\/p>\n<p><span class=\"text1noticias\">Lizardo precis\u00f3 que se trata de un nuevo aporte de esencial importancia para la infraestructura vial, el desarrollo del turismo local, el comercio y la industria de nuestro pa\u00eds y de manera particular en toda la regi\u00f3n.<\/span><\/p>\n<p><span class=\"text1noticias\"> <\/span><\/p>\n<p><span class=\"text1noticias\">Despu\u00e9s de m\u00e1s de 20 a\u00f1os de angustia, hoy tenemos esta majestuosa obra<\/span><\/p>\n<p><span class=\"text1noticias\"> <\/span><\/p>\n<p><span class=\"text1noticias\">Dania Silfa,  dirigente comunitaria de la zona  y quien habl\u00f3 de parte de la comunidad, expres\u00f3  que, \u00abdespu\u00e9s de nosotros tener m\u00e1s de 20 a\u00f1os de promesas, esperas, l\u00e1grimas y angustias, por las p\u00e9rdidas de vidas humanas, hoy tenemos esta majestuosa obra, un elevado que recibimos con alegr\u00eda y satisfacci\u00f3n la entrega de esta obra que nos trae paz y tranquilidad a nuestra gente\u00bb.<\/span><\/p>\n<p><span class=\"text1noticias\"> <\/span><\/p>\n<p><span class=\"text1noticias\">\u00abLa promesa que parec\u00eda un sue\u00f1o, hoy es realidad\u00bb, dijo la comunitaria Dania Silfa.<\/span><\/p>\n<p><span class=\"text1noticias\">Emocionada  dijo que hoy el pueblo de Boca Chica vive uno de sus m\u00e1s grandes sue\u00f1os \u00aby es el sentir, que nuestros hijos no correr\u00e1n m\u00e1s el peligro al cruzar la autopista Las Am\u00e9ricas. Hoy podemos decir Boca Chica se renueva gracias a la excelente gesti\u00f3n de usted, se\u00f1or Presidente\u00bb.<\/span><\/p>\n<p><span class=\"text1noticias\"> <\/span><\/p>\n<p><span class=\"text1noticias\">ASONAHORES: esta obra mejora calidad de vida de Andr\u00e9s y Boca Chica<\/span><\/p>\n<p><span class=\"text1noticias\"> <\/span><\/p>\n<p><span class=\"text1noticias\"> Las palabras de agradecimiento estuvieron a cargo de Sim\u00f3n Su\u00e1rez, presidente de la Asociaci\u00f3n Nacional de Hoteles y Restaurantes de la Rep\u00fablica Dominicana (ASONAHORES), quien resalt\u00f3 que la iniciativa es una obra de importancia en el plan de inversi\u00f3n del Gobierno para modernizar la red vial, que facilita la reconexi\u00f3n Santo Domingo-regi\u00f3n Este.<\/span><\/p>\n<p><span class=\"text1noticias\"> <\/span><\/p>\n<p><span class=\"text1noticias\">\u00abUno de los aportes del redise\u00f1o de la autopista Las Am\u00e9ricas es su contribuci\u00f3n al ordenamiento territorial de las comunidades de Andr\u00e9s y Boca Chica, al aislar el tr\u00e1fico de pasada, se favorece una mejor calidad de vida para los residentes de estas comunidades y se crean condiciones para atraer inversiones que crear\u00e1n nuevas oportunidades de empleo y facilita el acceso y mejora su imagen de cara al turista que nos visita\u00bb.<\/span><\/p>\n<h6> 2016-08-08 00:14:11 <\/h6>\n<p><!--\n<link rel=\"stylesheet\" href=\"css\/bootstrap.min.css\">\n\n\n<ul class=\"pagination\">\n\t    \n\t\n\n<li >\n\t<a href='?page_no=12280'>Previous<\/a>\n\t<\/li>\n\n\n       \n    \n\n<li><a href='?page_no=1'>1<\/a><\/li>\n\n\n\n<li><a href='?page_no=2'>2<\/a><\/li>\n\n\n\n<li><a>...<\/a><\/li>\n\n\n\n<li><a href='?page_no=12279'>12279<\/a><\/li>\n\n\n\n<li><a href='?page_no=12280'>12280<\/a><\/li>\n\n\n\n<li class='active'><a>12281<\/a><\/li>\n\n\n\n<li><a href='?page_no=12282'>12282<\/a><\/li>\n\n\n\n<li><a href='?page_no=12283'>12283<\/a><\/li>\n\n\n\n<li><a>...<\/a><\/li>\n\n\n\n<li><a href='?page_no=56169'>56169<\/a><\/li>\n\n\n\n<li><a href='?page_no=56170'>56170<\/a><\/li>\n\n    \n\t\n\n<li >\n\t<a href='?page_no=12282'>Next<\/a>\n\t<\/li>\n\n\n    \n\n<li><a href='?page_no=56170'>Last &rsaquo;&rsaquo;<\/a><\/li>\n\n<\/ul>\n\n\n--><br \/>\n<\/body><\/p>\n","protected":false},"excerpt":{"rendered":"<p>La nueva obra mejorar\u00e1 de manera significativa la circulaci\u00f3n del tr\u00e1nsito al Este del pa\u00eds, contribuyendo, a dinamizar la econom\u00eda local de las comunidades de este municipio, as\u00ed como el turismo en la zona. BOCA CHICA, RD, 7 de Agosto de 2016.- El presidente Danilo Medina inaugur\u00f3 este domingo el elevado de Boca Chica, obra [&hellip;]<\/p>\n","protected":false},"author":3,"featured_media":0,"comment_status":"open","ping_status":"open","sticky":false,"template":"","format":"standard","meta":{"footnotes":""},"categories":[20],"tags":[],"class_list":["post-217795","post","type-post","status-publish","format-standard","hentry","category-dominicana-hoy"],"_links":{"self":[{"href":"https:\/\/diariodominicano.com\/index.php?rest_route=\/wp\/v2\/posts\/217795","targetHints":{"allow":["GET"]}}],"collection":[{"href":"https:\/\/diariodominicano.com\/index.php?rest_route=\/wp\/v2\/posts"}],"about":[{"href":"https:\/\/diariodominicano.com\/index.php?rest_route=\/wp\/v2\/types\/post"}],"author":[{"embeddable":true,"href":"https:\/\/diariodominicano.com\/index.php?rest_route=\/wp\/v2\/users\/3"}],"replies":[{"embeddable":true,"href":"https:\/\/diariodominicano.com\/index.php?rest_route=%2Fwp%2Fv2%2Fcomments&post=217795"}],"version-history":[{"count":0,"href":"https:\/\/diariodominicano.com\/index.php?rest_route=\/wp\/v2\/posts\/217795\/revisions"}],"wp:attachment":[{"href":"https:\/\/diariodominicano.com\/index.php?rest_route=%2Fwp%2Fv2%2Fmedia&parent=217795"}],"wp:term":[{"taxonomy":"category","embeddable":true,"href":"https:\/\/diariodominicano.com\/index.php?rest_route=%2Fwp%2Fv2%2Fcategories&post=217795"},{"taxonomy":"post_tag","embeddable":true,"href":"https:\/\/diariodominicano.com\/index.php?rest_route=%2Fwp%2Fv2%2Ftags&post=217795"}],"curies":[{"name":"wp","href":"https:\/\/api.w.org\/{rel}","templated":true}]}}