{"id":217792,"date":"2016-08-08T10:01:08","date_gmt":"2016-08-08T10:01:08","guid":{"rendered":"http:\/\/diariodominicano.ddns.net\/?p=217792"},"modified":"2016-08-08T10:01:08","modified_gmt":"2016-08-08T10:01:08","slug":"presentan-nuevo-modelo-de-autogestion-del-transporte","status":"publish","type":"post","link":"https:\/\/diariodominicano.com\/?p=217792","title":{"rendered":"Presentan Nuevo Modelo de Autogesti\u00f3n del Transporte"},"content":{"rendered":"<p><body><\/p>\n<p><img decoding=\"async\" src=\"img3\/fenatrano 8-8.jpg\" \/>  <\/p>\n<p><span class=\"text1noticias\">Santo Domingo, R. D., 8 de agosto.- La Federaci\u00f3n Nacional de Transporte La Nueva Opci\u00f3n (FENATRANO), las empresas asociativas y sindicales de transporte SITRAUR (Sindicato de transporte Urbano)  presentaron \u00e9ste lunes el Nuevo Modelo de Autogesti\u00f3n del Transporte, el cual contempla una serie de medidas para el mejoramiento del servicio p\u00fablico del transporte en el Gran Santo Domingo.<\/span><\/p>\n<p><span class=\"text1noticias\"> <\/span><\/p>\n<p><span class=\"text1noticias\">Como parte del plan presentaron 100 nuevas unidades de carro y 78 autobuses con capacidad para 37, 45 y 70 pasajeros, unidades confortables que estar\u00e1n ofreciendo servicio a la poblaci\u00f3n en la ruta de la Avenida 27 de Febrero.<\/span><\/p>\n<p><span class=\"text1noticias\"> <\/span><\/p>\n<p><span class=\"text1noticias\">El Presidente de la Federaci\u00f3n de transporte, Juan Hubieres;  inform\u00f3 que esto forma parte del inter\u00e9s que tiene FENATRANO de sacar las chatarras del parque vehicular del Gran Santo Domingo, lo que venimos realizando de manera gradual desde hace m\u00e1s de cinco a\u00f1os. <\/span><\/p>\n<p><span class=\"text1noticias\"> <\/span><\/p>\n<p><span class=\"text1noticias\">Como ejemplo de eso, ya tenemos en dicha ruta m\u00e1s de 500 veh\u00edculos con aire acondicionado y en muy buenas condiciones de 1,100 que existentes en tan importante avenida.<\/span><\/p>\n<p><span class=\"text1noticias\"> <\/span><\/p>\n<p><span class=\"text1noticias\">\u00abLas nuevas unidades funcionar\u00e1n con un sistema de GPS y data que permitir\u00e1 a los pasajeros ver por sus tel\u00e9fonos inteligentes los datos del veh\u00edculo a utilizar, el rostro y nombre de chofer, as\u00ed como la placa del bus o carro y el n\u00famero de tel\u00e9fono d\u00f3nde comunicarse tanto con el conductor como con la gerencia de FENATRANO y\/o  los operadores ante cualquier eventualidad que se presente.<\/span><\/p>\n<p><span class=\"text1noticias\"> <\/span><\/p>\n<p><span class=\"text1noticias\">Se\u00f1al\u00f3 que con este proyecto se contribuir\u00e1 a la Seguridad Ciudadana y el mismo se aplicar\u00e1 de manera gradual en todas las rutas que est\u00e1n afiliadas a nuestra federaci\u00f3n. <\/span><\/p>\n<p><span class=\"text1noticias\"> <\/span><\/p>\n<p><span class=\"text1noticias\">\u00abEstamos comprometidos con mejorar el servicio en el sector transporte para el bien de nuestros usuarios, por lo que hemos declarado el 2016 como el a\u00f1o del Transporte dominicano\u00bb; asegur\u00f3 Juan Hubieres.<\/span><\/p>\n<p><span class=\"text1noticias\"> <\/span><\/p>\n<p><span class=\"text1noticias\">Hubieres explic\u00f3 que tambi\u00e9n en la avenida 27 de febrero circulan 127 autobuses de los cuales 78 han sido cambiados y 30 son nuevos a cero kil\u00f3metros. <\/span><\/p>\n<p><span class=\"text1noticias\">Los mismos cuentan con aire acondicionado, servicio wifi gratis, m\u00fasica en DVD y buenos asientos, lo cual nos permite brindar confort a nuestros usuarios.<\/span><\/p>\n<p><span class=\"text1noticias\"> <\/span><\/p>\n<p><span class=\"text1noticias\">Durante un acto que fue realizado en un hotel de \u00e9sta Capital, Hubieres propuso al Gobierno que en lugar de aportar dinero del pueblo para el transporte, lo que esperamos y solicitamos del presidente Danilo Medina es que nos otorguen las mismas condiciones y apoyo que reciben  sectores de las grandes empresas, de manera espec\u00edfica con la aplicaci\u00f3n de un impuesto \u00fanico para importar los veh\u00edculos que requerimos para cambiar la flota de transporte.<\/span><\/p>\n<p><span class=\"text1noticias\"> <\/span><\/p>\n<p><span class=\"text1noticias\">Adem\u00e1s que los veh\u00edculos viejos sirvan como inicial para los nuevos que ser\u00e1n pagados por los operadores del transporte.<\/span><\/p>\n<p><span class=\"text1noticias\"> <\/span><\/p>\n<p><span class=\"text1noticias\">Las asociaciones y empresas presentes en el acto  hicieron un llamado a establecer un pacto de sostenibilidad con todos los actores del sector transporte de pasajeros y de carga con la finalidad de garantizar los derechos adquiridos, y la protecci\u00f3n de las inversiones realizadas por miles de transportistas del pa\u00eds; quienes han invertido m\u00e1s de 20 mil millones de pesos con la finalidad de brindar un servicio  de calidad y econ\u00f3micamente asequible para los usuarios, esto  sin ning\u00fan respaldo del gobierno.<\/span><\/p>\n<p><span class=\"text1noticias\"> <\/span><\/p>\n<p><span class=\"text1noticias\">El tambi\u00e9n sindicalista dijo que s\u00f3lo la ruta 27 de Febrero ha generado m\u00e1s de 15 mil empleos por lo cual  no queremos ni buscamos empleos del gobierno, pagamos miles de millones de pesos en impuestos al gobierno cada a\u00f1o en combustibles, lubricantes, veh\u00edculos, peajes, rodamiento, alimentos, electricidad y todo lo que implica sostener la inversi\u00f3n y las familias que de esto viven y se desarrollan.<\/span><\/p>\n<p><span class=\"text1noticias\"> <\/span><\/p>\n<p><span class=\"text1noticias\">\u00abPor \u00faltimo exigimos al Gobierno que asuma su funci\u00f3n de crear y fomentar pol\u00edticas p\u00fablicas  para todos como lo establece  la Constituci\u00f3n de la Rep\u00fablica en su art\u00edculo 222-  sobre Promoci\u00f3n de iniciativas econ\u00f3micas populares\u00bb; declar\u00f3 Hubieres.<\/span><\/p>\n<p><span class=\"text1noticias\"> <\/span><\/p>\n<p><span class=\"text1noticias\">En otro orden indico,  \u00aba\u00fan estamos esperando respuesta  de las autoridades sobre la investigaci\u00f3n y los culpables de los 13 autobuses que manos criminales quemaron en la ruta San Lu\u00eds\u00bb.<\/span><\/p>\n<p><span class=\"text1noticias\"> <\/span><\/p>\n<p><span class=\"text1noticias\">Nuestro deber es aportar nuestro granito de arena para mejorar y reorganizar  el transporte en el pa\u00eds, el suyo como Gobierno es crear las condiciones y el clima para que esto suceda. <\/span><\/p>\n<p><span class=\"text1noticias\"> <\/span><\/p>\n<p><span class=\"text1noticias\">\u00abNo podemos invertir millones de pesos en cambio de veh\u00edculos y al otro d\u00eda amanecer con que manos delincuenciales nos quemaron o destruyeron la inversi\u00f3n que decenas de familias hizo con sacrificio y que a dos meses no tengamos de las autoridades una respuesta, as\u00ed no puede ser Presidente\u00bb; advirti\u00f3 Hubieres.<\/span><\/p>\n<p><span class=\"text1noticias\"> <\/span><\/p>\n<p><span class=\"text1noticias\">Del proyecto tambi\u00e9n forman parte la asociaci\u00f3n de propietarios de veh\u00edculos p\u00fablicos de la 27 de Febrero, representada por Juan Hubieres y los secretarios generales de esas empresas asociativas Lionsito Jos\u00e9 y<\/span> Pedro G\u00f3mez <\/p>\n<\/p>\n<h6> 2016-08-08 10:01:08 <\/h6>\n<p><!--\n<link rel=\"stylesheet\" href=\"css\/bootstrap.min.css\">\n\n\n<ul class=\"pagination\">\n\t    \n\t\n\n<li >\n\t<a href='?page_no=12278'>Previous<\/a>\n\t<\/li>\n\n\n       \n    \n\n<li><a href='?page_no=1'>1<\/a><\/li>\n\n\n\n<li><a href='?page_no=2'>2<\/a><\/li>\n\n\n\n<li><a>...<\/a><\/li>\n\n\n\n<li><a href='?page_no=12277'>12277<\/a><\/li>\n\n\n\n<li><a href='?page_no=12278'>12278<\/a><\/li>\n\n\n\n<li class='active'><a>12279<\/a><\/li>\n\n\n\n<li><a href='?page_no=12280'>12280<\/a><\/li>\n\n\n\n<li><a href='?page_no=12281'>12281<\/a><\/li>\n\n\n\n<li><a>...<\/a><\/li>\n\n\n\n<li><a href='?page_no=56169'>56169<\/a><\/li>\n\n\n\n<li><a href='?page_no=56170'>56170<\/a><\/li>\n\n    \n\t\n\n<li >\n\t<a href='?page_no=12280'>Next<\/a>\n\t<\/li>\n\n\n    \n\n<li><a href='?page_no=56170'>Last &rsaquo;&rsaquo;<\/a><\/li>\n\n<\/ul>\n\n\n--><br \/>\n<\/body><\/p>\n","protected":false},"excerpt":{"rendered":"<p>Santo Domingo, R. D., 8 de agosto.- La Federaci\u00f3n Nacional de Transporte La Nueva Opci\u00f3n (FENATRANO), las empresas asociativas y sindicales de transporte SITRAUR (Sindicato de transporte Urbano) presentaron \u00e9ste lunes el Nuevo Modelo de Autogesti\u00f3n del Transporte, el cual contempla una serie de medidas para el mejoramiento del servicio p\u00fablico del transporte en el [&hellip;]<\/p>\n","protected":false},"author":3,"featured_media":0,"comment_status":"open","ping_status":"open","sticky":false,"template":"","format":"standard","meta":{"footnotes":""},"categories":[20],"tags":[],"class_list":["post-217792","post","type-post","status-publish","format-standard","hentry","category-dominicana-hoy"],"_links":{"self":[{"href":"https:\/\/diariodominicano.com\/index.php?rest_route=\/wp\/v2\/posts\/217792","targetHints":{"allow":["GET"]}}],"collection":[{"href":"https:\/\/diariodominicano.com\/index.php?rest_route=\/wp\/v2\/posts"}],"about":[{"href":"https:\/\/diariodominicano.com\/index.php?rest_route=\/wp\/v2\/types\/post"}],"author":[{"embeddable":true,"href":"https:\/\/diariodominicano.com\/index.php?rest_route=\/wp\/v2\/users\/3"}],"replies":[{"embeddable":true,"href":"https:\/\/diariodominicano.com\/index.php?rest_route=%2Fwp%2Fv2%2Fcomments&post=217792"}],"version-history":[{"count":0,"href":"https:\/\/diariodominicano.com\/index.php?rest_route=\/wp\/v2\/posts\/217792\/revisions"}],"wp:attachment":[{"href":"https:\/\/diariodominicano.com\/index.php?rest_route=%2Fwp%2Fv2%2Fmedia&parent=217792"}],"wp:term":[{"taxonomy":"category","embeddable":true,"href":"https:\/\/diariodominicano.com\/index.php?rest_route=%2Fwp%2Fv2%2Fcategories&post=217792"},{"taxonomy":"post_tag","embeddable":true,"href":"https:\/\/diariodominicano.com\/index.php?rest_route=%2Fwp%2Fv2%2Ftags&post=217792"}],"curies":[{"name":"wp","href":"https:\/\/api.w.org\/{rel}","templated":true}]}}