{"id":217791,"date":"2016-08-08T11:12:22","date_gmt":"2016-08-08T11:12:22","guid":{"rendered":"http:\/\/diariodominicano.ddns.net\/?p=217791"},"modified":"2016-08-08T11:12:22","modified_gmt":"2016-08-08T11:12:22","slug":"embajada-de-suiza-celebra-fiesta-nacional","status":"publish","type":"post","link":"https:\/\/diariodominicano.com\/?p=217791","title":{"rendered":"Embajada de Suiza celebra Fiesta Nacional"},"content":{"rendered":"<p><body><\/p>\n<p><img decoding=\"async\" src=\"img3\/suiza 8-8.jpg\" \/>  <\/p>\n<p><span class=\"text1noticias\">Santo Domingo, R. D., 8 de agosto.- Con la presencia del Ministro de Relaciones Exteriores de la Rep\u00fablica Dominicana, Andr\u00e9s Navarro Garc\u00eda, altos funcionarios gubernamentales,  personalidades del mundo diplom\u00e1tico, cultural y social, la embajada de Suiza en el pa\u00eds ofreci\u00f3 una recepci\u00f3n para conmemorar los  725 a\u00f1os de la fundaci\u00f3n de la Confederaci\u00f3n Helv\u00e9tica, en el Sal\u00f3n Piantini del hotel JW Marriot de esta ciudad.<\/span><\/p>\n<p><span class=\"text1noticias\"> <\/span><\/p>\n<p><span class=\"text1noticias\"> La embajadora Line Marie Leon-Pernet acogi\u00f3 a sus invitados en compa\u00f1\u00eda de los funcionarios de la legaci\u00f3n diplom\u00e1tica y de su esposo Sr. Jos\u00e9 Le\u00f3n La Noire.<\/span><\/p>\n<p><span class=\"text1noticias\"> <\/span><\/p>\n<p><span class=\"text1noticias\">En sus palabras, la Embajadora de Suiza en Rep\u00fablica Dominicana, destac\u00f3 la importancia del festejo, ya que se celebran 80 a\u00f1os de armoniosas relaciones bilaterales oficiales entre la Rep\u00fablica Dominicana y Suiza, enfatizando que las mismas datan del siglo 19, cuando las primeras familias suizas emigraron a este pa\u00eds para participar en diversas actividades econ\u00f3micas. <\/span><\/p>\n<p><span class=\"text1noticias\"> <\/span><\/p>\n<p><span class=\"text1noticias\">\u00abA lo largo de estos dos siglos se ha ido incrementando la comunidad suiza radicada en este bello pa\u00eds del Caribe, contando en la actualidad con m\u00e1s de 2000 suizos registrados en la Embajada, en su mayor\u00eda jubilados que han elegido la Rep\u00fablica Dominicana como su segundo hogar, a esto se a\u00f1aden los m\u00e1s de 24,000 turistas suizos que visitan el pa\u00eds cada a\u00f1o\u00bb.<\/span><\/p>\n<p><span class=\"text1noticias\"> <\/span><\/p>\n<p><span class=\"text1noticias\">Le\u00f3n Pernet aprovech\u00f3 el momento para rendir homenaje a ciertas familias y empresas suizas, entre otras, que han dejado sus huellas en los distintos aspectos del quehacer humano y econ\u00f3mico dominicano, como son las familias Schad, Bucher, Ar\u00f3stegui y las empresas Nestl\u00e9 y Davidoff.<\/span><\/p>\n<p><span class=\"text1noticias\"> <\/span><\/p>\n<p><span class=\"text1noticias\">Resalt\u00f3 los dos pilares de esta relaci\u00f3n bilateral a lo largo de estos 80 a\u00f1os, que  han sido el respeto y el apoyo mutuo a las iniciativas relacionadas con el derecho internacional humanitario.<\/span><\/p>\n<\/p>\n<p><span class=\"text1noticias\"> Asimismo  dijo que las  relaciones bilaterales entre la Rep\u00fablica Dominicana y Suiza,  se fortalecieron a\u00fan m\u00e1s durante la Segunda Guerra Mundial, cuando Suiza represent\u00f3 los intereses diplom\u00e1ticos dominicanos en varios pa\u00edses europeos como Alemania, Francia, Italia y otros. <\/span><\/p>\n<\/p>\n<p><span class=\"text1noticias\">A\u00f1os despu\u00e9s, gracias a las importantes inversiones dominicanas en los sectores de la construcci\u00f3n y del turismo se cre\u00f3 un clima favorable para atraer las inversiones y favorecer las exportaciones suizas. <\/span><\/p>\n<p><span class=\"text1noticias\"> <\/span><\/p>\n<p><span class=\"text1noticias\">La Embajadora de Suiza enfatiz\u00f3 en el crecimiento de la industria tur\u00edstica y el auge comercial entre los dos pa\u00edses,  destacando que no obstante su pa\u00eds tiene una poblaci\u00f3n y un territorio bastante reducido, es uno de los estados que mayores Premio Nobel ostenta y figura entre los grandes a nivel mundial respecto a la innovaci\u00f3n  y a su rendimiento econ\u00f3mico. <\/span><\/p>\n<p><span class=\"text1noticias\"> <\/span><\/p>\n<p><span class=\"text1noticias\">Dijo sentirse muy complacida del dinamismo con el que la \u00abC\u00e1mara de Comercio y Turismo Dominico-Suiza\u00bb presidida por el Sr. Gaetan Bucher, promociona en el pa\u00eds  -entre otros sectores- el desarrollo de tecnolog\u00edas verdes. <\/span><\/p>\n<\/p>\n<p><span class=\"text1noticias\">Con sus 16 a\u00f1os de existencia esta Instituci\u00f3n ha demostrado adem\u00e1s una firme voluntad para incrementar los intercambios comerciales y las inversiones suizas en Rep\u00fablica Dominicana.  <\/span><\/p>\n<p><span class=\"text1noticias\"> <\/span><\/p>\n<p><span class=\"text1noticias\">Resalt\u00f3 la puesta en circulaci\u00f3n de un sello postal conmemorativo que ser\u00e1 presentado en RD y en Suiza, como una las actividades previstas para para celebrar de los 80 a\u00f1os de relaciones bilaterales, gracias al apoyo del director del Inposdom, Sr. Modesto Guzm\u00e1n. <\/span><\/p>\n<\/p>\n<p><span class=\"text1noticias\">\u00abEstoy segura que las relaciones bilaterales de nuestros dos pa\u00edses continuar\u00e1n desarroll\u00e1ndose activamente para fortalecer a\u00fan m\u00e1s los lazos humanos, econ\u00f3micos, culturales y pol\u00edticos\u00bb, expres\u00f3 la embajadora.<\/span><\/p>\n<\/p>\n<p><span class=\"text1noticias\">Finaliz\u00f3 sus palabras, agradeciendo  a las autoridades del pa\u00eds, a las instituciones, personas y conciudadanos que le han colaborado en los proyectos trazados a lo largo de estos cuatro a\u00f1os de trabajo en este bello pa\u00eds, as\u00ed como su  profundo agradecimiento  a cada uno de los funcionarios de la Embajada de Suiza por su valiosa dedicac<\/span>i\u00f3n.  <\/p>\n<\/p>\n<h6> 2016-08-08 11:12:22 <\/h6>\n<p><!--\n<link rel=\"stylesheet\" href=\"css\/bootstrap.min.css\">\n\n\n<ul class=\"pagination\">\n\t    \n\t\n\n<li >\n\t<a href='?page_no=12277'>Previous<\/a>\n\t<\/li>\n\n\n       \n    \n\n<li><a href='?page_no=1'>1<\/a><\/li>\n\n\n\n<li><a href='?page_no=2'>2<\/a><\/li>\n\n\n\n<li><a>...<\/a><\/li>\n\n\n\n<li><a href='?page_no=12276'>12276<\/a><\/li>\n\n\n\n<li><a href='?page_no=12277'>12277<\/a><\/li>\n\n\n\n<li class='active'><a>12278<\/a><\/li>\n\n\n\n<li><a href='?page_no=12279'>12279<\/a><\/li>\n\n\n\n<li><a href='?page_no=12280'>12280<\/a><\/li>\n\n\n\n<li><a>...<\/a><\/li>\n\n\n\n<li><a href='?page_no=56169'>56169<\/a><\/li>\n\n\n\n<li><a href='?page_no=56170'>56170<\/a><\/li>\n\n    \n\t\n\n<li >\n\t<a href='?page_no=12279'>Next<\/a>\n\t<\/li>\n\n\n    \n\n<li><a href='?page_no=56170'>Last &rsaquo;&rsaquo;<\/a><\/li>\n\n<\/ul>\n\n\n--><br \/>\n<\/body><\/p>\n","protected":false},"excerpt":{"rendered":"<p>Santo Domingo, R. D., 8 de agosto.- Con la presencia del Ministro de Relaciones Exteriores de la Rep\u00fablica Dominicana, Andr\u00e9s Navarro Garc\u00eda, altos funcionarios gubernamentales, personalidades del mundo diplom\u00e1tico, cultural y social, la embajada de Suiza en el pa\u00eds ofreci\u00f3 una recepci\u00f3n para conmemorar los 725 a\u00f1os de la fundaci\u00f3n de la Confederaci\u00f3n Helv\u00e9tica, en [&hellip;]<\/p>\n","protected":false},"author":3,"featured_media":0,"comment_status":"open","ping_status":"open","sticky":false,"template":"","format":"standard","meta":{"footnotes":""},"categories":[20],"tags":[],"class_list":["post-217791","post","type-post","status-publish","format-standard","hentry","category-dominicana-hoy"],"_links":{"self":[{"href":"https:\/\/diariodominicano.com\/index.php?rest_route=\/wp\/v2\/posts\/217791","targetHints":{"allow":["GET"]}}],"collection":[{"href":"https:\/\/diariodominicano.com\/index.php?rest_route=\/wp\/v2\/posts"}],"about":[{"href":"https:\/\/diariodominicano.com\/index.php?rest_route=\/wp\/v2\/types\/post"}],"author":[{"embeddable":true,"href":"https:\/\/diariodominicano.com\/index.php?rest_route=\/wp\/v2\/users\/3"}],"replies":[{"embeddable":true,"href":"https:\/\/diariodominicano.com\/index.php?rest_route=%2Fwp%2Fv2%2Fcomments&post=217791"}],"version-history":[{"count":0,"href":"https:\/\/diariodominicano.com\/index.php?rest_route=\/wp\/v2\/posts\/217791\/revisions"}],"wp:attachment":[{"href":"https:\/\/diariodominicano.com\/index.php?rest_route=%2Fwp%2Fv2%2Fmedia&parent=217791"}],"wp:term":[{"taxonomy":"category","embeddable":true,"href":"https:\/\/diariodominicano.com\/index.php?rest_route=%2Fwp%2Fv2%2Fcategories&post=217791"},{"taxonomy":"post_tag","embeddable":true,"href":"https:\/\/diariodominicano.com\/index.php?rest_route=%2Fwp%2Fv2%2Ftags&post=217791"}],"curies":[{"name":"wp","href":"https:\/\/api.w.org\/{rel}","templated":true}]}}