{"id":217790,"date":"2016-08-08T11:39:48","date_gmt":"2016-08-08T11:39:48","guid":{"rendered":"http:\/\/diariodominicano.ddns.net\/?p=217790"},"modified":"2016-08-08T11:39:48","modified_gmt":"2016-08-08T11:39:48","slug":"hospital-reyando-almanzar-cierra-semana-de-la-lactancia-materna","status":"publish","type":"post","link":"https:\/\/diariodominicano.com\/?p=217790","title":{"rendered":"Hospital Reyando Alm\u00e1nzar cierra Semana de la Lactancia Materna"},"content":{"rendered":"<p><body><\/p>\n<p><img decoding=\"async\" src=\"img3\/hospitlalmanzar8-8.jpg\" \/>  <\/p>\n<p><span class=\"text1noticias\">Santo Domingo Norte, R. D., 8 de agosto.- Con diversos actos el Hospital Materno Dr. Reynaldo Alm\u00e1nzar (HMRA), cerr\u00f3 la \u00abSemana de la Lactancia Materna\u00bb, con el objetivo de incentivar a las usuarias sobre esa pr\u00e1ctica. <\/span><\/p>\n<\/p>\n<p><span class=\"text1noticias\">La doctora Gricely Poso, sub directora Medico de la maternidad, afirm\u00f3 que la lactancia materna salva vidas, por lo que desde el hospital se trabaja arduamente para promover lo que debe ser un h\u00e1bito natural y de amor.<\/span><\/p>\n<\/p>\n<p><span class=\"text1noticias\">\u00abLactancia Materna es fundamental para el logro de los objetivos del desarrollo sostenible y en esta semana hemos dedicado todo nuestro esfuerzo para mejorar las pol\u00edticas y los programas que garanticen su logro\u00bb, manifest\u00f3 Poso.<\/span><\/p>\n<\/p>\n<p><span class=\"text1noticias\">La especialista dijo que la jornada coincide con la celebraci\u00f3n de la \u00abSemana Mundial de la Lactancia Materna\u00bb, en la primera semana de agosto, para orientar y estimular a las madres a amamantar a sus hijos en los primeros seis meses de su nacimiento.<\/span><\/p>\n<\/p>\n<p><span class=\"text1noticias\">En la actividad estuvieron presentes \u00c1ngel Moquete y Darlin Del Orbe, del Servicio Nacional de Salud y la doctora Morena Guzm\u00e1n del \u00c1rea III de Salud, as\u00ed como los miembros del Comit\u00e9 de Lactancia Materna y estudiantes de las universidades Iberoamericana (UNIBE) y el Instituto Tecnol\u00f3gico (INTEC).<\/span><\/p>\n<\/p>\n<p><span class=\"text1noticias\">En otras de las actividades desarrolladas durante la Semana de la Lactancia Materna se efectuaron charlas, conferencias, se repartieron regalos y brindes a las usuarias por parte damas del Club Rotario Dominicano Bella Vista, encabezada por Virginia Vel\u00e1zquez, Yennifer Dom\u00ednguez y Arony Guzm\u00e1n.<\/span><\/p>\n<\/p>\n<p><span class=\"text1noticias\">Asimismo, Omar de la Rosa, Coordinaci\u00f3n Acad\u00e9mica del HMRA, asegur\u00f3 que la lactancia materna est\u00e1 relacionada con una mejora en la salud de los ni\u00f1os a corto y largo plazo, disminuye el riesgo de muerte para \u00e9l bebe y la madre.<\/span><\/p>\n<\/p>\n<p><span class=\"text1noticias\">A\u00f1adi\u00f3 que el Hospital Materno Dr. Reynaldo Alm\u00e1nzar est\u00e1 inmerso en un programa denominado \u00abHospital Amigo del Bebe\u00bb, que promueve la Lactancia Materna, cumpliendo con un protocolo de 17 pasos establecidos por el Fondo de las Naciones Unidas (UNICEF) y el Ministerio de Salud P\u00fablica<\/span>.<\/p>\n<h6> 2016-08-08 11:39:48 <\/h6>\n<p><!--\n<link rel=\"stylesheet\" href=\"css\/bootstrap.min.css\">\n\n\n<ul class=\"pagination\">\n\t    \n\t\n\n<li >\n\t<a href='?page_no=12276'>Previous<\/a>\n\t<\/li>\n\n\n       \n    \n\n<li><a href='?page_no=1'>1<\/a><\/li>\n\n\n\n<li><a href='?page_no=2'>2<\/a><\/li>\n\n\n\n<li><a>...<\/a><\/li>\n\n\n\n<li><a href='?page_no=12275'>12275<\/a><\/li>\n\n\n\n<li><a href='?page_no=12276'>12276<\/a><\/li>\n\n\n\n<li class='active'><a>12277<\/a><\/li>\n\n\n\n<li><a href='?page_no=12278'>12278<\/a><\/li>\n\n\n\n<li><a href='?page_no=12279'>12279<\/a><\/li>\n\n\n\n<li><a>...<\/a><\/li>\n\n\n\n<li><a href='?page_no=56169'>56169<\/a><\/li>\n\n\n\n<li><a href='?page_no=56170'>56170<\/a><\/li>\n\n    \n\t\n\n<li >\n\t<a href='?page_no=12278'>Next<\/a>\n\t<\/li>\n\n\n    \n\n<li><a href='?page_no=56170'>Last &rsaquo;&rsaquo;<\/a><\/li>\n\n<\/ul>\n\n\n--><br \/>\n<\/body><\/p>\n","protected":false},"excerpt":{"rendered":"<p>Santo Domingo Norte, R. D., 8 de agosto.- Con diversos actos el Hospital Materno Dr. Reynaldo Alm\u00e1nzar (HMRA), cerr\u00f3 la \u00abSemana de la Lactancia Materna\u00bb, con el objetivo de incentivar a las usuarias sobre esa pr\u00e1ctica. La doctora Gricely Poso, sub directora Medico de la maternidad, afirm\u00f3 que la lactancia materna salva vidas, por lo [&hellip;]<\/p>\n","protected":false},"author":3,"featured_media":0,"comment_status":"open","ping_status":"open","sticky":false,"template":"","format":"standard","meta":{"footnotes":""},"categories":[20],"tags":[],"class_list":["post-217790","post","type-post","status-publish","format-standard","hentry","category-dominicana-hoy"],"_links":{"self":[{"href":"https:\/\/diariodominicano.com\/index.php?rest_route=\/wp\/v2\/posts\/217790","targetHints":{"allow":["GET"]}}],"collection":[{"href":"https:\/\/diariodominicano.com\/index.php?rest_route=\/wp\/v2\/posts"}],"about":[{"href":"https:\/\/diariodominicano.com\/index.php?rest_route=\/wp\/v2\/types\/post"}],"author":[{"embeddable":true,"href":"https:\/\/diariodominicano.com\/index.php?rest_route=\/wp\/v2\/users\/3"}],"replies":[{"embeddable":true,"href":"https:\/\/diariodominicano.com\/index.php?rest_route=%2Fwp%2Fv2%2Fcomments&post=217790"}],"version-history":[{"count":0,"href":"https:\/\/diariodominicano.com\/index.php?rest_route=\/wp\/v2\/posts\/217790\/revisions"}],"wp:attachment":[{"href":"https:\/\/diariodominicano.com\/index.php?rest_route=%2Fwp%2Fv2%2Fmedia&parent=217790"}],"wp:term":[{"taxonomy":"category","embeddable":true,"href":"https:\/\/diariodominicano.com\/index.php?rest_route=%2Fwp%2Fv2%2Fcategories&post=217790"},{"taxonomy":"post_tag","embeddable":true,"href":"https:\/\/diariodominicano.com\/index.php?rest_route=%2Fwp%2Fv2%2Ftags&post=217790"}],"curies":[{"name":"wp","href":"https:\/\/api.w.org\/{rel}","templated":true}]}}