{"id":217789,"date":"2016-08-08T12:15:08","date_gmt":"2016-08-08T12:15:08","guid":{"rendered":"http:\/\/diariodominicano.ddns.net\/?p=217789"},"modified":"2016-08-08T12:15:08","modified_gmt":"2016-08-08T12:15:08","slug":"danilo-medina-recibe-a-primer-ministro-de-antigua-y-barbuda-gaston-browne","status":"publish","type":"post","link":"https:\/\/diariodominicano.com\/?p=217789","title":{"rendered":"Danilo Medina recibe a primer ministro de Antigua y Barbuda, Gaston Browne"},"content":{"rendered":"<p><body><\/p>\n<p><img decoding=\"async\" src=\"img3\/Danilobarbuda8-8.jpg\" \/>  <\/p>\n<p><span class=\"text1noticias\">Santo Domingo, R. D., 8 de agosto.- El presidente Danilo Medina recibi\u00f3 hoy al primer ministro de Antigua y Barbuda, Gaston Browne, con quien intercambi\u00f3 temas de inter\u00e9s com\u00fan para ambas naciones.<\/span><\/p>\n<p><span class=\"text1noticias\"> <\/span><\/p>\n<p><span class=\"text1noticias\">La visita de cortes\u00eda que inici\u00f3 a las diez de la ma\u00f1ana y se extendi\u00f3 por algo m\u00e1s de treinta minutos, se desarroll\u00f3 en un ambiente de cordialidad.<\/span><\/p>\n<p><span class=\"text1noticias\"> <\/span><\/p>\n<p><span class=\"text1noticias\">El primer ministro de Antigua y Barbuda y su acompa\u00f1ante, el c\u00f3nsul honorario de Antigua y Barbuda en la Rep\u00fablica Dominicana, David Ricardo Koenig, fueron introducidos al despacho presidencial por el ministro de Relaciones Exteriores, Andr\u00e9s Navarro.<\/span><\/p>\n<h6> 2016-08-08 12:15:08 <\/h6>\n<p><!--\n<link rel=\"stylesheet\" href=\"css\/bootstrap.min.css\">\n\n\n<ul class=\"pagination\">\n\t    \n\t\n\n<li >\n\t<a href='?page_no=12275'>Previous<\/a>\n\t<\/li>\n\n\n       \n    \n\n<li><a href='?page_no=1'>1<\/a><\/li>\n\n\n\n<li><a href='?page_no=2'>2<\/a><\/li>\n\n\n\n<li><a>...<\/a><\/li>\n\n\n\n<li><a href='?page_no=12274'>12274<\/a><\/li>\n\n\n\n<li><a href='?page_no=12275'>12275<\/a><\/li>\n\n\n\n<li class='active'><a>12276<\/a><\/li>\n\n\n\n<li><a href='?page_no=12277'>12277<\/a><\/li>\n\n\n\n<li><a href='?page_no=12278'>12278<\/a><\/li>\n\n\n\n<li><a>...<\/a><\/li>\n\n\n\n<li><a href='?page_no=56169'>56169<\/a><\/li>\n\n\n\n<li><a href='?page_no=56170'>56170<\/a><\/li>\n\n    \n\t\n\n<li >\n\t<a href='?page_no=12277'>Next<\/a>\n\t<\/li>\n\n\n    \n\n<li><a href='?page_no=56170'>Last &rsaquo;&rsaquo;<\/a><\/li>\n\n<\/ul>\n\n\n--><br \/>\n<\/body><\/p>\n","protected":false},"excerpt":{"rendered":"<p>Santo Domingo, R. D., 8 de agosto.- El presidente Danilo Medina recibi\u00f3 hoy al primer ministro de Antigua y Barbuda, Gaston Browne, con quien intercambi\u00f3 temas de inter\u00e9s com\u00fan para ambas naciones. La visita de cortes\u00eda que inici\u00f3 a las diez de la ma\u00f1ana y se extendi\u00f3 por algo m\u00e1s de treinta minutos, se desarroll\u00f3 [&hellip;]<\/p>\n","protected":false},"author":3,"featured_media":0,"comment_status":"open","ping_status":"open","sticky":false,"template":"","format":"standard","meta":{"footnotes":""},"categories":[20],"tags":[],"class_list":["post-217789","post","type-post","status-publish","format-standard","hentry","category-dominicana-hoy"],"_links":{"self":[{"href":"https:\/\/diariodominicano.com\/index.php?rest_route=\/wp\/v2\/posts\/217789","targetHints":{"allow":["GET"]}}],"collection":[{"href":"https:\/\/diariodominicano.com\/index.php?rest_route=\/wp\/v2\/posts"}],"about":[{"href":"https:\/\/diariodominicano.com\/index.php?rest_route=\/wp\/v2\/types\/post"}],"author":[{"embeddable":true,"href":"https:\/\/diariodominicano.com\/index.php?rest_route=\/wp\/v2\/users\/3"}],"replies":[{"embeddable":true,"href":"https:\/\/diariodominicano.com\/index.php?rest_route=%2Fwp%2Fv2%2Fcomments&post=217789"}],"version-history":[{"count":0,"href":"https:\/\/diariodominicano.com\/index.php?rest_route=\/wp\/v2\/posts\/217789\/revisions"}],"wp:attachment":[{"href":"https:\/\/diariodominicano.com\/index.php?rest_route=%2Fwp%2Fv2%2Fmedia&parent=217789"}],"wp:term":[{"taxonomy":"category","embeddable":true,"href":"https:\/\/diariodominicano.com\/index.php?rest_route=%2Fwp%2Fv2%2Fcategories&post=217789"},{"taxonomy":"post_tag","embeddable":true,"href":"https:\/\/diariodominicano.com\/index.php?rest_route=%2Fwp%2Fv2%2Ftags&post=217789"}],"curies":[{"name":"wp","href":"https:\/\/api.w.org\/{rel}","templated":true}]}}