{"id":217788,"date":"2016-08-08T15:29:22","date_gmt":"2016-08-08T15:29:22","guid":{"rendered":"http:\/\/diariodominicano.ddns.net\/?p=217788"},"modified":"2016-08-08T15:29:22","modified_gmt":"2016-08-08T15:29:22","slug":"policia-precinto-34-realiza-encuentro-de-unidad-comunidad-alto-manhattan","status":"publish","type":"post","link":"https:\/\/diariodominicano.com\/?p=217788","title":{"rendered":"&#13;&#13;Polic\u00eda precinto 34 realiza encuentro de unidad comunidad alto Manhattan&#13;"},"content":{"rendered":"<p><body><\/p>\n<p><img decoding=\"async\" src=\"img3\/Policianuevayork.jpg\" \/>  <\/p>\n<p><span class=\"text1noticias\">Por Ram\u00f3n Mercedes<\/span><\/p>\n<p><span class=\"text1noticias\"> <\/span><\/p>\n<p><span class=\"text1noticias\">Nueva York, 08 de agosto.- La polic\u00eda del precinto 34 realiz\u00f3 el pasado fin de semana un masivo encuentro comunitario con m\u00e1s de un centenar de residentes del alto Manhattan, e igual cantidad de ni\u00f1os.<\/span><\/p>\n<p><span class=\"text1noticias\"> <\/span><\/p>\n<p><span class=\"text1noticias\">Durante la actividad efectuada en Broadway con la avenida Riverside el pasado viernes, desde las 3:00 hasta las 7:00 de la noche, los residentes asistieron masivamente al evento, al igual que decenas de ni\u00f1os a los cuales les obsequiaron decenas de bicicletas y otros juegos, mientras que los adultos disfrutaron de premios, comida y m\u00fasica.<\/span><\/p>\n<p><span class=\"text1noticias\"> <\/span><\/p>\n<p><span class=\"text1noticias\">El acto, llamado una \u00abNoche Nacional Contra el Crimen\u00bb (National Night Out Against Crime), se realiza con el objetivo de promover la unidad de la polic\u00eda con la comunidad, aumentar la conciencia de prevenci\u00f3n del delito, conocer a sus vecinos, y enviar un mensaje sobre la unidad de vecindad y la seguridad.<\/span><\/p>\n<p><span class=\"text1noticias\"> <\/span><\/p>\n<p><span class=\"text1noticias\">Una fuente del precinto inform\u00f3 que lograron un mont\u00f3n de nuevos amigos, y la mayor diversi\u00f3n fue con los menores a quienes les pintaban la cara, tambi\u00e9n les entregaron castillos hinchables, algod\u00f3n de az\u00facar, y bolsas de libros, entre otras cosas.<\/span><\/p>\n<p><span class=\"text1noticias\"> <\/span><\/p>\n<p><span class=\"text1noticias\">El capit\u00e1n de dicho cuartel, Raymundo Mundo, nacido en esta ciudad y cuyos padres proceden de Rep\u00fablica Dominicana y Puerto Rico, agradeci\u00f3 a los patrocinadores para poder hacer este evento de manera exitosa. Mundo comenz\u00f3 su carrera como oficial de polic\u00eda en este mismo precinto en la d\u00e9cada de 1990. Fue ascendido al actual rango en 2013.<\/span><\/p>\n<p><span class=\"text1noticias\"> <\/span><\/p>\n<p><span class=\"text1noticias\">Este cuartel fue el primero de todos los existentes en La Gran Manzana que inici\u00f3, hace algunos a\u00f1os, el \u00abPlan Vigilancia y Barrio Seguro\u00bb como forma de propiciar acercamientos con los residentes del sector, compartiendo actividades de manera conjunta con la comunidad, instruyendo y aconsejando los ni\u00f1os en el play, parque o la calle.<\/span><\/p>\n<p><span class=\"text1noticias\"> <\/span><\/p>\n<p><span class=\"text1noticias\">Asimismo realizando mensualmente un concilio para que los residentes planteen los problemas que les aquejan para posibles soluciones, reconociendo sus ciudadanos ejemplares, teniendo contacto con clubes y asociaciones, en fin, mantener  un contacto amplio y permanente con los l\u00edderes comunitarios, todo esto sin dejar de realizar los arrestos necesarios contra los violadores de la ley\u00bb para controlar el crimen. <\/span> <\/p>\n<h6> 2016-08-08 15:29:22 <\/h6>\n<p><!--\n<link rel=\"stylesheet\" href=\"css\/bootstrap.min.css\">\n\n\n<ul class=\"pagination\">\n\t    \n\t\n\n<li >\n\t<a href='?page_no=12274'>Previous<\/a>\n\t<\/li>\n\n\n       \n    \n\n<li><a href='?page_no=1'>1<\/a><\/li>\n\n\n\n<li><a href='?page_no=2'>2<\/a><\/li>\n\n\n\n<li><a>...<\/a><\/li>\n\n\n\n<li><a href='?page_no=12273'>12273<\/a><\/li>\n\n\n\n<li><a href='?page_no=12274'>12274<\/a><\/li>\n\n\n\n<li class='active'><a>12275<\/a><\/li>\n\n\n\n<li><a href='?page_no=12276'>12276<\/a><\/li>\n\n\n\n<li><a href='?page_no=12277'>12277<\/a><\/li>\n\n\n\n<li><a>...<\/a><\/li>\n\n\n\n<li><a href='?page_no=56169'>56169<\/a><\/li>\n\n\n\n<li><a href='?page_no=56170'>56170<\/a><\/li>\n\n    \n\t\n\n<li >\n\t<a href='?page_no=12276'>Next<\/a>\n\t<\/li>\n\n\n    \n\n<li><a href='?page_no=56170'>Last &rsaquo;&rsaquo;<\/a><\/li>\n\n<\/ul>\n\n\n--><br \/>\n<\/body><\/p>\n","protected":false},"excerpt":{"rendered":"<p>Por Ram\u00f3n Mercedes Nueva York, 08 de agosto.- La polic\u00eda del precinto 34 realiz\u00f3 el pasado fin de semana un masivo encuentro comunitario con m\u00e1s de un centenar de residentes del alto Manhattan, e igual cantidad de ni\u00f1os. Durante la actividad efectuada en Broadway con la avenida Riverside el pasado viernes, desde las 3:00 hasta [&hellip;]<\/p>\n","protected":false},"author":3,"featured_media":0,"comment_status":"open","ping_status":"open","sticky":false,"template":"","format":"standard","meta":{"footnotes":""},"categories":[20],"tags":[],"class_list":["post-217788","post","type-post","status-publish","format-standard","hentry","category-dominicana-hoy"],"_links":{"self":[{"href":"https:\/\/diariodominicano.com\/index.php?rest_route=\/wp\/v2\/posts\/217788","targetHints":{"allow":["GET"]}}],"collection":[{"href":"https:\/\/diariodominicano.com\/index.php?rest_route=\/wp\/v2\/posts"}],"about":[{"href":"https:\/\/diariodominicano.com\/index.php?rest_route=\/wp\/v2\/types\/post"}],"author":[{"embeddable":true,"href":"https:\/\/diariodominicano.com\/index.php?rest_route=\/wp\/v2\/users\/3"}],"replies":[{"embeddable":true,"href":"https:\/\/diariodominicano.com\/index.php?rest_route=%2Fwp%2Fv2%2Fcomments&post=217788"}],"version-history":[{"count":0,"href":"https:\/\/diariodominicano.com\/index.php?rest_route=\/wp\/v2\/posts\/217788\/revisions"}],"wp:attachment":[{"href":"https:\/\/diariodominicano.com\/index.php?rest_route=%2Fwp%2Fv2%2Fmedia&parent=217788"}],"wp:term":[{"taxonomy":"category","embeddable":true,"href":"https:\/\/diariodominicano.com\/index.php?rest_route=%2Fwp%2Fv2%2Fcategories&post=217788"},{"taxonomy":"post_tag","embeddable":true,"href":"https:\/\/diariodominicano.com\/index.php?rest_route=%2Fwp%2Fv2%2Ftags&post=217788"}],"curies":[{"name":"wp","href":"https:\/\/api.w.org\/{rel}","templated":true}]}}