{"id":217787,"date":"2016-08-08T15:37:10","date_gmt":"2016-08-08T15:37:10","guid":{"rendered":"http:\/\/diariodominicano.ddns.net\/?p=217787"},"modified":"2016-08-08T15:37:10","modified_gmt":"2016-08-08T15:37:10","slug":"crece-clamor-entre-lideres-criollos-ny-desfile-dominicano-sea-dedicado-a-espaillat","status":"publish","type":"post","link":"https:\/\/diariodominicano.com\/?p=217787","title":{"rendered":"&#13;&#13;Crece clamor entre l\u00edderes criollos NY Desfile Dominicano sea dedicado a Espaillat"},"content":{"rendered":"<p><body><\/p>\n<p><img decoding=\"async\" src=\"img3\/lideres.jpg\" \/>  <\/p>\n<\/p>\n<p><span class=\"text1noticias\"> <\/span><\/p>\n<p><span class=\"text1noticias\">Por Ram\u00f3n Mercedes<\/span><\/p>\n<p><span class=\"text1noticias\"> <\/span><\/p>\n<p><span class=\"text1noticias\">Nueva York, 08 de agosto.- El clamor entre reconocidos l\u00edderes comunitarios y pol\u00edticos dentro de la comunidad criolla en esta ciudad crece cada d\u00eda para que el Desfile Dominicano de Manhattan sea dedicado al reciente electo candidato al Congreso Federal y primer dominicano en ser elegido a dicha posici\u00f3n, Adriano Espaillat.<\/span><\/p>\n<p><span class=\"text1noticias\">  <\/span><\/p>\n<p><span class=\"text1noticias\">Para Francisco Spies, quien aspira a presidir el condado de El Bronx, es una falta de respeto a la comunidad nuestra que dicho desfile no sea dedicado a Espaillat, por ser el primer dominicano electo a tan alta posici\u00f3n en esta gran naci\u00f3n, y por lo menos la directiva debi\u00f3 compartir la dedicaci\u00f3n de este a\u00f1o con \u00e9l.<\/span><\/p>\n<p><span class=\"text1noticias\"> <\/span><\/p>\n<p><span class=\"text1noticias\">Jaime Vargas, empresario, soci\u00f3logo y dirigente pol\u00edtico, considera como la mayor conquista pol\u00edtica en la historia de la inmigraci\u00f3n dominicana en Estados Unidos, y no tiene explicaci\u00f3n que la directiva del desfile est\u00e9 \u00abvacilando\u00bb y tratando de evadir una respuesta, cuando se trata de un pedido del 99% de la comunidad que lo eligi\u00f3.<\/span><\/p>\n<p><span class=\"text1noticias\"> <\/span><\/p>\n<p><span class=\"text1noticias\">\u00abEstoy haci\u00e9ndole un llamado a todos los miembros de la junta directiva del desfile a que recapaciten, si es que no lo han hecho, y si la decisi\u00f3n de dedic\u00e1rselo a otra persona antes de Espaillat ser electo, \u00abla historia cambi\u00f3 y dio un giro diciendo que gan\u00f3 un dominicano bueno y trabajador con d\u00e9cadas de activismo comunitario y pol\u00edtico\u00bb.<\/span><\/p>\n<p><span class=\"text1noticias\">  <\/span><\/p>\n<p><span class=\"text1noticias\">Para el reconocido reportero televisivo Manuel Ruiz el esfuerzo de miles de nuestros compatriotas que  han luchado durante mucho tiempo en apoyarlo para que saliera electo y ahora que lo tenemos como seguro congresista federal en Washington, a partir del primero de enero 2017, el desfile debe ser dedicado a su triunfo que es el triunfo de la comunidad.<\/span><\/p>\n<p><span class=\"text1noticias\"> <\/span><\/p>\n<p><span class=\"text1noticias\">Mientras que Henry Cabrera, ex presidente del Club Deportivo Los Id\u00f3neos, se mostr\u00f3 tambi\u00e9n de acuerdo que se le dedique la parada al triunfo, porque llegar al congreso m\u00e1s poderoso de la tierra, y que haya un dominicano donde se debaten y asignan los asuntos econ\u00f3micos de m\u00e1s trascendencia en todo mundo, ser\u00eda ego\u00edsmo y envidia no dedic\u00e1rselo.<\/span><\/p>\n<p><span class=\"text1noticias\"> <\/span><\/p>\n<p><span class=\"text1noticias\">A\u00f1adi\u00f3 que los directivos del desfile dejan entrever que est\u00e1n trabajando y representando intereses divorciados a los de la comunidad, porque est\u00e1n americanizados totalmente, actuando,  pensando y comport\u00e1ndose como verdaderos \u00abgringos\u00bb, al parecer con un prop\u00f3sito definido-desconocido para la comunidad.<\/span><\/p>\n<p><span class=\"text1noticias\"> <\/span><\/p>\n<p><span class=\"text1noticias\">El aguerrido activista Tirso Pi\u00f1a calific\u00f3 de incompetente del m\u00e1s m\u00ednimo conocimiento para la administraci\u00f3n de un evento de car\u00e1cter nacionalista, comunitario y festivo como \u00e9ste, y sus directivos deben retractarse de la afrenta que representa no reconocer a Espaillat,  y que debe ser reconocido y aupado por sus conciudadanos, por ser el primero y ser\u00e1 seguro congresista federal.<\/span><\/p>\n<p><span class=\"text1noticias\"> <\/span><\/p>\n<p><span class=\"text1noticias\">Hizo un llamado a los dirigentes del \u00abDesfile Dominicano\u00bb a que sean m\u00e1s flexibles con los  dominicanos, ya que representan el grupo \u00e9tnico que da origen a la actividad, deplorando asimismo que las reuniones que celebran sean en el idioma ingl\u00e9s, generalmente contestan en ingl\u00e9s, editan y distribuyen su revista en ingl\u00e9s, cuando en realidad todo debe ser en espa\u00f1ol, idioma oficial de la Rep\u00fablica Dominicana, pa\u00eds que  expresa toda su cultura y tradici\u00f3n en el desarrollo de dicho desfile.<\/span><\/p>\n<p><span class=\"text1noticias\"> <\/span><\/p>\n<p><span class=\"text1noticias\">Tambi\u00e9n el presidente del Partido Liberal Reformista (PLR) en esta ciudad, F\u00e9lix Jerez, se mostr\u00f3 totalmente de acuerdo que el desfile sea dedicado a Espaillat, porque su elecci\u00f3n ha sido un logro de la comunidad y nosotros como partido estamos con la comunidad y nos debemos a la comunidad, subray\u00f3.<\/span><\/p>\n<h6> 2016-08-08 15:37:10 <\/h6>\n<p><!--\n<link rel=\"stylesheet\" href=\"css\/bootstrap.min.css\">\n\n\n<ul class=\"pagination\">\n\t    \n\t\n\n<li >\n\t<a href='?page_no=12273'>Previous<\/a>\n\t<\/li>\n\n\n       \n    \n\n<li><a href='?page_no=1'>1<\/a><\/li>\n\n\n\n<li><a href='?page_no=2'>2<\/a><\/li>\n\n\n\n<li><a>...<\/a><\/li>\n\n\n\n<li><a href='?page_no=12272'>12272<\/a><\/li>\n\n\n\n<li><a href='?page_no=12273'>12273<\/a><\/li>\n\n\n\n<li class='active'><a>12274<\/a><\/li>\n\n\n\n<li><a href='?page_no=12275'>12275<\/a><\/li>\n\n\n\n<li><a href='?page_no=12276'>12276<\/a><\/li>\n\n\n\n<li><a>...<\/a><\/li>\n\n\n\n<li><a href='?page_no=56169'>56169<\/a><\/li>\n\n\n\n<li><a href='?page_no=56170'>56170<\/a><\/li>\n\n    \n\t\n\n<li >\n\t<a href='?page_no=12275'>Next<\/a>\n\t<\/li>\n\n\n    \n\n<li><a href='?page_no=56170'>Last &rsaquo;&rsaquo;<\/a><\/li>\n\n<\/ul>\n\n\n--><br \/>\n<\/body><\/p>\n","protected":false},"excerpt":{"rendered":"<p>Por Ram\u00f3n Mercedes Nueva York, 08 de agosto.- El clamor entre reconocidos l\u00edderes comunitarios y pol\u00edticos dentro de la comunidad criolla en esta ciudad crece cada d\u00eda para que el Desfile Dominicano de Manhattan sea dedicado al reciente electo candidato al Congreso Federal y primer dominicano en ser elegido a dicha posici\u00f3n, Adriano Espaillat. Para [&hellip;]<\/p>\n","protected":false},"author":3,"featured_media":0,"comment_status":"open","ping_status":"open","sticky":false,"template":"","format":"standard","meta":{"footnotes":""},"categories":[20],"tags":[],"class_list":["post-217787","post","type-post","status-publish","format-standard","hentry","category-dominicana-hoy"],"_links":{"self":[{"href":"https:\/\/diariodominicano.com\/index.php?rest_route=\/wp\/v2\/posts\/217787","targetHints":{"allow":["GET"]}}],"collection":[{"href":"https:\/\/diariodominicano.com\/index.php?rest_route=\/wp\/v2\/posts"}],"about":[{"href":"https:\/\/diariodominicano.com\/index.php?rest_route=\/wp\/v2\/types\/post"}],"author":[{"embeddable":true,"href":"https:\/\/diariodominicano.com\/index.php?rest_route=\/wp\/v2\/users\/3"}],"replies":[{"embeddable":true,"href":"https:\/\/diariodominicano.com\/index.php?rest_route=%2Fwp%2Fv2%2Fcomments&post=217787"}],"version-history":[{"count":0,"href":"https:\/\/diariodominicano.com\/index.php?rest_route=\/wp\/v2\/posts\/217787\/revisions"}],"wp:attachment":[{"href":"https:\/\/diariodominicano.com\/index.php?rest_route=%2Fwp%2Fv2%2Fmedia&parent=217787"}],"wp:term":[{"taxonomy":"category","embeddable":true,"href":"https:\/\/diariodominicano.com\/index.php?rest_route=%2Fwp%2Fv2%2Fcategories&post=217787"},{"taxonomy":"post_tag","embeddable":true,"href":"https:\/\/diariodominicano.com\/index.php?rest_route=%2Fwp%2Fv2%2Ftags&post=217787"}],"curies":[{"name":"wp","href":"https:\/\/api.w.org\/{rel}","templated":true}]}}