{"id":217780,"date":"2016-08-09T10:11:12","date_gmt":"2016-08-09T10:11:12","guid":{"rendered":"http:\/\/diariodominicano.ddns.net\/?p=217780"},"modified":"2016-08-09T10:11:12","modified_gmt":"2016-08-09T10:11:12","slug":"medicos-del-h-ney-arias-realizan-sexta-jornada-cientifica","status":"publish","type":"post","link":"https:\/\/diariodominicano.com\/?p=217780","title":{"rendered":"&#13;M\u00e9dicos del H Ney Arias realizan sexta Jornada Cient\u00edfica"},"content":{"rendered":"<p><body><\/p>\n<p><img decoding=\"async\" src=\"img3\/hospital 9-8.jpg\" \/>  <\/p>\n<p><span class=\"text1noticias\">Santo Domingo, R. D., 9 de agosto.- La Direcci\u00f3n General  del Hospital Traumatol\u00f3gico Ney Arias Lora inform\u00f3 que en la Sexta Jornada Cient\u00edfica Internacional, dedicada al maestro de la medicina doctor Rub\u00e9n And\u00fajar Pimentel ser\u00e1n presentados  45 temas de inter\u00e9s de la ortopedia, cirug\u00eda, neurocirug\u00eda, maxilofacial y rehabilitaci\u00f3n.<\/span><\/p>\n<p><span class=\"text1noticias\"> <\/span><\/p>\n<p><span class=\"text1noticias\">En la actividad cient\u00edfica  que ser\u00e1 celebrada  los d\u00edas 25, 26 y 27 del presente mes de agosto, en la Biblioteca Nacional, expondr\u00e1n  las especialistas venezolanas Myriam Capasso, artroscopista y m\u00e9dico deportista, as\u00ed como la fisiatra Wilcy Guzm\u00e1n.<\/span><\/p>\n<p><span class=\"text1noticias\"> <\/span><\/p>\n<p><span class=\"text1noticias\">A la Jornada Cient\u00edfica Aniversaria del Hospital Traumatol\u00f3gico Ney Arias Lora fueron invitados m\u00e9dicos del establecimiento de salud, de hospitales y centros privados del pa\u00eds y estudiantes de medicina.<\/span><\/p>\n<p><span class=\"text1noticias\"> <\/span><\/p>\n<p><span class=\"text1noticias\">Entre los temas que ser\u00e1n presentados en la jornada se encuentran la Responsabilidad Civil Penal del M\u00e9dico, C\u00f3mo Evitar un Juicio por Mala Pr\u00e1ctica M\u00e9dica, Rango de Transfusi\u00f3n con \u00c1cido Tranex\u00e1mico Vs Placebo en Artroplastia Total de Rodilla Primaria, Pacientes Interconsultados en el Hospital Traumatol\u00f3gico Ney Arias Lora en el Per\u00edodo Enero-Diciembre 2015.<\/span><\/p>\n<p><span class=\"text1noticias\"> <\/span><\/p>\n<p><span class=\"text1noticias\">Tambi\u00e9n Fibroma Desmopl\u00e1sico en Mandibulares, Uso de Ozono a Nivel Intrahospitalario Como Alternativa en la Prevenci\u00f3n de Enfermedades Nosocomiales, Manejo Actualizado del Trauma Cerrado de Abdomen en el Hospital Traumatol\u00f3gico Ney Arias Lora, Abandono Familiar en Pacientes con Insuficiencia Renal Hospital Traumatol\u00f3gico Ney Arias Lora, per\u00edodo Enero-Junio 2016, Traumatismo Hep\u00e1tico en la Rep\u00fablica Dominicana, Manejo de Traumatismo en Embarazadas, Personas Bipolares, Prevalencia de los Trastornos Mentales en la Consulta de Salud Mental Hospital Traumatol\u00f3gico Ney Arias Lora, Febrero 2015-Febrero 2016.<\/span><\/p>\n<p><span class=\"text1noticias\"> <\/span><\/p>\n<p><span class=\"text1noticias\">Desde su inauguraci\u00f3n en el 11 de agosto del 2010 la instituci\u00f3n a trav\u00e9s de la Subdirecci\u00f3n Acad\u00e9mica organiza la Jornada Cient\u00edfica Aniversario donde se presentan trabajos m\u00e9dicos del hospital y otros establecimientos de salud del pa\u00eds.<\/span><\/p>\n<p><span class=\"text1noticias\"> <\/span><\/p>\n<p><span class=\"text1noticias\">En la actividad se espera la asistencias de cientos de m\u00e9dicos de diferentes hospitales p\u00fablicos y privados de la Rep\u00fablica Dominic<\/span>ana.<\/p>\n<\/p>\n<h6> 2016-08-09 10:11:12 <\/h6>\n<p><!--\n<link rel=\"stylesheet\" href=\"css\/bootstrap.min.css\">\n\n\n<ul class=\"pagination\">\n\t    \n\t\n\n<li >\n\t<a href='?page_no=12267'>Previous<\/a>\n\t<\/li>\n\n\n       \n    \n\n<li><a href='?page_no=1'>1<\/a><\/li>\n\n\n\n<li><a href='?page_no=2'>2<\/a><\/li>\n\n\n\n<li><a>...<\/a><\/li>\n\n\n\n<li><a href='?page_no=12266'>12266<\/a><\/li>\n\n\n\n<li><a href='?page_no=12267'>12267<\/a><\/li>\n\n\n\n<li class='active'><a>12268<\/a><\/li>\n\n\n\n<li><a href='?page_no=12269'>12269<\/a><\/li>\n\n\n\n<li><a href='?page_no=12270'>12270<\/a><\/li>\n\n\n\n<li><a>...<\/a><\/li>\n\n\n\n<li><a href='?page_no=56169'>56169<\/a><\/li>\n\n\n\n<li><a href='?page_no=56170'>56170<\/a><\/li>\n\n    \n\t\n\n<li >\n\t<a href='?page_no=12269'>Next<\/a>\n\t<\/li>\n\n\n    \n\n<li><a href='?page_no=56170'>Last &rsaquo;&rsaquo;<\/a><\/li>\n\n<\/ul>\n\n\n--><br \/>\n<\/body><\/p>\n","protected":false},"excerpt":{"rendered":"<p>Santo Domingo, R. D., 9 de agosto.- La Direcci\u00f3n General del Hospital Traumatol\u00f3gico Ney Arias Lora inform\u00f3 que en la Sexta Jornada Cient\u00edfica Internacional, dedicada al maestro de la medicina doctor Rub\u00e9n And\u00fajar Pimentel ser\u00e1n presentados 45 temas de inter\u00e9s de la ortopedia, cirug\u00eda, neurocirug\u00eda, maxilofacial y rehabilitaci\u00f3n. En la actividad cient\u00edfica que ser\u00e1 celebrada [&hellip;]<\/p>\n","protected":false},"author":3,"featured_media":0,"comment_status":"open","ping_status":"open","sticky":false,"template":"","format":"standard","meta":{"footnotes":""},"categories":[20],"tags":[],"class_list":["post-217780","post","type-post","status-publish","format-standard","hentry","category-dominicana-hoy"],"_links":{"self":[{"href":"https:\/\/diariodominicano.com\/index.php?rest_route=\/wp\/v2\/posts\/217780","targetHints":{"allow":["GET"]}}],"collection":[{"href":"https:\/\/diariodominicano.com\/index.php?rest_route=\/wp\/v2\/posts"}],"about":[{"href":"https:\/\/diariodominicano.com\/index.php?rest_route=\/wp\/v2\/types\/post"}],"author":[{"embeddable":true,"href":"https:\/\/diariodominicano.com\/index.php?rest_route=\/wp\/v2\/users\/3"}],"replies":[{"embeddable":true,"href":"https:\/\/diariodominicano.com\/index.php?rest_route=%2Fwp%2Fv2%2Fcomments&post=217780"}],"version-history":[{"count":0,"href":"https:\/\/diariodominicano.com\/index.php?rest_route=\/wp\/v2\/posts\/217780\/revisions"}],"wp:attachment":[{"href":"https:\/\/diariodominicano.com\/index.php?rest_route=%2Fwp%2Fv2%2Fmedia&parent=217780"}],"wp:term":[{"taxonomy":"category","embeddable":true,"href":"https:\/\/diariodominicano.com\/index.php?rest_route=%2Fwp%2Fv2%2Fcategories&post=217780"},{"taxonomy":"post_tag","embeddable":true,"href":"https:\/\/diariodominicano.com\/index.php?rest_route=%2Fwp%2Fv2%2Ftags&post=217780"}],"curies":[{"name":"wp","href":"https:\/\/api.w.org\/{rel}","templated":true}]}}