{"id":217779,"date":"2016-08-09T10:32:32","date_gmt":"2016-08-09T10:32:32","guid":{"rendered":"http:\/\/diariodominicano.ddns.net\/?p=217779"},"modified":"2016-08-09T10:32:32","modified_gmt":"2016-08-09T10:32:32","slug":"se-espera-al-rey-de-espana-en-juramentacion-de-danilo-medina","status":"publish","type":"post","link":"https:\/\/diariodominicano.com\/?p=217779","title":{"rendered":"Se espera al rey de Espa\u00f1a en juramentaci\u00f3n de Danilo Medina"},"content":{"rendered":"<p><body><\/p>\n<p><img decoding=\"async\" src=\"img3\/juramentacion 9-8.jpg\" \/>  <\/p>\n<p><span class=\"text1noticias\">Santo Domingo,  R. D.,  9 de agosto.- Entre los dignatarios que hasta el momento han confirmado su asistencia a los actos de juramentaci\u00f3n del presidente Danilo Medina y la vicepresidenta Margarita Cede\u00f1o de Fern\u00e1ndez, para el per\u00edodo 2016-2020, se encuentran los Presidentes de Ecuador, Panam\u00e1 y Guatemala, el Rey em\u00e9rito de Espa\u00f1a Juan Carlos I, y los primeros ministros de Jamaica, Antigua y Barbuda, y San Martin. <\/span><\/p>\n<p><span class=\"text1noticias\"> <\/span><\/p>\n<p><span class=\"text1noticias\">Adem\u00e1s, otros pa\u00edses ya han confirmado la participaci\u00f3n de vicepresidentes, cancilleres y jefes de delegaciones en la ceremonia solemne a celebrarse el pr\u00f3ximo 16 de agosto en el sal\u00f3n de la asamblea del Congreso Nacional.<\/span><\/p>\n<p><span class=\"text1noticias\"> <\/span><\/p>\n<p><span class=\"text1noticias\">Los presidentes confirmados son Rafael Correa, de Ecuador; Juan Carlos Varela, de Panam\u00e1, y Jimmy Morales Cabrera, de Guatemala.<\/span><\/p>\n<p><span class=\"text1noticias\"> <\/span><\/p>\n<p><span class=\"text1noticias\"> Sin embargo, se espera que en los pr\u00f3ximos d\u00edas confirmen su participaci\u00f3n los Presidentes Juan Manuel Santos de Colombia, Juan Orlando Hern\u00e1ndez de Honduras y Jocelerme Privet de Hait\u00ed.<\/span><\/p>\n<p><span class=\"text1noticias\"> <\/span><\/p>\n<p><span class=\"text1noticias\"> Por su parte, han confirmado su asistencia los primeros ministros Andrew Holness de Jamaica, Gaston Browne de Antigua y Barbudas, y Williams Marlin de San Martin.<\/span><\/p>\n<p><span class=\"text1noticias\"> <\/span><\/p>\n<p><span class=\"text1noticias\">Otras confirmaciones recibidas dan cuenta de la asistencia de los vicepresidentes Chen Chien-Jen de la Rep\u00fablica de China-Taiw\u00e1n, Salvador Valdez Mesa de Cuba, Ana Helena Chac\u00f3n Echeverr\u00eda de Costa Rica, Mois\u00e9s Omar Calleslevens Acevedo de Nicaragua, y Gabriela Micheti de Argentina.<\/span><\/p>\n<p><span class=\"text1noticias\"> <\/span><\/p>\n<p><span class=\"text1noticias\">Hasta ahora han confirmado asistencias a los actos de juramentaci\u00f3n del nuevo mandato presidencial 39 delegaciones oficiales de pa\u00edses y 7 de organismos internacionales.<\/span><\/p>\n<p><span class=\"text1noticias\"> <\/span><\/p>\n<p><span class=\"text1noticias\"> Los invitados a la ceremonia de juramentaci\u00f3n en la ma\u00f1ana del martes 16 en el Congreso Nacional, tambi\u00e9n participar\u00e1n de una cena que ofrecer\u00e1 el gobernante dominicano el lunes 15 de agosto a las 7:30 de la noche, en el Sal\u00f3n Las Cari\u00e1tides del Palacio Naci<\/span>onal.<\/p>\n<\/p>\n<h6> 2016-08-09 10:32:32 <\/h6>\n<p><!--\n<link rel=\"stylesheet\" href=\"css\/bootstrap.min.css\">\n\n\n<ul class=\"pagination\">\n\t    \n\t\n\n<li >\n\t<a href='?page_no=12266'>Previous<\/a>\n\t<\/li>\n\n\n       \n    \n\n<li><a href='?page_no=1'>1<\/a><\/li>\n\n\n\n<li><a href='?page_no=2'>2<\/a><\/li>\n\n\n\n<li><a>...<\/a><\/li>\n\n\n\n<li><a href='?page_no=12265'>12265<\/a><\/li>\n\n\n\n<li><a href='?page_no=12266'>12266<\/a><\/li>\n\n\n\n<li class='active'><a>12267<\/a><\/li>\n\n\n\n<li><a href='?page_no=12268'>12268<\/a><\/li>\n\n\n\n<li><a href='?page_no=12269'>12269<\/a><\/li>\n\n\n\n<li><a>...<\/a><\/li>\n\n\n\n<li><a href='?page_no=56169'>56169<\/a><\/li>\n\n\n\n<li><a href='?page_no=56170'>56170<\/a><\/li>\n\n    \n\t\n\n<li >\n\t<a href='?page_no=12268'>Next<\/a>\n\t<\/li>\n\n\n    \n\n<li><a href='?page_no=56170'>Last &rsaquo;&rsaquo;<\/a><\/li>\n\n<\/ul>\n\n\n--><br \/>\n<\/body><\/p>\n","protected":false},"excerpt":{"rendered":"<p>Santo Domingo, R. D., 9 de agosto.- Entre los dignatarios que hasta el momento han confirmado su asistencia a los actos de juramentaci\u00f3n del presidente Danilo Medina y la vicepresidenta Margarita Cede\u00f1o de Fern\u00e1ndez, para el per\u00edodo 2016-2020, se encuentran los Presidentes de Ecuador, Panam\u00e1 y Guatemala, el Rey em\u00e9rito de Espa\u00f1a Juan Carlos I, [&hellip;]<\/p>\n","protected":false},"author":3,"featured_media":0,"comment_status":"open","ping_status":"open","sticky":false,"template":"","format":"standard","meta":{"footnotes":""},"categories":[20],"tags":[],"class_list":["post-217779","post","type-post","status-publish","format-standard","hentry","category-dominicana-hoy"],"_links":{"self":[{"href":"https:\/\/diariodominicano.com\/index.php?rest_route=\/wp\/v2\/posts\/217779","targetHints":{"allow":["GET"]}}],"collection":[{"href":"https:\/\/diariodominicano.com\/index.php?rest_route=\/wp\/v2\/posts"}],"about":[{"href":"https:\/\/diariodominicano.com\/index.php?rest_route=\/wp\/v2\/types\/post"}],"author":[{"embeddable":true,"href":"https:\/\/diariodominicano.com\/index.php?rest_route=\/wp\/v2\/users\/3"}],"replies":[{"embeddable":true,"href":"https:\/\/diariodominicano.com\/index.php?rest_route=%2Fwp%2Fv2%2Fcomments&post=217779"}],"version-history":[{"count":0,"href":"https:\/\/diariodominicano.com\/index.php?rest_route=\/wp\/v2\/posts\/217779\/revisions"}],"wp:attachment":[{"href":"https:\/\/diariodominicano.com\/index.php?rest_route=%2Fwp%2Fv2%2Fmedia&parent=217779"}],"wp:term":[{"taxonomy":"category","embeddable":true,"href":"https:\/\/diariodominicano.com\/index.php?rest_route=%2Fwp%2Fv2%2Fcategories&post=217779"},{"taxonomy":"post_tag","embeddable":true,"href":"https:\/\/diariodominicano.com\/index.php?rest_route=%2Fwp%2Fv2%2Ftags&post=217779"}],"curies":[{"name":"wp","href":"https:\/\/api.w.org\/{rel}","templated":true}]}}