{"id":217776,"date":"2016-08-10T00:38:31","date_gmt":"2016-08-10T00:38:31","guid":{"rendered":"http:\/\/diariodominicano.ddns.net\/?p=217776"},"modified":"2016-08-10T00:38:31","modified_gmt":"2016-08-10T00:38:31","slug":"navarro-resalta-alcances-nueva-ley-de-relaciones-exteriores","status":"publish","type":"post","link":"https:\/\/diariodominicano.com\/?p=217776","title":{"rendered":"&#13;Navarro resalta alcances nueva Ley de Relaciones Exteriores"},"content":{"rendered":"<p><body><\/p>\n<p><img decoding=\"async\" src=\"img3\/CONGRESISTAS Y CANCILLER (1).JPG\" \/>  <\/p>\n<p><strong><span class=\"text1noticias\">El Canciller Navarro, acompa\u00f1ado de los presidentes de las comisiones de Relaciones Exteriores del Senado y de la C\u00e1mara de Diputados, el senador por Saman\u00e1, Prim Pujals, y el diputado por Santiago, V\u00edctor Su\u00e1rez, respectivamente, resalt\u00f3 que esta nueva pieza legislativa ha asumido las importantes experiencias alcanzadas durante el dilatado proceso de aplicaci\u00f3n de la ahora desaparecida Ley 314 del 6 de julio de 1964, en lo que respecta a asunto medulares como las relaciones bilaterales y multilaterales, la carrera diplom\u00e1tica y consular, la atenci\u00f3n a dominicanos en el exterior, entre otros.<\/span><\/strong><\/p>\n<p><strong><span class=\"text1noticias\"> <\/span><\/strong><\/p>\n<p><strong><span class=\"text1noticias\">SANTO DOMINGO, RD, 10 de Agosto de 2016. &#8211;<\/span><\/strong><span class=\"text1noticias\"> Cuando el presidente Danilo Medina asumi\u00f3 la conducci\u00f3n del Estado dominicano, el 16 de agosto de 2012, se comprometi\u00f3 a relanzar la pol\u00edtica exterior de la Rep\u00fablica Dominicana, con el objetivo de convertirla en una s\u00f3lida herramienta institucional que sea clave para el desarrollo nacional. Esa meta presidencial qued\u00f3 recientemente sellada con la aprobaci\u00f3n congresional y posterior promulgaci\u00f3n por parte del Poder Ejecutivo, de la nueva ley que regir\u00e1 las funciones del Ministerio de Relaciones Exteriores (MIREX), destac\u00f3 el canciller Andr\u00e9s Navarro.<\/span><\/p>\n<\/p>\n<p><span class=\"text1noticias\">Asimismo, la regulaci\u00f3n de la carrera diplom\u00e1tica y consular sobre la base de un moderno esquema de capacitaci\u00f3n, fortalecimiento institucional y el establecimiento de lineamientos acordes a los revolucionarios procesos de globalizaci\u00f3n e integraci\u00f3n que vive el mundo de hoy.<\/span><\/p>\n<p><span class=\"text1noticias\"> <\/span><\/p>\n<p><span class=\"text1noticias\">La nueva Ley 630-16 permitir\u00e1 al MIREX abocarse a ese acelerado proceso de transformaci\u00f3n de las prioridades y m\u00e9todos que exhibe la diplomacia mundial de este tiempo, con s\u00f3lidas adecuaciones, mayor fortaleza para la coordinaci\u00f3n y la negociaci\u00f3n en los temas inherentes a la instituci\u00f3n, un m\u00e1s amplio car\u00e1cter integracionista por sus propias acciones transversales, y mayor fortaleza para la coordinaci\u00f3n y la negociaci\u00f3n.<\/span><\/p>\n<p><span class=\"text1noticias\"> <\/span><\/p>\n<p><span class=\"text1noticias\">Al destacar los trascendentales alcances de la pieza, en un acto celebrado en el Sal\u00f3n Verde de la Canciller\u00eda, el canciller Navarro expuso que la ley, impulsada por el presidente Medina en el marco de la revolucionaria y exitosa pol\u00edtica exterior puesta en marcha desde hace cerca de dos a\u00f1os, tiene entre sus ejes centrales el desarrollo institucional, el irrestricto apego al respeto de los derechos humanos, la permanente formaci\u00f3n y capacitaci\u00f3n del personal diplom\u00e1tico y consular, activa y coherente defensa de la soberan\u00eda nacional y una acci\u00f3n program\u00e1tica que coloque al pa\u00eds en el merecido sitial en el contexto internacional.<\/span><\/p>\n<p><span class=\"text1noticias\"> <\/span><\/p>\n<p><span class=\"text1noticias\"><strong>Navarro, acompa\u00f1ado de los presidentes de las comisiones de Relaciones Exteriores del Senado y de la C\u00e1mara de Diputados, el senador por Saman\u00e1, Prim Pujals, y el diputado por Santiago, V\u00edctor Su\u00e1rez, respectivamente, resalt\u00f3 que esta nueva pieza legislativa ha asumido las importantes experiencias alcanzadas durante el dilatado proceso de aplicaci\u00f3n de la ahora desaparecida Ley 314 del 6 de julio de 1964, en lo que respecta a asunto medulares como las relaciones bilaterales y multilaterales, la carrera diplom\u00e1tica y consular, la atenci\u00f3n a dominicanos en el exterior, entre otros.<\/strong><\/span><\/p>\n<p><span class=\"text1noticias\"> <\/span><\/p>\n<p><span class=\"text1noticias\">La pieza envuelve aspectos de tanta trascendencia para el futuro de la naci\u00f3n como impulsar la cooperaci\u00f3n y la solidaridad internacionales como principios para el logro de los objetivos de desarrollo sostenible, paz y seguridad, as\u00ed como propiciar el manejo racional de los recursos naturales y del medio ambiente, en consonancia con los intereses nacionales, entre otros aspectos de trascendental importancia.<\/span><\/p>\n<p><span class=\"text1noticias\"> <\/span><\/p>\n<p><span class=\"text1noticias\">La revolucionaria pol\u00edtica exterior que hoy exhibe la Rep\u00fablica Dominicana, sin precedente en la historia de la naci\u00f3n, garantiza pol\u00edticas y acciones orientadas a mejorar las condiciones de vida de los dominicanos, pues tiene a la gente como su eje central en los espacios de negociaciones bilaterales o multilaterales, en la promoci\u00f3n del comercio, procesos de integraci\u00f3n y en la defensa de los derechos humanos.<\/span><\/p>\n<p><span class=\"text1noticias\"> <\/span><\/p>\n<p><span class=\"text1noticias\">En otras palabras, el pa\u00eds deja atr\u00e1s m\u00e1s de 50 a\u00f1os de historia de ley org\u00e1nica diplom\u00e1tica y consular para adentrarse a la realidad multipolar de hoy, con una s\u00f3lida arquitectura institucional y jur\u00eddica, mayor alcance de productividad e integralidad en las relaciones internacionales, definidas pol\u00edticas sociales, culturales, econ\u00f3micas, ambientales y comerciales, conjugada con id\u00f3neos mecanismos de articulaci\u00f3n interinstitucionales y de cooperaci\u00f3n.<\/span><\/p>\n<p><span class=\"text1noticias\"> <\/span><\/p>\n<p><span class=\"text1noticias\">Para la efectiva aplicaci\u00f3n de la Ley 639-16 de Relaciones Exteriores, ser\u00e1 necesario el establecimiento de varios reglamentos, tales como: El de aplicaci\u00f3n general de la ley; el de carrera diplom\u00e1tica; el del Instituto de Dominicanos en el Exterior; el del Consejo Nacional de Fronteras; el de la Direcci\u00f3n General de Pasaportes; el de Negociaciones Comerciales y Cooperaci\u00f3n Internacional no Reembolsable; entre otros instrumentos.<\/span><\/p>\n<p><span class=\"text1noticias\"> <\/span><\/p>\n<p><span class=\"text1noticias\">La actividad cont\u00f3 adem\u00e1s con la presencia, de las viceministras para asunto de Pol\u00edtica Exterior, Alejandra Liriano, Nelly P\u00e9rez, de asuntos Consulares, los diputados Lucia Alba y Omar Marchena, as\u00ed como embajadores y funcionarios de la Canciller\u00eda.<\/span><\/p>\n<\/p>\n<h6> 2016-08-10 00:38:31 <\/h6>\n<p><!--\n<link rel=\"stylesheet\" href=\"css\/bootstrap.min.css\">\n\n\n<ul class=\"pagination\">\n\t    \n\t\n\n<li >\n\t<a href='?page_no=12263'>Previous<\/a>\n\t<\/li>\n\n\n       \n    \n\n<li><a href='?page_no=1'>1<\/a><\/li>\n\n\n\n<li><a href='?page_no=2'>2<\/a><\/li>\n\n\n\n<li><a>...<\/a><\/li>\n\n\n\n<li><a href='?page_no=12262'>12262<\/a><\/li>\n\n\n\n<li><a href='?page_no=12263'>12263<\/a><\/li>\n\n\n\n<li class='active'><a>12264<\/a><\/li>\n\n\n\n<li><a href='?page_no=12265'>12265<\/a><\/li>\n\n\n\n<li><a href='?page_no=12266'>12266<\/a><\/li>\n\n\n\n<li><a>...<\/a><\/li>\n\n\n\n<li><a href='?page_no=56169'>56169<\/a><\/li>\n\n\n\n<li><a href='?page_no=56170'>56170<\/a><\/li>\n\n    \n\t\n\n<li >\n\t<a href='?page_no=12265'>Next<\/a>\n\t<\/li>\n\n\n    \n\n<li><a href='?page_no=56170'>Last &rsaquo;&rsaquo;<\/a><\/li>\n\n<\/ul>\n\n\n--><br \/>\n<\/body><\/p>\n","protected":false},"excerpt":{"rendered":"<p>El Canciller Navarro, acompa\u00f1ado de los presidentes de las comisiones de Relaciones Exteriores del Senado y de la C\u00e1mara de Diputados, el senador por Saman\u00e1, Prim Pujals, y el diputado por Santiago, V\u00edctor Su\u00e1rez, respectivamente, resalt\u00f3 que esta nueva pieza legislativa ha asumido las importantes experiencias alcanzadas durante el dilatado proceso de aplicaci\u00f3n de la [&hellip;]<\/p>\n","protected":false},"author":3,"featured_media":0,"comment_status":"open","ping_status":"open","sticky":false,"template":"","format":"standard","meta":{"footnotes":""},"categories":[20],"tags":[],"class_list":["post-217776","post","type-post","status-publish","format-standard","hentry","category-dominicana-hoy"],"_links":{"self":[{"href":"https:\/\/diariodominicano.com\/index.php?rest_route=\/wp\/v2\/posts\/217776","targetHints":{"allow":["GET"]}}],"collection":[{"href":"https:\/\/diariodominicano.com\/index.php?rest_route=\/wp\/v2\/posts"}],"about":[{"href":"https:\/\/diariodominicano.com\/index.php?rest_route=\/wp\/v2\/types\/post"}],"author":[{"embeddable":true,"href":"https:\/\/diariodominicano.com\/index.php?rest_route=\/wp\/v2\/users\/3"}],"replies":[{"embeddable":true,"href":"https:\/\/diariodominicano.com\/index.php?rest_route=%2Fwp%2Fv2%2Fcomments&post=217776"}],"version-history":[{"count":0,"href":"https:\/\/diariodominicano.com\/index.php?rest_route=\/wp\/v2\/posts\/217776\/revisions"}],"wp:attachment":[{"href":"https:\/\/diariodominicano.com\/index.php?rest_route=%2Fwp%2Fv2%2Fmedia&parent=217776"}],"wp:term":[{"taxonomy":"category","embeddable":true,"href":"https:\/\/diariodominicano.com\/index.php?rest_route=%2Fwp%2Fv2%2Fcategories&post=217776"},{"taxonomy":"post_tag","embeddable":true,"href":"https:\/\/diariodominicano.com\/index.php?rest_route=%2Fwp%2Fv2%2Ftags&post=217776"}],"curies":[{"name":"wp","href":"https:\/\/api.w.org\/{rel}","templated":true}]}}