{"id":217775,"date":"2016-08-10T09:56:06","date_gmt":"2016-08-10T09:56:06","guid":{"rendered":"http:\/\/diariodominicano.ddns.net\/?p=217775"},"modified":"2016-08-10T09:56:06","modified_gmt":"2016-08-10T09:56:06","slug":"celebraran-desayuno-previo-desfile-dominicano-este-domingo","status":"publish","type":"post","link":"https:\/\/diariodominicano.com\/?p=217775","title":{"rendered":"Celebrar\u00e1n desayuno previo Desfile Dominicano este domingo"},"content":{"rendered":"<p><body><\/p>\n<p><img decoding=\"async\" src=\"img3\/desayuno 10-8.jpg\" \/>  <\/p>\n<p><span class=\"text1noticias\">Nueva York, 10 de agosto.- El senador Adriano Espaillat, ganador de la nominaci\u00f3n Dem\u00f3crata al Congreso de los Estados Unidos por el Distrito 13, junto con l\u00edderes pol\u00edticos de Nueva York y el club Dem\u00f3cratas del Norte de Manhattan por el Cambio, honrar\u00e1 a Luis Miranda con el Premio Juan Pablo Duarte durante el tradicional desayuno de celebraci\u00f3n previo al Desfile Dominicano.<\/span><\/p>\n<p><span class=\"text1noticias\"> <\/span><\/p>\n<p><span class=\"text1noticias\">El Premio le ser\u00e1 otorgado a Miranda por sus contribuciones sociales y pol\u00edticas al Alto Manhattan en un acto a efectuarse este domingo, 14 de agosto, a partir de las 8 de la ma\u00f1ana, en el restaurante The Dyckman Marina, localizado en el 348 Dyckman Street, en Manhattan.<\/span><\/p>\n<p><span class=\"text1noticias\"> <\/span><\/p>\n<p><span class=\"text1noticias\">Entre los invitados especiales figuran el concejal Ydanis Rodriguez, al congresista Charles B. Rangel, los concejales Mark Levine y Julissa Ferreras-Copeland, el asamble\u00edsta Denny Farrell, el contralor del estado de NY Thomas Dinapoli, la presidente del condado de Manhattan Gale Brewer, el contralor de la ciudad de NY Scott Stringer, y la defensora del Pueblo Letitia James, adem\u00e1s de los patrocinadores del evento 1199 SEIU, UFT, SEIU 32BJ, TWU Local 100 y HTC. <\/span><\/p>\n<p><span class=\"text1noticias\"> <\/span><\/p>\n<p><span class=\"text1noticias\">De una poblaci\u00f3n de 1.5 millones de dom\u00ednico-americanos en los Estados Unidos, cerca de 600,000 residen en la ciudad de Nueva York. Los estados de mayor poblaci\u00f3n de dom\u00ednico-americanos son Nueva York, Nueva Jersey, Florida, Massachusetts, Pennsylvania, Rhode Island y Connecticut.<\/span><\/p>\n<p><span class=\"text1noticias\"> <\/span><\/p>\n<\/p>\n<h6> 2016-08-10 09:56:06 <\/h6>\n<p><!--\n<link rel=\"stylesheet\" href=\"css\/bootstrap.min.css\">\n\n\n<ul class=\"pagination\">\n\t    \n\t\n\n<li >\n\t<a href='?page_no=12262'>Previous<\/a>\n\t<\/li>\n\n\n       \n    \n\n<li><a href='?page_no=1'>1<\/a><\/li>\n\n\n\n<li><a href='?page_no=2'>2<\/a><\/li>\n\n\n\n<li><a>...<\/a><\/li>\n\n\n\n<li><a href='?page_no=12261'>12261<\/a><\/li>\n\n\n\n<li><a href='?page_no=12262'>12262<\/a><\/li>\n\n\n\n<li class='active'><a>12263<\/a><\/li>\n\n\n\n<li><a href='?page_no=12264'>12264<\/a><\/li>\n\n\n\n<li><a href='?page_no=12265'>12265<\/a><\/li>\n\n\n\n<li><a>...<\/a><\/li>\n\n\n\n<li><a href='?page_no=56169'>56169<\/a><\/li>\n\n\n\n<li><a href='?page_no=56170'>56170<\/a><\/li>\n\n    \n\t\n\n<li >\n\t<a href='?page_no=12264'>Next<\/a>\n\t<\/li>\n\n\n    \n\n<li><a href='?page_no=56170'>Last &rsaquo;&rsaquo;<\/a><\/li>\n\n<\/ul>\n\n\n--><br \/>\n<\/body><\/p>\n","protected":false},"excerpt":{"rendered":"<p>Nueva York, 10 de agosto.- El senador Adriano Espaillat, ganador de la nominaci\u00f3n Dem\u00f3crata al Congreso de los Estados Unidos por el Distrito 13, junto con l\u00edderes pol\u00edticos de Nueva York y el club Dem\u00f3cratas del Norte de Manhattan por el Cambio, honrar\u00e1 a Luis Miranda con el Premio Juan Pablo Duarte durante el tradicional [&hellip;]<\/p>\n","protected":false},"author":3,"featured_media":0,"comment_status":"open","ping_status":"open","sticky":false,"template":"","format":"standard","meta":{"footnotes":""},"categories":[20],"tags":[],"class_list":["post-217775","post","type-post","status-publish","format-standard","hentry","category-dominicana-hoy"],"_links":{"self":[{"href":"https:\/\/diariodominicano.com\/index.php?rest_route=\/wp\/v2\/posts\/217775","targetHints":{"allow":["GET"]}}],"collection":[{"href":"https:\/\/diariodominicano.com\/index.php?rest_route=\/wp\/v2\/posts"}],"about":[{"href":"https:\/\/diariodominicano.com\/index.php?rest_route=\/wp\/v2\/types\/post"}],"author":[{"embeddable":true,"href":"https:\/\/diariodominicano.com\/index.php?rest_route=\/wp\/v2\/users\/3"}],"replies":[{"embeddable":true,"href":"https:\/\/diariodominicano.com\/index.php?rest_route=%2Fwp%2Fv2%2Fcomments&post=217775"}],"version-history":[{"count":0,"href":"https:\/\/diariodominicano.com\/index.php?rest_route=\/wp\/v2\/posts\/217775\/revisions"}],"wp:attachment":[{"href":"https:\/\/diariodominicano.com\/index.php?rest_route=%2Fwp%2Fv2%2Fmedia&parent=217775"}],"wp:term":[{"taxonomy":"category","embeddable":true,"href":"https:\/\/diariodominicano.com\/index.php?rest_route=%2Fwp%2Fv2%2Fcategories&post=217775"},{"taxonomy":"post_tag","embeddable":true,"href":"https:\/\/diariodominicano.com\/index.php?rest_route=%2Fwp%2Fv2%2Ftags&post=217775"}],"curies":[{"name":"wp","href":"https:\/\/api.w.org\/{rel}","templated":true}]}}