{"id":217774,"date":"2016-08-10T11:21:20","date_gmt":"2016-08-10T11:21:20","guid":{"rendered":"http:\/\/diariodominicano.ddns.net\/?p=217774"},"modified":"2016-08-10T11:21:20","modified_gmt":"2016-08-10T11:21:20","slug":"pro-consumidor-lanza-oficinas-moviles-en-lugares-remotos","status":"publish","type":"post","link":"https:\/\/diariodominicano.com\/?p=217774","title":{"rendered":"Pro Consumidor lanza oficinas m\u00f3viles en lugares remotos"},"content":{"rendered":"<p><body><\/p>\n<p><img decoding=\"async\" src=\"img3\/pro consumidor rodante 10-8.jpg\" \/><br \/><img decoding=\"async\" src=\"img3\/proconsumidor 10-8.jpg\" \/>  <\/p>\n<p><strong><span class=\"text1noticias\"> Santo Domingo, R. D., 10 de agosto.- <\/span><\/strong><span class=\"text1noticias\"> En un acto encabezado por su directora, Anina Del Castillo, el Instituto Nacional de Protecci\u00f3n al Consumidor (PRO Consumidor) lanz\u00f3 el proyecto de oficinas rodantes  para reforzar y facilitar el servicio de defensa de los derechos del consumidor. <\/span><\/p>\n<p><span class=\"text1noticias\"> <\/span><\/p>\n<p><span class=\"text1noticias\">Los ciudadanos de escasos recursos, que habitan en  zonas perif\u00e9ricas de las ciudades o \u00e1reas remotas del interior del pa\u00eds, tienen desde hoy la asistencia de Pro Consumidor M\u00f3vil, las nuevas oficinas rodantes de la instituci\u00f3n que refuerzan las facilidades a los consumidores para la defensa de sus derechos.<\/span><\/p>\n<p><span class=\"text1noticias\"> <\/span><\/p>\n<p><span class=\"text1noticias\">El proyecto de oficinas m\u00f3viles, de Pro Consumidor fue lanzado este martes en Haina, el cual cuenta con unidades rodantes  que estar\u00e1n visitando diferentes lugares del pa\u00eds en forma programada.<\/span><\/p>\n<p><span class=\"text1noticias\"> <\/span><\/p>\n<p><span class=\"text1noticias\">Del Castillo expres\u00f3 que este logro constituye un avance fundamental para la ciudadan\u00eda ya que atender\u00e1 las inconformidades de los consumidores y usuarios cuando adquieran un producto o servicio, adem\u00e1s de facilitar a cada ciudadano las herramientas necesarias para atender sus reclamos de manera m\u00e1s directa y cercana.<\/span><\/p>\n<p><span class=\"text1noticias\"> <\/span><\/p>\n<p><span class=\"text1noticias\">Las unidades de Pro Consumidor M\u00f3vil cuentan con \u00e1reas de recepci\u00f3n de quejas y sala de mediaci\u00f3n para acuerdos. Adem\u00e1s, incluyen  un orientador y un abogado para apoyo legal y t\u00e9cnico a los consumidores que quieran desarrollar casos a partir de la violaci\u00f3n de sus derechos.<\/span><\/p>\n<p><span class=\"text1noticias\"> <\/span><\/p>\n<p><span class=\"text1noticias\">\u00abPro Consumidor M\u00f3vil es una nueva expresi\u00f3n del genuino papel de esta instituci\u00f3n de defender los derechos de los consumidores, situ\u00e1ndonos ahora en la puerta de la casa, al doblar la esquina, en la acera de enfrente y, en fin, mucho m\u00e1s cerca de las personas\u00bb, dijo Del Castillo.<\/span><\/p>\n<p><span class=\"text1noticias\"> <\/span><\/p>\n<p><span class=\"text1noticias\">A la actividad de lanzamiento asistieron  autoridades del municipio de Haina y la provincia San Crist\u00f3bal,  representantes de alcaldes,  los diputados Tulio Jim\u00e9nez y Estela Paredes, empresarios, organizaciones de Clubes e Iglesias, comerciantes y lugare\u00f1os de la zona.<\/span><\/p>\n<p><span class=\"text1noticias\"> <\/span><\/p>\n<p><span class=\"text1noticias\">\u00abPro Consumidor M\u00f3vil est\u00e1 al servicio de todos, especialmente de las personas con menos recursos para ahorrarles las horas y los costos que implicar\u00eda trasladarse a nuestras oficinas a llevar sus quejas, reclamos o denuncias\u00bb, agreg\u00f3 la funcionaria.<\/span><\/p>\n<p><span class=\"text1noticias\"> <\/span><\/p>\n<p><span class=\"text1noticias\">La directora de Pro Consumidor se defini\u00f3 como parte de un Gobierno que, como el del presidente Danilo Medina, se ha caracterizado por estar siempre cerca de la gente, escuchando y aportando soluciones. \u00abEsa es la l\u00ednea y la l\u00f3gica de Pro Consumidor M\u00f3vil\u00bb, subray\u00f3.<\/span><\/p>\n<p><span class=\"text1noticias\"> <\/span><\/p>\n<p><span class=\"text1noticias\">Desde las oficinas m\u00f3viles se coordinaran tambi\u00e9n programas de educaci\u00f3n, la promoci\u00f3n de acciones de concienciaci\u00f3n, fomento del consumo responsable, alertas sobre productos defectuosos, alimentaci\u00f3n adecuada, entre otros.  <\/span><\/p>\n<\/p>\n<h6> 2016-08-10 11:21:20 <\/h6>\n<p><!--\n<link rel=\"stylesheet\" href=\"css\/bootstrap.min.css\">\n\n\n<ul class=\"pagination\">\n\t    \n\t\n\n<li >\n\t<a href='?page_no=12261'>Previous<\/a>\n\t<\/li>\n\n\n       \n    \n\n<li><a href='?page_no=1'>1<\/a><\/li>\n\n\n\n<li><a href='?page_no=2'>2<\/a><\/li>\n\n\n\n<li><a>...<\/a><\/li>\n\n\n\n<li><a href='?page_no=12260'>12260<\/a><\/li>\n\n\n\n<li><a href='?page_no=12261'>12261<\/a><\/li>\n\n\n\n<li class='active'><a>12262<\/a><\/li>\n\n\n\n<li><a href='?page_no=12263'>12263<\/a><\/li>\n\n\n\n<li><a href='?page_no=12264'>12264<\/a><\/li>\n\n\n\n<li><a>...<\/a><\/li>\n\n\n\n<li><a href='?page_no=56169'>56169<\/a><\/li>\n\n\n\n<li><a href='?page_no=56170'>56170<\/a><\/li>\n\n    \n\t\n\n<li >\n\t<a href='?page_no=12263'>Next<\/a>\n\t<\/li>\n\n\n    \n\n<li><a href='?page_no=56170'>Last &rsaquo;&rsaquo;<\/a><\/li>\n\n<\/ul>\n\n\n--><br \/>\n<\/body><\/p>\n","protected":false},"excerpt":{"rendered":"<p>Santo Domingo, R. D., 10 de agosto.- En un acto encabezado por su directora, Anina Del Castillo, el Instituto Nacional de Protecci\u00f3n al Consumidor (PRO Consumidor) lanz\u00f3 el proyecto de oficinas rodantes para reforzar y facilitar el servicio de defensa de los derechos del consumidor. Los ciudadanos de escasos recursos, que habitan en zonas perif\u00e9ricas [&hellip;]<\/p>\n","protected":false},"author":3,"featured_media":0,"comment_status":"open","ping_status":"open","sticky":false,"template":"","format":"standard","meta":{"footnotes":""},"categories":[20],"tags":[],"class_list":["post-217774","post","type-post","status-publish","format-standard","hentry","category-dominicana-hoy"],"_links":{"self":[{"href":"https:\/\/diariodominicano.com\/index.php?rest_route=\/wp\/v2\/posts\/217774","targetHints":{"allow":["GET"]}}],"collection":[{"href":"https:\/\/diariodominicano.com\/index.php?rest_route=\/wp\/v2\/posts"}],"about":[{"href":"https:\/\/diariodominicano.com\/index.php?rest_route=\/wp\/v2\/types\/post"}],"author":[{"embeddable":true,"href":"https:\/\/diariodominicano.com\/index.php?rest_route=\/wp\/v2\/users\/3"}],"replies":[{"embeddable":true,"href":"https:\/\/diariodominicano.com\/index.php?rest_route=%2Fwp%2Fv2%2Fcomments&post=217774"}],"version-history":[{"count":0,"href":"https:\/\/diariodominicano.com\/index.php?rest_route=\/wp\/v2\/posts\/217774\/revisions"}],"wp:attachment":[{"href":"https:\/\/diariodominicano.com\/index.php?rest_route=%2Fwp%2Fv2%2Fmedia&parent=217774"}],"wp:term":[{"taxonomy":"category","embeddable":true,"href":"https:\/\/diariodominicano.com\/index.php?rest_route=%2Fwp%2Fv2%2Fcategories&post=217774"},{"taxonomy":"post_tag","embeddable":true,"href":"https:\/\/diariodominicano.com\/index.php?rest_route=%2Fwp%2Fv2%2Ftags&post=217774"}],"curies":[{"name":"wp","href":"https:\/\/api.w.org\/{rel}","templated":true}]}}