{"id":217773,"date":"2016-08-10T11:59:38","date_gmt":"2016-08-10T11:59:38","guid":{"rendered":"http:\/\/diariodominicano.ddns.net\/?p=217773"},"modified":"2016-08-10T11:59:38","modified_gmt":"2016-08-10T11:59:38","slug":"farmacia-carol-emprende-campana-lucha-contra-la-diabetes","status":"publish","type":"post","link":"https:\/\/diariodominicano.com\/?p=217773","title":{"rendered":"Farmacia Carol emprende campa\u00f1a lucha contra la diabetes"},"content":{"rendered":"<p><body><\/p>\n<p><img decoding=\"async\" src=\"img3\/carol 10-8.jpg\" \/>  <\/p>\n<p><span class=\"text1noticias\">Santo Domingo, R. D., 10 de agosto.- Farmacia Carol desarrolla en este mes de agosto su tradicional campa\u00f1a de prevenci\u00f3n y conciencia sobre la condici\u00f3n de la diabetes en Rep\u00fablica Dominicana, \u00abUnidos por la Diabetes\u00bb, que este a\u00f1o hace \u00e9nfasis en la condici\u00f3n de \u00abpie diab\u00e9tico\u00bb que muchas veces termina en una amputaci\u00f3n.<\/span><\/p>\n<p><span class=\"text1noticias\"> <\/span><\/p>\n<p><span class=\"text1noticias\">Como parte del programa de Responsabilidad Social Corporativa, Farmacia Carol desarrolla desde hace 13 a\u00f1os esta campa\u00f1a, con el aval de la Sociedad Dominicana de Endocrinolog\u00eda y Nutrici\u00f3n y de la Sociedad Dominicana de M\u00e9dicos Diabet\u00f3logos, apoyando con la recaudaci\u00f3n de fondos a la Fundaci\u00f3n Aprendiendo a Vivir, dedicada a educar y tratar a pacientes debutantes en la enfermedad (ni\u00f1os) de escasos recursos. <\/span><\/p>\n<p><span class=\"text1noticias\"> <\/span><\/p>\n<p><span class=\"text1noticias\">Como novedad para esta campa\u00f1a, Farmacia Carol traer\u00e1 desde Espa\u00f1a al doctor Francisco Javier Arag\u00f3n S\u00e1nchez, Jefe de Servicio de Cirug\u00eda de la Unidad de Pie Diab\u00e9tico de la Cl\u00ednica Nuestra Se\u00f1ora de la Paloma de Las Palma de Gran Canaria, quien ofrecer\u00e1 dos conferencias magistrales, una en Santiago y otra en Santo Domingo para m\u00e9dicos endocrin\u00f3logos, diabet\u00f3logos y cirujanos, el 31 de agosto y 1ro de septiembre, respectivamente. <\/span><\/p>\n<p><span class=\"text1noticias\"> <\/span><\/p>\n<p><span class=\"text1noticias\">El doctor Arag\u00f3n S\u00e1nchez tiene especialidades en endocrinolog\u00eda, diabetolog\u00eda, cirug\u00eda general y m\u00e9dico familiar. <\/span><\/p>\n<p><span class=\"text1noticias\"> <\/span><\/p>\n<p><span class=\"text1noticias\">Los ejecutivos de Farmacia Carol explicaron que \u00abnuestro objetivo es estrechar lazos con profesionales del sector y con consumidores ligados al tema, as\u00ed como crear conciencia en los pacientes diab\u00e9ticos sobre el cuidado de sus pies y las consecuencias que puede traer un descuido en ese sentido\u00bb. <\/span><\/p>\n<p><span class=\"text1noticias\"> <\/span><\/p>\n<p><span class=\"text1noticias\">Para esta versi\u00f3n de \u00abUnidos por la diabetes\u00bb cuentan con el apoyo del deportista Luis Manuel M\u00e9ndez (Man\u00e9n), quien fue amputado por la condici\u00f3n del pie diab\u00e9tico, quien ilustra los mensajes publicitarios de la campa\u00f1a.<\/span><\/p>\n<p><span class=\"text1noticias\"> <\/span><\/p>\n<p><span class=\"text1noticias\">En Rep\u00fablica Dominicana uno de cada cuatro dominicanos tiene diabetes y m\u00e1s de un 5% de los diab\u00e9ticos sufre de afecciones en los pies.<\/span><\/p>\n<p><span class=\"text1noticias\"> <\/span><\/p>\n<p><span class=\"text1noticias\"> Asimismo, casi el 80 por ciento de las amputaciones de piernas tienen como causa principal la diabetes.<\/span><\/p>\n<p><span class=\"text1noticias\"> <\/span><\/p>\n<p><span class=\"text1noticias\">Dentro de las actividades que se desarrollan este mes est\u00e1 un torneo de f\u00fatbol en Santiago con la participaci\u00f3n de seis equipos. <\/span><\/p>\n<p><span class=\"text1noticias\"> <\/span><\/p>\n<p><span class=\"text1noticias\">El ganador se enfrentar\u00e1 al equipo victorioso del torneo celebrado el pasado mes de febrero en Santo Domingo en la actividad denominada \u00abUn gol por el coraz\u00f3n\u00bb. <\/span><\/p>\n<p><span class=\"text1noticias\"> <\/span><\/p>\n<p><span class=\"text1noticias\">En este torneo por cada gol anotado la empresa donar\u00e1 500 pesos a la Fundaci\u00f3n Aprendiendo a Vivir. <\/span><\/p>\n<p><span class=\"text1noticias\"> <\/span><\/p>\n<p><span class=\"text1noticias\">Todas las sucursales de Farmacia Carol vender\u00e1n los medicamentos de diabetes al costo en agosto, tendr\u00e1n toma de presi\u00f3n y glicemia gratis para los clientes, ofertas en el Rinc\u00f3n del Diab\u00e9tico, degustaciones de productos, entrega de material informativo y de prevenci\u00f3n por parte de los patrocinadores de la campa\u00f1a.<\/span><\/p>\n<p><span class=\"text1noticias\"> <\/span><\/p>\n<p><span class=\"text1noticias\">Los empleados est\u00e1n usando botones en sus uniformes con mensajes como: \u00bfte tomaste la presi\u00f3n hoy? \u00bfHiciste ejercicio? \u00bfconoces tu nivel de g<\/span>licemia?.<\/p>\n<\/p>\n<h6> 2016-08-10 11:59:38 <\/h6>\n<p><!--\n<link rel=\"stylesheet\" href=\"css\/bootstrap.min.css\">\n\n\n<ul class=\"pagination\">\n\t    \n\t\n\n<li >\n\t<a href='?page_no=12260'>Previous<\/a>\n\t<\/li>\n\n\n       \n    \n\n<li><a href='?page_no=1'>1<\/a><\/li>\n\n\n\n<li><a href='?page_no=2'>2<\/a><\/li>\n\n\n\n<li><a>...<\/a><\/li>\n\n\n\n<li><a href='?page_no=12259'>12259<\/a><\/li>\n\n\n\n<li><a href='?page_no=12260'>12260<\/a><\/li>\n\n\n\n<li class='active'><a>12261<\/a><\/li>\n\n\n\n<li><a href='?page_no=12262'>12262<\/a><\/li>\n\n\n\n<li><a href='?page_no=12263'>12263<\/a><\/li>\n\n\n\n<li><a>...<\/a><\/li>\n\n\n\n<li><a href='?page_no=56169'>56169<\/a><\/li>\n\n\n\n<li><a href='?page_no=56170'>56170<\/a><\/li>\n\n    \n\t\n\n<li >\n\t<a href='?page_no=12262'>Next<\/a>\n\t<\/li>\n\n\n    \n\n<li><a href='?page_no=56170'>Last &rsaquo;&rsaquo;<\/a><\/li>\n\n<\/ul>\n\n\n--><br \/>\n<\/body><\/p>\n","protected":false},"excerpt":{"rendered":"<p>Santo Domingo, R. D., 10 de agosto.- Farmacia Carol desarrolla en este mes de agosto su tradicional campa\u00f1a de prevenci\u00f3n y conciencia sobre la condici\u00f3n de la diabetes en Rep\u00fablica Dominicana, \u00abUnidos por la Diabetes\u00bb, que este a\u00f1o hace \u00e9nfasis en la condici\u00f3n de \u00abpie diab\u00e9tico\u00bb que muchas veces termina en una amputaci\u00f3n. Como parte [&hellip;]<\/p>\n","protected":false},"author":3,"featured_media":0,"comment_status":"open","ping_status":"open","sticky":false,"template":"","format":"standard","meta":{"footnotes":""},"categories":[20],"tags":[],"class_list":["post-217773","post","type-post","status-publish","format-standard","hentry","category-dominicana-hoy"],"_links":{"self":[{"href":"https:\/\/diariodominicano.com\/index.php?rest_route=\/wp\/v2\/posts\/217773","targetHints":{"allow":["GET"]}}],"collection":[{"href":"https:\/\/diariodominicano.com\/index.php?rest_route=\/wp\/v2\/posts"}],"about":[{"href":"https:\/\/diariodominicano.com\/index.php?rest_route=\/wp\/v2\/types\/post"}],"author":[{"embeddable":true,"href":"https:\/\/diariodominicano.com\/index.php?rest_route=\/wp\/v2\/users\/3"}],"replies":[{"embeddable":true,"href":"https:\/\/diariodominicano.com\/index.php?rest_route=%2Fwp%2Fv2%2Fcomments&post=217773"}],"version-history":[{"count":0,"href":"https:\/\/diariodominicano.com\/index.php?rest_route=\/wp\/v2\/posts\/217773\/revisions"}],"wp:attachment":[{"href":"https:\/\/diariodominicano.com\/index.php?rest_route=%2Fwp%2Fv2%2Fmedia&parent=217773"}],"wp:term":[{"taxonomy":"category","embeddable":true,"href":"https:\/\/diariodominicano.com\/index.php?rest_route=%2Fwp%2Fv2%2Fcategories&post=217773"},{"taxonomy":"post_tag","embeddable":true,"href":"https:\/\/diariodominicano.com\/index.php?rest_route=%2Fwp%2Fv2%2Ftags&post=217773"}],"curies":[{"name":"wp","href":"https:\/\/api.w.org\/{rel}","templated":true}]}}