{"id":217772,"date":"2016-08-10T15:40:08","date_gmt":"2016-08-10T15:40:08","guid":{"rendered":"http:\/\/diariodominicano.ddns.net\/?p=217772"},"modified":"2016-08-10T15:40:08","modified_gmt":"2016-08-10T15:40:08","slug":"congreso-nacional-esta-preparado-para-juramentacion-danilo-medina-y-margarita-cedeno","status":"publish","type":"post","link":"https:\/\/diariodominicano.com\/?p=217772","title":{"rendered":"&#13;Congreso Nacional est\u00e1 preparado para Juramentaci\u00f3n Danilo Medina y Margarita Cede\u00f1o"},"content":{"rendered":"<p><body><\/p>\n<p><img decoding=\"async\" src=\"img3\/cristina.jpg\" \/><br \/><img decoding=\"async\" src=\"img3\/vidrios2.jpg\" \/>  <\/p>\n<\/p>\n<p><strong>Santo Domingo, RD, 10 de agosto.-<\/strong> La presidenta del Senado, Cristina Lizardo Mezquita, inform\u00f3 que est\u00e1 todo listo para los actos de  toma de posesi\u00f3n  del licenciado Danilo Medina S\u00e1nchez, como Presidente de la Rep\u00fablica y la doctora Margarita Cede\u00f1o de Fern\u00e1ndez, como Vicepresidenta.<\/p>\n<\/p>\n<p>Al encabezar una reuni\u00f3n con los encargados de los departamentos del Congreso Nacional que tienen responsabilidad directa en el montaje de los actos; Lizardo Mezquita, afirm\u00f3 que \u00abestamos preparados, tenemos toda la log\u00edstica preparada para que sea un acto lucido  dentro del marco del protocolo presidencial  y de Estado, ya que vienen muchos jefes de estado\u00bb<\/p>\n<\/p>\n<p>Nueve jefes de Estado y de Gobierno, varios primeros  ministros, delegaciones oficiales de pa\u00edses y organismos internacionales han confirmado su asistencia a la toma de posesi\u00f3n.<\/p>\n<\/p>\n<p>Entre los presidentes que estar\u00e1n presentes en la solemne ceremonia figuran; Rafael Correa, de Ecuador; Juan Carlos Valera, de Panam\u00e1, as\u00ed como los primeros ministros de Jamaica, Antigua y Bermuda,  y el de San Mart\u00edn.<\/p>\n<\/p>\n<p>Tambi\u00e9n ha confirmado su asistencia, el Rey Em\u00e9rito de Espa\u00f1a; Juan Carlos l.<\/p>\n<\/p>\n<p>La presidenta del Senado, indic\u00f3 que no hay un s\u00f3lo detalle que no haya sido evaluado para los actos de  toma de posesi\u00f3n  del licenciado Danilo Medina S\u00e1nchez como Presidente de la Rep\u00fablica y la doctora Margarita Cede\u00f1o de Fern\u00e1ndez, como Vicepresidenta, acto solemne pautado para las 10:00 de ma\u00f1ana del pr\u00f3ximo martes 16 de agosto.<\/p>\n<\/p>\n<p>Agreg\u00f3 que previo a la toma de posesi\u00f3n del mandatario, ambas c\u00e1maras legislativas juramentaran a sus bufetes directivos para el periodo 2016-2017.<\/p>\n<\/p>\n<p>Los departamentos de Prensa, Inform\u00e1tica y Seguridad  del Senado, agilizan el proceso de acreditaci\u00f3n del personal de los diferentes medios de prensa que cubrir\u00e1n los actos solemnes de este 16 de agosto.<\/p>\n<\/p>\n<p>Un total de setenta y siete (77) medios, ya se han acreditado, entre estos, ocho(8) internacionales.<\/p>\n<\/p>\n<p>Prestigiosas agencias de prensa  como; CNN en espa\u00f1ol, Francesa de Prensa(AFP) Telemundo, Reuters y Univisi\u00f3n entre otras estar\u00e1n dando cobertura a la toma de posesi\u00f3n del presidente Danilo Medina y Margarita Cede\u00f1o de Fern\u00e1ndez.<\/p>\n<h6> 2016-08-10 15:40:08 <\/h6>\n<p><!--\n<link rel=\"stylesheet\" href=\"css\/bootstrap.min.css\">\n\n\n<ul class=\"pagination\">\n\t    \n\t\n\n<li >\n\t<a href='?page_no=12259'>Previous<\/a>\n\t<\/li>\n\n\n       \n    \n\n<li><a href='?page_no=1'>1<\/a><\/li>\n\n\n\n<li><a href='?page_no=2'>2<\/a><\/li>\n\n\n\n<li><a>...<\/a><\/li>\n\n\n\n<li><a href='?page_no=12258'>12258<\/a><\/li>\n\n\n\n<li><a href='?page_no=12259'>12259<\/a><\/li>\n\n\n\n<li class='active'><a>12260<\/a><\/li>\n\n\n\n<li><a href='?page_no=12261'>12261<\/a><\/li>\n\n\n\n<li><a href='?page_no=12262'>12262<\/a><\/li>\n\n\n\n<li><a>...<\/a><\/li>\n\n\n\n<li><a href='?page_no=56169'>56169<\/a><\/li>\n\n\n\n<li><a href='?page_no=56170'>56170<\/a><\/li>\n\n    \n\t\n\n<li >\n\t<a href='?page_no=12261'>Next<\/a>\n\t<\/li>\n\n\n    \n\n<li><a href='?page_no=56170'>Last &rsaquo;&rsaquo;<\/a><\/li>\n\n<\/ul>\n\n\n--><br \/>\n<\/body><\/p>\n","protected":false},"excerpt":{"rendered":"<p>Santo Domingo, RD, 10 de agosto.- La presidenta del Senado, Cristina Lizardo Mezquita, inform\u00f3 que est\u00e1 todo listo para los actos de toma de posesi\u00f3n del licenciado Danilo Medina S\u00e1nchez, como Presidente de la Rep\u00fablica y la doctora Margarita Cede\u00f1o de Fern\u00e1ndez, como Vicepresidenta. Al encabezar una reuni\u00f3n con los encargados de los departamentos del [&hellip;]<\/p>\n","protected":false},"author":3,"featured_media":0,"comment_status":"open","ping_status":"open","sticky":false,"template":"","format":"standard","meta":{"footnotes":""},"categories":[20],"tags":[],"class_list":["post-217772","post","type-post","status-publish","format-standard","hentry","category-dominicana-hoy"],"_links":{"self":[{"href":"https:\/\/diariodominicano.com\/index.php?rest_route=\/wp\/v2\/posts\/217772","targetHints":{"allow":["GET"]}}],"collection":[{"href":"https:\/\/diariodominicano.com\/index.php?rest_route=\/wp\/v2\/posts"}],"about":[{"href":"https:\/\/diariodominicano.com\/index.php?rest_route=\/wp\/v2\/types\/post"}],"author":[{"embeddable":true,"href":"https:\/\/diariodominicano.com\/index.php?rest_route=\/wp\/v2\/users\/3"}],"replies":[{"embeddable":true,"href":"https:\/\/diariodominicano.com\/index.php?rest_route=%2Fwp%2Fv2%2Fcomments&post=217772"}],"version-history":[{"count":0,"href":"https:\/\/diariodominicano.com\/index.php?rest_route=\/wp\/v2\/posts\/217772\/revisions"}],"wp:attachment":[{"href":"https:\/\/diariodominicano.com\/index.php?rest_route=%2Fwp%2Fv2%2Fmedia&parent=217772"}],"wp:term":[{"taxonomy":"category","embeddable":true,"href":"https:\/\/diariodominicano.com\/index.php?rest_route=%2Fwp%2Fv2%2Fcategories&post=217772"},{"taxonomy":"post_tag","embeddable":true,"href":"https:\/\/diariodominicano.com\/index.php?rest_route=%2Fwp%2Fv2%2Ftags&post=217772"}],"curies":[{"name":"wp","href":"https:\/\/api.w.org\/{rel}","templated":true}]}}