{"id":217769,"date":"2016-08-11T10:47:57","date_gmt":"2016-08-11T10:47:57","guid":{"rendered":"http:\/\/diariodominicano.ddns.net\/?p=217769"},"modified":"2016-08-11T10:47:57","modified_gmt":"2016-08-11T10:47:57","slug":"gabriel-del-rio-rechaza-la-privatizacion-de-las-playas","status":"publish","type":"post","link":"https:\/\/diariodominicano.com\/?p=217769","title":{"rendered":"Gabriel del Rio rechaza la privatizaci\u00f3n de  las playas"},"content":{"rendered":"<p><body><\/p>\n<p><img decoding=\"async\" src=\"img3\/playa 11-8.jpg\" \/>  <\/p>\n<p><span class=\"text1noticias\">Santo Domingo, R. D., 11 de agosto.- El secretario general de la Confederaci\u00f3n Aut\u00f3noma Sindical Clasista-CASC-, Gabriel del Rio Do\u00f1e, rechazo el proyecto de Ley que busca prohibir el acceso de los dominicanos a las diferentes playas del pa\u00eds.<\/span><\/p>\n<p><span class=\"text1noticias\">         <\/span><\/p>\n<p><span class=\"text1noticias\">Del Rio Do\u00f1e, afirm\u00f3 que bajo ning\u00fan concepto se les puede prohibir a los dominicanos el derecho de a participar y disfrutar libremente en las playas que Dios no ha dado, junto a nuestros familiares.<\/span><\/p>\n<p><span class=\"text1noticias\">         <\/span><\/p>\n<p><span class=\"text1noticias\">Dijo que no tiene sentido que a un turista se le de todas las benevolencia posible y que los dominicanos no podamos asistir a nuestras playas, porque los diputados y senadores quienes deben velar por el Libre Acceso a los balnearios, porque al parecer recibieron dadivas de algunos inversionistas extranjeros.<\/span><\/p>\n<p><span class=\"text1noticias\">          <\/span><\/p>\n<p><span class=\"text1noticias\">El dirigente sindical, critic\u00f3 el proyecto de Ley de Libre Acceso a las playas sometido ante la C\u00e1mara de Diputados y el Senado por los legisladores F\u00e9lix Nova Paulino y Jos\u00e9 Rafael Pantale\u00f3n es violatorio.<\/span><\/p>\n<p><span class=\"text1noticias\">         <\/span><\/p>\n<p><span class=\"text1noticias\">Gabriel del R\u00edo Do\u00f1e, afirm\u00f3 que pueden existir  playas privadas, pero la ley dominicana establece que no hay playas privadas, todas las playas son propiedad del estado y el estado que nos representa a todos los dominicanos, por lo tanto  tiene que prevalecer el derecho que tenemos de participar en nuestras playas.<\/span><\/p>\n<p><span class=\"text1noticias\"> <\/span><\/p>\n<h6> 2016-08-11 10:47:57 <\/h6>\n<p><!--\n<link rel=\"stylesheet\" href=\"css\/bootstrap.min.css\">\n\n\n<ul class=\"pagination\">\n\t    \n\t\n\n<li >\n\t<a href='?page_no=12257'>Previous<\/a>\n\t<\/li>\n\n\n       \n    \n\n<li><a href='?page_no=1'>1<\/a><\/li>\n\n\n\n<li><a href='?page_no=2'>2<\/a><\/li>\n\n\n\n<li><a>...<\/a><\/li>\n\n\n\n<li><a href='?page_no=12256'>12256<\/a><\/li>\n\n\n\n<li><a href='?page_no=12257'>12257<\/a><\/li>\n\n\n\n<li class='active'><a>12258<\/a><\/li>\n\n\n\n<li><a href='?page_no=12259'>12259<\/a><\/li>\n\n\n\n<li><a href='?page_no=12260'>12260<\/a><\/li>\n\n\n\n<li><a>...<\/a><\/li>\n\n\n\n<li><a href='?page_no=56169'>56169<\/a><\/li>\n\n\n\n<li><a href='?page_no=56170'>56170<\/a><\/li>\n\n    \n\t\n\n<li >\n\t<a href='?page_no=12259'>Next<\/a>\n\t<\/li>\n\n\n    \n\n<li><a href='?page_no=56170'>Last &rsaquo;&rsaquo;<\/a><\/li>\n\n<\/ul>\n\n\n--><br \/>\n<\/body><\/p>\n","protected":false},"excerpt":{"rendered":"<p>Santo Domingo, R. D., 11 de agosto.- El secretario general de la Confederaci\u00f3n Aut\u00f3noma Sindical Clasista-CASC-, Gabriel del Rio Do\u00f1e, rechazo el proyecto de Ley que busca prohibir el acceso de los dominicanos a las diferentes playas del pa\u00eds. Del Rio Do\u00f1e, afirm\u00f3 que bajo ning\u00fan concepto se les puede prohibir a los dominicanos el [&hellip;]<\/p>\n","protected":false},"author":3,"featured_media":0,"comment_status":"open","ping_status":"open","sticky":false,"template":"","format":"standard","meta":{"footnotes":""},"categories":[20],"tags":[],"class_list":["post-217769","post","type-post","status-publish","format-standard","hentry","category-dominicana-hoy"],"_links":{"self":[{"href":"https:\/\/diariodominicano.com\/index.php?rest_route=\/wp\/v2\/posts\/217769","targetHints":{"allow":["GET"]}}],"collection":[{"href":"https:\/\/diariodominicano.com\/index.php?rest_route=\/wp\/v2\/posts"}],"about":[{"href":"https:\/\/diariodominicano.com\/index.php?rest_route=\/wp\/v2\/types\/post"}],"author":[{"embeddable":true,"href":"https:\/\/diariodominicano.com\/index.php?rest_route=\/wp\/v2\/users\/3"}],"replies":[{"embeddable":true,"href":"https:\/\/diariodominicano.com\/index.php?rest_route=%2Fwp%2Fv2%2Fcomments&post=217769"}],"version-history":[{"count":0,"href":"https:\/\/diariodominicano.com\/index.php?rest_route=\/wp\/v2\/posts\/217769\/revisions"}],"wp:attachment":[{"href":"https:\/\/diariodominicano.com\/index.php?rest_route=%2Fwp%2Fv2%2Fmedia&parent=217769"}],"wp:term":[{"taxonomy":"category","embeddable":true,"href":"https:\/\/diariodominicano.com\/index.php?rest_route=%2Fwp%2Fv2%2Fcategories&post=217769"},{"taxonomy":"post_tag","embeddable":true,"href":"https:\/\/diariodominicano.com\/index.php?rest_route=%2Fwp%2Fv2%2Ftags&post=217769"}],"curies":[{"name":"wp","href":"https:\/\/api.w.org\/{rel}","templated":true}]}}