{"id":217766,"date":"2016-08-11T15:49:13","date_gmt":"2016-08-11T15:49:13","guid":{"rendered":"http:\/\/diariodominicano.ddns.net\/?p=217766"},"modified":"2016-08-11T15:49:13","modified_gmt":"2016-08-11T15:49:13","slug":"evo-morales-y-nicolas-maduro-estaran-en-juramentacion-del-presidente-medina","status":"publish","type":"post","link":"https:\/\/diariodominicano.com\/?p=217766","title":{"rendered":"&#13;Evo Morales y Nicol\u00e1s Maduro estar\u00e1n en juramentaci\u00f3n del Presidente Medina"},"content":{"rendered":"<p><body><\/p>\n<p><img decoding=\"async\" src=\"img3\/danilo.jpg\" \/>  <\/p>\n<\/p>\n<\/p>\n<p><span class=\"text1noticias\">Santo Domingo, RD, 11 de agosto. &#8211; El rey em\u00e9rito de Espa\u00f1a y los Jefes de Estado y Gobierno de Ecuador, Panam\u00e1, Honduras, Guatemala, Hait\u00ed, Venezuela, Bolivia, Jamaica, Antigua y Barbuda, San Martin y Curazao han confirmado su asistencia a los actos de juramentaci\u00f3n presidencial del presidente Danilo Medina y la vicepresidenta Margarita Cede\u00f1o de Fern\u00e1ndez para el per\u00edodo 2016-2020, en ceremonia solemne a celebrarse el pr\u00f3ximo 16 de agosto en el sal\u00f3n de la asamblea del Congreso Nacional.<\/span><\/p>\n<\/p>\n<p><span class=\"text1noticias\">Adem\u00e1s del monarca em\u00e9rito espa\u00f1ol, Juan Carlos I, estar\u00e1n presentes los Presidentes Rafael Correa, de Ecuador; Nicol\u00e1s Maduro, de Venezuela; Evo Morales, de Bolivia; Juan Carlos Varela, de Panam\u00e1; Jimmy Morales Cabrera, de Guatemala; Juan Orlando Hern\u00e1ndez, de Honduras y Jocelerme Privert, de Hait\u00ed; as\u00ed como los primeros ministros Andrew Holness, de Jamaica; Gaston Browne, de Antigua y Barbuda; Ben Whiteman, de Curazao y Williams Marlin, de San Martin.<\/span><\/p>\n<\/p>\n<p><span class=\"text1noticias\">Igualmente, los vicepresidentes Chen Chien-Jen, de la Rep\u00fablica de China-Taiw\u00e1n; Salvador Valdez Mesa, de Cuba; Ana Helena Chac\u00f3n Echeverr\u00eda, de Costa Rica; Mois\u00e9s Omar Calleslevens Acevedo, de Nicaragua, y Gabriela Micheti, de Argentina.<\/span><\/p>\n<p><span class=\"text1noticias\">En los actos, que se iniciar\u00e1n a las 9:00 de la ma\u00f1ana con motivo del segundo mandato constitucional de Medina, estar\u00e1n igualmente presentes, el canciller Hugo Mart\u00ednez, de El Salvador; el ministro de Trabajo de Estados Unidos, Thomas P\u00e9rez; el vicepresidente del Grupo Parlamentario de Amistad Dom\u00ednico-Japon\u00e9s, Seigo Kitamura, y el subsecretario general de Am\u00e9rica del Sur, Central y el Caribe, Paulo Estivallet de Mesquita, as\u00ed como los embajadores Carlos Tirado, de M\u00e9xico; Konstantin Zhigalov, de Kazakist\u00e1n; Hungu Oh, de Corea;  Pak Chang Yull, de la Rep\u00fablica Democr\u00e1tica de Corea. Carlos Tirado Savala, de M\u00e9xico, y Vladimir Zaemskiv, de Rusia.<\/span><\/p>\n<\/p>\n<p><span class=\"text1noticias\">Asimismo, los embajadores Ra\u00fal Pollak, de Uruguay; Sabine Blooch, de Alemania; Christopher John Campbell, de Gran Breta\u00f1a; Aydin Evirgen, de Turqu\u00eda; Frank E. Raineiri de la Soberana Orden de Malta; Khamis Al Sahouti, de Qatar; Line Le\u00f3n Pernet, de Suiza; Bader Mohammad E. Alawadi, embajador de Kuwait en Cuba; Vuavat Isarabhakdi, de Tailandia; David Engel, embajador de Australia en M\u00e9xico; Abel Cohelho de Mendonca, de Guinea Bisau en Cuba; Vijayalakshmy Sunderrajan, encargado de Negocios de la embajada de La India; Dorota Kobierowska, encargada de Negocios de lLivio Spadavecchia, encargado de Negocios para Am\u00e9rica Latina de la embajada de Italia, entre otras personalidades.<\/span><\/p>\n<\/p>\n<p><span class=\"text1noticias\">El Ministerio de Relaciones Exteriores explic\u00f3 en una nota de prensa que, otros asistentes a los actos, estar\u00e1n presentes Flora Mart\u00ednez, representante en el pa\u00eds del Banco Interamericano de Desarrollo (BID): William Vigil, representante del Programa Mundial de Alimentos; Hugo Bette, director subregional de la Comisi\u00f3n Econ\u00f3mica para Am\u00e9rica Latina (CEPAL); McDonald Benjam\u00edn, representante en el pa\u00eds del Banco Mundial (BM), la se\u00f1ora Rosa Mar\u00eda, del Fondo de las Naciones Unidas para la Ni\u00f1ez (UNICEF), y Carmelo Gallardo, representante del Fondo de las Naciones Unidas para la Agricultura y la Alimentaci\u00f3n (FAO).<\/span><\/p>\n<p><span class=\"text1noticias\">Los invitados a la ceremonia de juramentaci\u00f3n, incluyendo jefes de misiones, tambi\u00e9n participar\u00e1n de una cena que ofrecer\u00e1 el gobernante dominicano el lunes 15 de agosto a las 7:30 de la noche, en el Sal\u00f3n Las Cari\u00e1tides del Palacio Nacional.<\/span><\/p>\n<h6> 2016-08-11 15:49:13 <\/h6>\n<p><!--\n<link rel=\"stylesheet\" href=\"css\/bootstrap.min.css\">\n\n\n<ul class=\"pagination\">\n\t    \n\t\n\n<li >\n\t<a href='?page_no=12254'>Previous<\/a>\n\t<\/li>\n\n\n       \n    \n\n<li><a href='?page_no=1'>1<\/a><\/li>\n\n\n\n<li><a href='?page_no=2'>2<\/a><\/li>\n\n\n\n<li><a>...<\/a><\/li>\n\n\n\n<li><a href='?page_no=12253'>12253<\/a><\/li>\n\n\n\n<li><a href='?page_no=12254'>12254<\/a><\/li>\n\n\n\n<li class='active'><a>12255<\/a><\/li>\n\n\n\n<li><a href='?page_no=12256'>12256<\/a><\/li>\n\n\n\n<li><a href='?page_no=12257'>12257<\/a><\/li>\n\n\n\n<li><a>...<\/a><\/li>\n\n\n\n<li><a href='?page_no=56169'>56169<\/a><\/li>\n\n\n\n<li><a href='?page_no=56170'>56170<\/a><\/li>\n\n    \n\t\n\n<li >\n\t<a href='?page_no=12256'>Next<\/a>\n\t<\/li>\n\n\n    \n\n<li><a href='?page_no=56170'>Last &rsaquo;&rsaquo;<\/a><\/li>\n\n<\/ul>\n\n\n--><br \/>\n<\/body><\/p>\n","protected":false},"excerpt":{"rendered":"<p>Santo Domingo, RD, 11 de agosto. &#8211; El rey em\u00e9rito de Espa\u00f1a y los Jefes de Estado y Gobierno de Ecuador, Panam\u00e1, Honduras, Guatemala, Hait\u00ed, Venezuela, Bolivia, Jamaica, Antigua y Barbuda, San Martin y Curazao han confirmado su asistencia a los actos de juramentaci\u00f3n presidencial del presidente Danilo Medina y la vicepresidenta Margarita Cede\u00f1o de [&hellip;]<\/p>\n","protected":false},"author":3,"featured_media":0,"comment_status":"open","ping_status":"open","sticky":false,"template":"","format":"standard","meta":{"footnotes":""},"categories":[20],"tags":[],"class_list":["post-217766","post","type-post","status-publish","format-standard","hentry","category-dominicana-hoy"],"_links":{"self":[{"href":"https:\/\/diariodominicano.com\/index.php?rest_route=\/wp\/v2\/posts\/217766","targetHints":{"allow":["GET"]}}],"collection":[{"href":"https:\/\/diariodominicano.com\/index.php?rest_route=\/wp\/v2\/posts"}],"about":[{"href":"https:\/\/diariodominicano.com\/index.php?rest_route=\/wp\/v2\/types\/post"}],"author":[{"embeddable":true,"href":"https:\/\/diariodominicano.com\/index.php?rest_route=\/wp\/v2\/users\/3"}],"replies":[{"embeddable":true,"href":"https:\/\/diariodominicano.com\/index.php?rest_route=%2Fwp%2Fv2%2Fcomments&post=217766"}],"version-history":[{"count":0,"href":"https:\/\/diariodominicano.com\/index.php?rest_route=\/wp\/v2\/posts\/217766\/revisions"}],"wp:attachment":[{"href":"https:\/\/diariodominicano.com\/index.php?rest_route=%2Fwp%2Fv2%2Fmedia&parent=217766"}],"wp:term":[{"taxonomy":"category","embeddable":true,"href":"https:\/\/diariodominicano.com\/index.php?rest_route=%2Fwp%2Fv2%2Fcategories&post=217766"},{"taxonomy":"post_tag","embeddable":true,"href":"https:\/\/diariodominicano.com\/index.php?rest_route=%2Fwp%2Fv2%2Ftags&post=217766"}],"curies":[{"name":"wp","href":"https:\/\/api.w.org\/{rel}","templated":true}]}}